{"id":18754,"date":"2012-06-01T09:47:10","date_gmt":"2012-06-01T13:47:10","guid":{"rendered":"http:\/\/www.eltrabajo.cl\/portal\/?p=18754"},"modified":"2012-06-01T09:47:10","modified_gmt":"2012-06-01T13:47:10","slug":"con-varias-actividades-liceo-roberto-humeres-celebrara-174-anos","status":"publish","type":"post","link":"https:\/\/eltrabajo.cl\/portal\/con-varias-actividades-liceo-roberto-humeres-celebrara-174-anos\/","title":{"rendered":"Con varias actividades Liceo Roberto Humeres celebrar\u00e1 174 a\u00f1os"},"content":{"rendered":"<figure id=\"attachment_18755\" aria-describedby=\"caption-attachment-18755\" style=\"width: 600px\" class=\"wp-caption alignnone\"><a href=\"http:\/\/www.eltrabajo.cl\/portal\/2012\/06\/con-varias-actividades-liceo-roberto-humeres-celebrara-174-anos\/aniversario-roberto-humeres-1\/\" rel=\"attachment wp-att-18755\"><img data-recalc-dims=\"1\" loading=\"lazy\" decoding=\"async\" class=\"size-full wp-image-18755\" title=\"aniversario roberto humeres (1)\" src=\"https:\/\/i0.wp.com\/www.eltrabajo.cl\/portal\/wp-content\/uploads\/2012\/06\/aniversario-roberto-humeres-1.jpg?resize=600%2C450\" alt=\"\" width=\"600\" height=\"450\" srcset=\"https:\/\/i0.wp.com\/eltrabajo.cl\/portal\/wp-content\/uploads\/2012\/06\/aniversario-roberto-humeres-1.jpg?w=600&amp;ssl=1 600w, https:\/\/i0.wp.com\/eltrabajo.cl\/portal\/wp-content\/uploads\/2012\/06\/aniversario-roberto-humeres-1.jpg?resize=200%2C150&amp;ssl=1 200w, https:\/\/i0.wp.com\/eltrabajo.cl\/portal\/wp-content\/uploads\/2012\/06\/aniversario-roberto-humeres-1.jpg?resize=300%2C225&amp;ssl=1 300w, https:\/\/i0.wp.com\/eltrabajo.cl\/portal\/wp-content\/uploads\/2012\/06\/aniversario-roberto-humeres-1.jpg?resize=150%2C112&amp;ssl=1 150w, https:\/\/i0.wp.com\/eltrabajo.cl\/portal\/wp-content\/uploads\/2012\/06\/aniversario-roberto-humeres-1.jpg?resize=400%2C300&amp;ssl=1 400w\" sizes=\"auto, (max-width: 600px) 100vw, 600px\" \/><\/a><figcaption id=\"caption-attachment-18755\" class=\"wp-caption-text\">La Directora, Graciela Farias, acompa\u00f1ada de ex alumnos del liceo dieron a conocer las actividades que se realizar\u00e1n este a\u00f1o para el aniversario del establecimiento.<\/figcaption><\/figure>\n<p>Ciento setenta y cuatro a\u00f1os cumple el Liceo Roberto Humeres de San Felipe y como es tradicional, tanto los directivos del establecimiento como sus exalumnos han organizado una serie de actividades para conmemorar la fecha.<\/p>\n<p>Las actividades comienzan el pr\u00f3ximo 5 de junio, d\u00eda que se realizar\u00e1 el acto central de actividades en el establecimiento educacional, con la presencia de las autoridades de la provincia.<\/p>\n<p>La celebraci\u00f3n contin\u00faa con las actividades organizadas por los exalumnos, las que se realizar\u00e1n el viernes 9 de junio y que comienza a las 10 de la ma\u00f1ana.<\/p>\n<p>\u201cEs una fiesta tradicional para ellos, por lo que tiene una gran importancia, porque en esta ceremonia celebramos el egreso de aquellos alumnos que han cumplido 50 a\u00f1os de egresados del establecimiento\u201d, se\u00f1al\u00f3 la directora Gabriela Far\u00edas.<\/p>\n<p>Pero la participaci\u00f3n de los ex alumnos no se limita s\u00f3lo a ese d\u00eda, ya que se han organizado hace unos tres a\u00f1os para reunir fondos con el objetivo de restaurar, mantener y hermosear el aula magna.<\/p>\n<p>Seg\u00fan se\u00f1al\u00f3 la directora, durante estos d\u00edas adem\u00e1s al interior del establecimiento se realizar\u00e1n varias actividades extraprogram\u00e1ticas, culturales, deportivas y art\u00edsticas.<\/p>\n<p>\u201cEn el aspecto cultural tenemos competencias internas de conocimiento de nuestro establecimiento, en el aspecto de cuidado del patrimonio cultural tenemos actividades de hermoseamiento del establecimiento con la plantaci\u00f3n de 70 unidades de \u00e1rboles en el interior para dar importancia al medio ambiente\u201d.<\/p>\n<p>El presidente de los ex alumnos, Pedro Herrera, se\u00f1al\u00f3 que desde hace muchos a\u00f1os que esta agrupaci\u00f3n instauraron una serie de actividades.<\/p>\n<p>Las actividades parten a las 10 de la ma\u00f1ana en el liceo, donde se realizar\u00e1 una ceremonia protocolar.<\/p>\n<p>Posteriormente se realizar\u00e1 un desfile en la plaza de armas y luego los participantes regresan al establecimiento a un almuerzo de camarader\u00eda.<\/p>\n<p>\u201cAlmuerzo de convivencia, almuerzo que a veces se prolongan hasta las 8 de la noche, porque encontrarnos en nuestro querido liceo, que ya no es el mismo en el cual estudiamos, cuando estudi\u00e9 sal\u00edamos de las Humanidades y se daba el Bachillerato, ahora no, es otra cosa moderna, actual\u201d.<\/p>\n<p>Herrera invit\u00f3 a todos los liceanos a participar en la actividad el 9 de junio, ya que todos los a\u00f1os permite estrechar lazos entre los ex alumnos de este tradicional liceo.<\/p>\n","protected":false},"excerpt":{"rendered":"<p>Ciento setenta y cuatro a\u00f1os cumple el Liceo Roberto Humeres de San Felipe y como es tradicional, tanto los directivos del establecimiento como sus exalumnos han organizado una serie de actividades para&#8230;<\/p>\n","protected":false},"author":482,"featured_media":18755,"comment_status":"open","ping_status":"closed","sticky":false,"template":"","format":"standard","meta":{"advanced_seo_description":"","jetpack_seo_html_title":"","jetpack_seo_noindex":false,"_jetpack_memberships_contains_paid_content":false,"footnotes":""},"categories":[15],"tags":[],"class_list":["post-18754","post","type-post","status-publish","format-standard","has-post-thumbnail","hentry","category-comunidad"],"jetpack_featured_media_url":"https:\/\/i0.wp.com\/eltrabajo.cl\/portal\/wp-content\/uploads\/2012\/06\/aniversario-roberto-humeres-1.jpg?fit=600%2C450&ssl=1","jetpack_sharing_enabled":true,"jetpack_likes_enabled":true,"jetpack-related-posts":[],"_links":{"self":[{"href":"https:\/\/eltrabajo.cl\/portal\/wp-json\/wp\/v2\/posts\/18754","targetHints":{"allow":["GET"]}}],"collection":[{"href":"https:\/\/eltrabajo.cl\/portal\/wp-json\/wp\/v2\/posts"}],"about":[{"href":"https:\/\/eltrabajo.cl\/portal\/wp-json\/wp\/v2\/types\/post"}],"author":[{"embeddable":true,"href":"https:\/\/eltrabajo.cl\/portal\/wp-json\/wp\/v2\/users\/482"}],"replies":[{"embeddable":true,"href":"https:\/\/eltrabajo.cl\/portal\/wp-json\/wp\/v2\/comments?post=18754"}],"version-history":[{"count":0,"href":"https:\/\/eltrabajo.cl\/portal\/wp-json\/wp\/v2\/posts\/18754\/revisions"}],"wp:featuredmedia":[{"embeddable":true,"href":"https:\/\/eltrabajo.cl\/portal\/wp-json\/wp\/v2\/media\/18755"}],"wp:attachment":[{"href":"https:\/\/eltrabajo.cl\/portal\/wp-json\/wp\/v2\/media?parent=18754"}],"wp:term":[{"taxonomy":"category","embeddable":true,"href":"https:\/\/eltrabajo.cl\/portal\/wp-json\/wp\/v2\/categories?post=18754"},{"taxonomy":"post_tag","embeddable":true,"href":"https:\/\/eltrabajo.cl\/portal\/wp-json\/wp\/v2\/tags?post=18754"}],"curies":[{"name":"wp","href":"https:\/\/api.w.org\/{rel}","templated":true}]}}