{"id":18758,"date":"2012-06-01T09:48:26","date_gmt":"2012-06-01T13:48:26","guid":{"rendered":"http:\/\/www.eltrabajo.cl\/portal\/?p=18758"},"modified":"2012-06-01T09:48:26","modified_gmt":"2012-06-01T13:48:26","slug":"alcalde-llamo-a-vecinos-a-anticiparse-y-evaluar-condiciones-de-sus-viviendas","status":"publish","type":"post","link":"https:\/\/eltrabajo.cl\/portal\/alcalde-llamo-a-vecinos-a-anticiparse-y-evaluar-condiciones-de-sus-viviendas\/","title":{"rendered":"Alcalde llam\u00f3 a vecinos a anticiparse y evaluar condiciones de sus viviendas"},"content":{"rendered":"<figure id=\"attachment_18759\" aria-describedby=\"caption-attachment-18759\" style=\"width: 300px\" class=\"wp-caption alignleft\"><a href=\"http:\/\/www.eltrabajo.cl\/portal\/2012\/06\/alcalde-llamo-a-vecinos-a-anticiparse-y-evaluar-condiciones-de-sus-viviendas\/alcalde-amar-y-claudio-diaz\/\" rel=\"attachment wp-att-18759\"><img data-recalc-dims=\"1\" loading=\"lazy\" decoding=\"async\" class=\"size-medium wp-image-18759\" title=\"alcalde amar y claudio diaz\" src=\"https:\/\/i0.wp.com\/www.eltrabajo.cl\/portal\/wp-content\/uploads\/2012\/06\/alcalde-amar-y-claudio-diaz-300x225.jpg?resize=300%2C225\" alt=\"\" width=\"300\" height=\"225\" srcset=\"https:\/\/i0.wp.com\/eltrabajo.cl\/portal\/wp-content\/uploads\/2012\/06\/alcalde-amar-y-claudio-diaz.jpg?resize=300%2C225&amp;ssl=1 300w, https:\/\/i0.wp.com\/eltrabajo.cl\/portal\/wp-content\/uploads\/2012\/06\/alcalde-amar-y-claudio-diaz.jpg?resize=200%2C150&amp;ssl=1 200w, https:\/\/i0.wp.com\/eltrabajo.cl\/portal\/wp-content\/uploads\/2012\/06\/alcalde-amar-y-claudio-diaz.jpg?resize=150%2C112&amp;ssl=1 150w, https:\/\/i0.wp.com\/eltrabajo.cl\/portal\/wp-content\/uploads\/2012\/06\/alcalde-amar-y-claudio-diaz.jpg?resize=400%2C300&amp;ssl=1 400w, https:\/\/i0.wp.com\/eltrabajo.cl\/portal\/wp-content\/uploads\/2012\/06\/alcalde-amar-y-claudio-diaz.jpg?w=600&amp;ssl=1 600w\" sizes=\"auto, (max-width: 300px) 100vw, 300px\" \/><\/a><figcaption id=\"caption-attachment-18759\" class=\"wp-caption-text\">El Alcalde Jaime Amar realiz\u00f3 evaluaci\u00f3n de las acciones realizadas durante la emergencia del fin de semana y llam\u00f3 a la comunidad a solucionar los problemas que afectan a sus viviendas antes de que lleguen m\u00e1s sistemas frontales.<\/figcaption><\/figure>\n<ul>\n<li><strong>La idea es evitar la ocurrencia de nuevas situaciones de emergencia en la comuna por sucesivos sistemas frontales que lleguen a la zona.<\/strong><\/li>\n<\/ul>\n<p>Este jueves el Alcalde Jaime Amar entreg\u00f3 una evaluaci\u00f3n del trabajo que la Municipalidad de San Felipe realiz\u00f3 frente al sistema frontal que afect\u00f3 a la zona el fin de semana pasado.<\/p>\n<p>Es as\u00ed como el s\u00e1bado, alrededor de las 17 horas, los equipos municipales asumieron las situaciones de emergencia y a trav\u00e9s del jefe de emergencia, Claudio D\u00edaz, se comenzaron a organizar las acciones.<\/p>\n<p>M\u00e1s tarde, alrededor de las 19 horas, se reuni\u00f3 el equipo comunal de emergencia, donde se hizo un balance de la situaci\u00f3n que se presentaba a ese minuto, donde se hab\u00edan hecho algunas acciones concretas para mantener en marcha a la comuna.<\/p>\n<p>\u201cEn el centro de la ciudad, en las alamedas donde ten\u00edamos \u00e1rboles ca\u00eddos y una situaci\u00f3n de riesgo para las personas, los equipos municipales operamos pr\u00e1cticamente desde las 5 de la tarde del s\u00e1bado y hasta altas horas de la noche del d\u00eda domingo. Tuvimos gente anegada alrededor de las 4 de la ma\u00f1ana, las cuales fueron intervenidas por los equipos municipales\u201d.<\/p>\n<p>Ese fin de semana se registraron cortes de sem\u00e1foros y situaciones de riesgo espec\u00edficamente en algunas viviendas de la comuna.<\/p>\n<p>El d\u00eda lunes los equipos salieron a revisar cada uno de los sectores de la comuna, los que estaban formados por un profesional del \u00e1rea social y otro de la Direcci\u00f3n de Obras Municipales.<\/p>\n<p>Durante estos d\u00edas adem\u00e1s se pudo obtener la informaci\u00f3n respecto de la realidad de los edificios de departamentos de la villa Departamental, el que establece cuales son los problemas de los departamentos y los materiales necesarios.<\/p>\n<p>\u201cNosotros desarrollamos ayer (mi\u00e9rcoles) todo el plan de compra de los materiales que est\u00e1n siendo entregados hoy d\u00eda (jueves) o a m\u00e1s tardar ma\u00f1ana (hoy) por parte de la ferreter\u00eda. Tambi\u00e9n estamos esperando que nos lleguen los materiales que el d\u00eda de hoy (ayer) estar\u00edan llegando y tambi\u00e9n frente a esta situaci\u00f3n hemos contratado una empresa externa, quien va a desarrollar los trabajos de soluci\u00f3n de los departamentos en el sector de Algarrobal y Nueva Algarrobal y de otros sectores, es decir el municipio est\u00e1 asumiendo los costos que significan los materiales y la mano de obra y queremos, en lo posible, de aqu\u00ed al fin de semana puedan estar resueltos estos temas\u201d.<\/p>\n<p>La iniciativa tiene un costo de 10 millones de pesos aproximadamente, que ser\u00e1 asumida por el municipio, lo que implica materiales y mano de obra.<\/p>\n<p>Frente a esta situaci\u00f3n el Alcalde le pipi\u00f3 a la comunidad que debe tener solucionados sus problemas, sobre todo ante este tipo de hechos de la naturaleza, ya que, seg\u00fan dijo, no puede ser el municipio el que tenga que solucionarlos despu\u00e9s de ocurridos los hechos.<\/p>\n<p>\u201cAqu\u00ed expreso una de las graves situaciones por los APR que no tienen equipos electr\u00f3genos, m\u00e1s a\u00fan Chilquinta esta es la segunda ocasi\u00f3n que manifiesta instalar grupos electr\u00f3genos en cada uno de los APR y que sean cancelados en un plazo prudente de 12 \u00f3 24 meses, porque eso involucr\u00f3 que los camiones aljibes municipales, desde el d\u00eda lunes hasta el d\u00eda de ayer (mi\u00e9rcoles) tuvieran que andar en sectores\u201d, dijo Amar.<\/p>\n<p>Ante esta situaci\u00f3n, el jefe comunal dijo que se tuvo que distribuir agua en distintos sectores de la comuna y operaron dos o tres d\u00edas repartiendo agua.<\/p>\n<p>\u201cSe ha conversado con ellos, esto viene desde el 27 de febrero el tema de los equipos electr\u00f3genos, aqu\u00ed se necesitan tambi\u00e9n no solamente aporte del Estado pero tambi\u00e9n un aporte de los privados que tienen que resolver estos temas\u201d.<\/p>\n<p>Adem\u00e1s el Director de Obras Municipales, Claudio D\u00edaz, dijo que hay acciones que el municipio no va a cubrir, como son por ejemplo la voladura de cobertizos que no tienen ingerencia en la seguridad de la vivienda misma y proteger la zona seca.<\/p>\n","protected":false},"excerpt":{"rendered":"<p>La idea es evitar la ocurrencia de nuevas situaciones de emergencia en la comuna por sucesivos sistemas frontales que lleguen a la zona. Este jueves el Alcalde Jaime Amar entreg\u00f3 una evaluaci\u00f3n&#8230;<\/p>\n","protected":false},"author":482,"featured_media":18759,"comment_status":"open","ping_status":"closed","sticky":false,"template":"","format":"standard","meta":{"advanced_seo_description":"","jetpack_seo_html_title":"","jetpack_seo_noindex":false,"_jetpack_memberships_contains_paid_content":false,"footnotes":""},"categories":[1],"tags":[],"class_list":["post-18758","post","type-post","status-publish","format-standard","has-post-thumbnail","hentry","category-cronica"],"jetpack_featured_media_url":"https:\/\/i0.wp.com\/eltrabajo.cl\/portal\/wp-content\/uploads\/2012\/06\/alcalde-amar-y-claudio-diaz.jpg?fit=600%2C450&ssl=1","jetpack_sharing_enabled":true,"jetpack_likes_enabled":true,"jetpack-related-posts":[],"_links":{"self":[{"href":"https:\/\/eltrabajo.cl\/portal\/wp-json\/wp\/v2\/posts\/18758","targetHints":{"allow":["GET"]}}],"collection":[{"href":"https:\/\/eltrabajo.cl\/portal\/wp-json\/wp\/v2\/posts"}],"about":[{"href":"https:\/\/eltrabajo.cl\/portal\/wp-json\/wp\/v2\/types\/post"}],"author":[{"embeddable":true,"href":"https:\/\/eltrabajo.cl\/portal\/wp-json\/wp\/v2\/users\/482"}],"replies":[{"embeddable":true,"href":"https:\/\/eltrabajo.cl\/portal\/wp-json\/wp\/v2\/comments?post=18758"}],"version-history":[{"count":0,"href":"https:\/\/eltrabajo.cl\/portal\/wp-json\/wp\/v2\/posts\/18758\/revisions"}],"wp:featuredmedia":[{"embeddable":true,"href":"https:\/\/eltrabajo.cl\/portal\/wp-json\/wp\/v2\/media\/18759"}],"wp:attachment":[{"href":"https:\/\/eltrabajo.cl\/portal\/wp-json\/wp\/v2\/media?parent=18758"}],"wp:term":[{"taxonomy":"category","embeddable":true,"href":"https:\/\/eltrabajo.cl\/portal\/wp-json\/wp\/v2\/categories?post=18758"},{"taxonomy":"post_tag","embeddable":true,"href":"https:\/\/eltrabajo.cl\/portal\/wp-json\/wp\/v2\/tags?post=18758"}],"curies":[{"name":"wp","href":"https:\/\/api.w.org\/{rel}","templated":true}]}}