{"id":18762,"date":"2012-06-01T09:49:41","date_gmt":"2012-06-01T13:49:41","guid":{"rendered":"http:\/\/www.eltrabajo.cl\/portal\/?p=18762"},"modified":"2012-06-01T09:49:41","modified_gmt":"2012-06-01T13:49:41","slug":"cardiologos-de-toda-la-region-se-reunen-hoy-en-san-felipe","status":"publish","type":"post","link":"https:\/\/eltrabajo.cl\/portal\/cardiologos-de-toda-la-region-se-reunen-hoy-en-san-felipe\/","title":{"rendered":"Cardi\u00f3logos de toda la regi\u00f3n se re\u00fanen hoy en San Felipe"},"content":{"rendered":"<figure id=\"attachment_18763\" aria-describedby=\"caption-attachment-18763\" style=\"width: 300px\" class=\"wp-caption alignleft\"><a href=\"http:\/\/www.eltrabajo.cl\/portal\/2012\/06\/cardiologos-de-toda-la-region-se-reunen-hoy-en-san-felipe\/dr-luis-foncea-izquierda\/\" rel=\"attachment wp-att-18763\"><img data-recalc-dims=\"1\" loading=\"lazy\" decoding=\"async\" class=\"size-medium wp-image-18763\" title=\"Dr. Luis Foncea (izquierda)\" src=\"https:\/\/i0.wp.com\/www.eltrabajo.cl\/portal\/wp-content\/uploads\/2012\/06\/Dr.-Luis-Foncea-izquierda-300x254.jpg?resize=300%2C254\" alt=\"\" width=\"300\" height=\"254\" srcset=\"https:\/\/i0.wp.com\/eltrabajo.cl\/portal\/wp-content\/uploads\/2012\/06\/Dr.-Luis-Foncea-izquierda.jpg?resize=300%2C254&amp;ssl=1 300w, https:\/\/i0.wp.com\/eltrabajo.cl\/portal\/wp-content\/uploads\/2012\/06\/Dr.-Luis-Foncea-izquierda.jpg?resize=176%2C150&amp;ssl=1 176w, https:\/\/i0.wp.com\/eltrabajo.cl\/portal\/wp-content\/uploads\/2012\/06\/Dr.-Luis-Foncea-izquierda.jpg?resize=150%2C127&amp;ssl=1 150w, https:\/\/i0.wp.com\/eltrabajo.cl\/portal\/wp-content\/uploads\/2012\/06\/Dr.-Luis-Foncea-izquierda.jpg?resize=400%2C339&amp;ssl=1 400w, https:\/\/i0.wp.com\/eltrabajo.cl\/portal\/wp-content\/uploads\/2012\/06\/Dr.-Luis-Foncea-izquierda.jpg?w=600&amp;ssl=1 600w\" sizes=\"auto, (max-width: 300px) 100vw, 300px\" \/><\/a><figcaption id=\"caption-attachment-18763\" class=\"wp-caption-text\">Dr. Luis Foncea, Jefe de Medicina y organizador del evento.<\/figcaption><\/figure>\n<ul>\n<li><strong>Curso instruido por el Hospital San Camilo y la Universidad de Valpara\u00edso tendr\u00e1 como expositores a los mejores especialistas a nivel nacional y permitir\u00e1 aumentar los conocimientos y la calidad de los m\u00e9dicos de nuestros hospitales para atender de mejor manera a toda la poblaci\u00f3n<\/strong><\/li>\n<\/ul>\n<p>Hoy viernes 1 de junio se dar\u00e1n cita en el Auditorio de la Universidad de Valpara\u00edso sede San Felipe, algunos de los mejores representantes de la especialidad de cardiolog\u00eda tanto de Santiago como de la V Regi\u00f3n, en el curso de actualizaci\u00f3n en el manejo de las patolog\u00edas cardiovasculares que se realiza en San Felipe.<\/p>\n<p>El curso permitir\u00e1 congregar en la ciudad a numerosos cardi\u00f3logos, internistas, cirujanos, m\u00e9dicos generales y estudiantes de Medicina, quienes tendr\u00e1n la oportunidad de aumentar sus conocimientos y actualizarse en urgencias cardiol\u00f3gicas, junto con la detecci\u00f3n y manejo de la Insuficiencia Cardiaca Cr\u00f3nica, lo que representa una excelente oportunidad para los m\u00e9dicos de la zona de aumentar los conocimientos en esta importante materia y as\u00ed otorgar una atenci\u00f3n m\u00e1s completa a los usuarios, considerando que m\u00e1s del 10% de las consultas en Urgencia son de este tipo.<\/p>\n<p>\u201cEsta posibilidad es \u00fanica ya que contaremos con m\u00e9dicos de prestigio nacional que impartir\u00e1n las charlas, por lo que tanto la Universidad como el Hospital San Camilo estamos muy orgullosos de organizar este curso que finalmente repercute en que los mismos m\u00e9dicos que atienden a la mayor\u00eda de la poblaci\u00f3n del Valle estar\u00e1n m\u00e1s capacitados en esta \u00e1rea, lo que potencia la calidad de nuestra salud y de nuestros hospitales\u201d, asegur\u00f3 el Dr. Luis Foncea, Cardi\u00f3logo del Hospital San Camilo y Director del curso.<\/p>\n<p>Cabe destacar que m\u00e1s del 40% de las hospitalizaciones del servicio de Medicina del Hospital San Camilo son por enfermedades cardiovasculares, siendo los accidentes cerebrovasculares y las patolog\u00edas cardiacas las principales causas en los adultos.<\/p>\n","protected":false},"excerpt":{"rendered":"<p>Curso instruido por el Hospital San Camilo y la Universidad de Valpara\u00edso tendr\u00e1 como expositores a los mejores especialistas a nivel nacional y permitir\u00e1 aumentar los conocimientos y la calidad de los&#8230;<\/p>\n","protected":false},"author":482,"featured_media":18763,"comment_status":"open","ping_status":"closed","sticky":false,"template":"","format":"standard","meta":{"advanced_seo_description":"","jetpack_seo_html_title":"","jetpack_seo_noindex":false,"_jetpack_memberships_contains_paid_content":false,"footnotes":""},"categories":[1],"tags":[],"class_list":["post-18762","post","type-post","status-publish","format-standard","has-post-thumbnail","hentry","category-cronica"],"jetpack_featured_media_url":"https:\/\/i0.wp.com\/eltrabajo.cl\/portal\/wp-content\/uploads\/2012\/06\/Dr.-Luis-Foncea-izquierda.jpg?fit=600%2C509&ssl=1","jetpack_sharing_enabled":true,"jetpack_likes_enabled":true,"jetpack-related-posts":[],"_links":{"self":[{"href":"https:\/\/eltrabajo.cl\/portal\/wp-json\/wp\/v2\/posts\/18762","targetHints":{"allow":["GET"]}}],"collection":[{"href":"https:\/\/eltrabajo.cl\/portal\/wp-json\/wp\/v2\/posts"}],"about":[{"href":"https:\/\/eltrabajo.cl\/portal\/wp-json\/wp\/v2\/types\/post"}],"author":[{"embeddable":true,"href":"https:\/\/eltrabajo.cl\/portal\/wp-json\/wp\/v2\/users\/482"}],"replies":[{"embeddable":true,"href":"https:\/\/eltrabajo.cl\/portal\/wp-json\/wp\/v2\/comments?post=18762"}],"version-history":[{"count":0,"href":"https:\/\/eltrabajo.cl\/portal\/wp-json\/wp\/v2\/posts\/18762\/revisions"}],"wp:featuredmedia":[{"embeddable":true,"href":"https:\/\/eltrabajo.cl\/portal\/wp-json\/wp\/v2\/media\/18763"}],"wp:attachment":[{"href":"https:\/\/eltrabajo.cl\/portal\/wp-json\/wp\/v2\/media?parent=18762"}],"wp:term":[{"taxonomy":"category","embeddable":true,"href":"https:\/\/eltrabajo.cl\/portal\/wp-json\/wp\/v2\/categories?post=18762"},{"taxonomy":"post_tag","embeddable":true,"href":"https:\/\/eltrabajo.cl\/portal\/wp-json\/wp\/v2\/tags?post=18762"}],"curies":[{"name":"wp","href":"https:\/\/api.w.org\/{rel}","templated":true}]}}