{"id":18766,"date":"2012-06-01T09:51:04","date_gmt":"2012-06-01T13:51:04","guid":{"rendered":"http:\/\/www.eltrabajo.cl\/portal\/?p=18766"},"modified":"2012-06-01T09:51:05","modified_gmt":"2012-06-01T13:51:05","slug":"critican-a-receptor-judicial-por-realizar-embargo-teniendo-pagadas-sus-cuentas","status":"publish","type":"post","link":"https:\/\/eltrabajo.cl\/portal\/critican-a-receptor-judicial-por-realizar-embargo-teniendo-pagadas-sus-cuentas\/","title":{"rendered":"Critican a receptor judicial por realizar embargo teniendo pagadas sus cuentas"},"content":{"rendered":"<figure id=\"attachment_18767\" aria-describedby=\"caption-attachment-18767\" style=\"width: 300px\" class=\"wp-caption alignleft\"><a href=\"http:\/\/www.eltrabajo.cl\/portal\/2012\/06\/critican-a-receptor-judicial-por-realizar-embargo-teniendo-pagadas-sus-cuentas\/isabel-vargas-1\/\" rel=\"attachment wp-att-18767\"><img data-recalc-dims=\"1\" loading=\"lazy\" decoding=\"async\" class=\"size-medium wp-image-18767\" title=\"isabel vargas (1)\" src=\"https:\/\/i0.wp.com\/www.eltrabajo.cl\/portal\/wp-content\/uploads\/2012\/06\/isabel-vargas-1-300x225.jpg?resize=300%2C225\" alt=\"\" width=\"300\" height=\"225\" srcset=\"https:\/\/i0.wp.com\/eltrabajo.cl\/portal\/wp-content\/uploads\/2012\/06\/isabel-vargas-1.jpg?resize=300%2C225&amp;ssl=1 300w, https:\/\/i0.wp.com\/eltrabajo.cl\/portal\/wp-content\/uploads\/2012\/06\/isabel-vargas-1.jpg?resize=200%2C150&amp;ssl=1 200w, https:\/\/i0.wp.com\/eltrabajo.cl\/portal\/wp-content\/uploads\/2012\/06\/isabel-vargas-1.jpg?resize=150%2C112&amp;ssl=1 150w, https:\/\/i0.wp.com\/eltrabajo.cl\/portal\/wp-content\/uploads\/2012\/06\/isabel-vargas-1.jpg?resize=400%2C300&amp;ssl=1 400w, https:\/\/i0.wp.com\/eltrabajo.cl\/portal\/wp-content\/uploads\/2012\/06\/isabel-vargas-1.jpg?w=600&amp;ssl=1 600w\" sizes=\"auto, (max-width: 300px) 100vw, 300px\" \/><\/a><figcaption id=\"caption-attachment-18767\" class=\"wp-caption-text\">Isabel Vargas critic\u00f3 la labor del receptor judicial, a quien calific\u00f3 de prepotente.<\/figcaption><\/figure>\n<p>Isabel Vargas lleva alrededor de 17 a\u00f1os pagando su casa obtenida a trav\u00e9s de un cr\u00e9dito hipotecario. Hace algunos meses, por distintos motivos, se atras\u00f3 en el pago de los dividendos.<\/p>\n<p>Haciendo un esfuerzo, tal como ha hecho todos estos a\u00f1os, y gracias a una postulaci\u00f3n que hizo al programa de familias vulnerables, pudo dejar su situaci\u00f3n al d\u00eda. Seg\u00fan se\u00f1ala, arregl\u00f3 el atraso en las cuotas y ahora sigue pagando su casa, y se encuentra totalmente al d\u00eda.<\/p>\n<p>Sin embargo el hecho de haberse atrasado, signific\u00f3 que su caso fuera derivado a un estudio jur\u00eddico y en el mes de febrero de este a\u00f1o, cuando Isabel se\u00f1ala que ya ten\u00eda su deuda al d\u00eda, un receptor identificado como Rufino Lara habr\u00eda llegado a su domicilio con una orden de embargo.<\/p>\n<p>\u201cLe mostr\u00e9 los documentos que yo ten\u00eda pagados, que ten\u00eda las reprogramaciones, y me dijo que era un problema del Banco. Fue tanto que tuvimos una discusi\u00f3n entre \u00e9l y yo y le dije que no lo iba a dejar entrar porque yo ten\u00eda cancelado. Carabineros inclusive llam\u00f3 y pidi\u00f3 el furg\u00f3n para llevarme detenida porque no estaba cumpliendo, sino iban a descerrajar la casa, porque ya ven\u00eda la orden con descerrajar para hacer el embargo\u201d, se\u00f1ala Isabel.<\/p>\n<p>Sin embargo, en esa oportunidad, esta afectada dice que la secretaria que acompa\u00f1aba al Receptor Judicial se comunica por tel\u00e9fono, donde al parecer le dicen que la deuda estaba pagada y que el procedimiento no se deb\u00eda realizar.<\/p>\n<p>Al escuchar esa informaci\u00f3n, el Receptor abandon\u00f3 el domicilio, sin entregar ninguna explicaci\u00f3n de la situaci\u00f3n, dejando a Isabel muy preocupada y alterada por el momento vivido.<\/p>\n<p>Al d\u00eda siguiente Isabel se dirigi\u00f3 al Banco Estado para saber cu\u00e1l era su situaci\u00f3n, donde le explicaron que la informaci\u00f3n del pago del cr\u00e9dito ya hab\u00eda sido cursada al estudio jur\u00eddico que llevaba el caso, por lo que no deber\u00eda realizarse un embargo de sus pertenencias.<\/p>\n<p>No obstante lo anterior, por razones que ignora ya que no volvi\u00f3 a atrasarse en el pago de su deuda, el pasado mi\u00e9rcoles 16 de mayo el mismo receptor judicial regres\u00f3 acompa\u00f1ado nuevamente con la fuerza p\u00fablica a cumplir una vez m\u00e1s con la orden de embargo, \u201ccon orden de descerrajar y todo el asunto\u201d, sostiene Isabel.<\/p>\n<p>La afectada dijo que nuevamente le entreg\u00f3 la misma explicaci\u00f3n que la vez anterior y le mostr\u00f3 los recibos que le entregaron al pagar la cuota del mes de mayo, que fue pagada el 27 de abril pasado.<\/p>\n<p>\u201cPero no entend\u00eda explicaciones, y que era un problema del Banco, que era el Banco y que yo ten\u00eda que llamar; es muy prepotente, yo lo entiendo, est\u00e1 cumpliendo con su trabajo, pero hay maneras y maneras, yo llevo una semana reci\u00e9n operada, y lo que significa la rabia, eso no se lo devuelve a uno nadie\u201d, manifiesta Isabel.<\/p>\n<p>Esta mujer ha tenido que ir varias veces al Banco para tratar de solucionar la situaci\u00f3n, en circunstancias que los documentos acreditan que ella tiene sus cuentas al d\u00eda, entidad donde le explicaron que el problema se generar\u00eda entre el estudio jur\u00eddico y el receptor judicial.<\/p>\n<p>Adem\u00e1s Isabel dijo que pidi\u00f3 el documento donde se establece que se debe hacer el embargo, pero ni en el Juzgado ni el receptor judicial se lo entregaron, incluso la afectada dice que en la oficina de Lara la expulsaron de las dependencias.<\/p>\n<p>Adem\u00e1s Isabel sostiene que no ser\u00eda la \u00fanica afectada y que sabe de varios casos en que existen personas en la misma situaci\u00f3n.<\/p>\n<p>Diario El Trabajo intent\u00f3 comunicarse en reiteradas oportunidades con el receptor judicial, desde el viernes de la semana pasada, pero en su oficina argumentaron una y otra vez que se encontraba realizando trabajo en terreno.<\/p>\n","protected":false},"excerpt":{"rendered":"<p>Isabel Vargas lleva alrededor de 17 a\u00f1os pagando su casa obtenida a trav\u00e9s de un cr\u00e9dito hipotecario. Hace algunos meses, por distintos motivos, se atras\u00f3 en el pago de los dividendos. Haciendo&#8230;<\/p>\n","protected":false},"author":482,"featured_media":18767,"comment_status":"open","ping_status":"closed","sticky":false,"template":"","format":"standard","meta":{"advanced_seo_description":"","jetpack_seo_html_title":"","jetpack_seo_noindex":false,"_jetpack_memberships_contains_paid_content":false,"footnotes":""},"categories":[15],"tags":[],"class_list":["post-18766","post","type-post","status-publish","format-standard","has-post-thumbnail","hentry","category-comunidad"],"jetpack_featured_media_url":"https:\/\/i0.wp.com\/eltrabajo.cl\/portal\/wp-content\/uploads\/2012\/06\/isabel-vargas-1.jpg?fit=600%2C451&ssl=1","jetpack_sharing_enabled":true,"jetpack_likes_enabled":true,"jetpack-related-posts":[],"_links":{"self":[{"href":"https:\/\/eltrabajo.cl\/portal\/wp-json\/wp\/v2\/posts\/18766","targetHints":{"allow":["GET"]}}],"collection":[{"href":"https:\/\/eltrabajo.cl\/portal\/wp-json\/wp\/v2\/posts"}],"about":[{"href":"https:\/\/eltrabajo.cl\/portal\/wp-json\/wp\/v2\/types\/post"}],"author":[{"embeddable":true,"href":"https:\/\/eltrabajo.cl\/portal\/wp-json\/wp\/v2\/users\/482"}],"replies":[{"embeddable":true,"href":"https:\/\/eltrabajo.cl\/portal\/wp-json\/wp\/v2\/comments?post=18766"}],"version-history":[{"count":0,"href":"https:\/\/eltrabajo.cl\/portal\/wp-json\/wp\/v2\/posts\/18766\/revisions"}],"wp:featuredmedia":[{"embeddable":true,"href":"https:\/\/eltrabajo.cl\/portal\/wp-json\/wp\/v2\/media\/18767"}],"wp:attachment":[{"href":"https:\/\/eltrabajo.cl\/portal\/wp-json\/wp\/v2\/media?parent=18766"}],"wp:term":[{"taxonomy":"category","embeddable":true,"href":"https:\/\/eltrabajo.cl\/portal\/wp-json\/wp\/v2\/categories?post=18766"},{"taxonomy":"post_tag","embeddable":true,"href":"https:\/\/eltrabajo.cl\/portal\/wp-json\/wp\/v2\/tags?post=18766"}],"curies":[{"name":"wp","href":"https:\/\/api.w.org\/{rel}","templated":true}]}}