{"id":18770,"date":"2012-06-01T09:55:13","date_gmt":"2012-06-01T13:55:13","guid":{"rendered":"http:\/\/www.eltrabajo.cl\/portal\/?p=18770"},"modified":"2012-06-01T09:55:13","modified_gmt":"2012-06-01T13:55:13","slug":"vecinos-esperan-ansiosos-entrega-bandejon-central-de-poblacion-san-felipe","status":"publish","type":"post","link":"https:\/\/eltrabajo.cl\/portal\/vecinos-esperan-ansiosos-entrega-bandejon-central-de-poblacion-san-felipe\/","title":{"rendered":"Vecinos esperan ansiosos entrega bandej\u00f3n central de poblaci\u00f3n San Felipe"},"content":{"rendered":"<figure id=\"attachment_18771\" aria-describedby=\"caption-attachment-18771\" style=\"width: 600px\" class=\"wp-caption alignnone\"><a href=\"http:\/\/www.eltrabajo.cl\/portal\/2012\/06\/vecinos-esperan-ansiosos-entrega-bandejon-central-de-poblacion-san-felipe\/maquinas-de-ejercicio-1\/\" rel=\"attachment wp-att-18771\"><img data-recalc-dims=\"1\" loading=\"lazy\" decoding=\"async\" class=\"size-full wp-image-18771\" title=\"maquinas de ejercicio (1)\" src=\"https:\/\/i0.wp.com\/www.eltrabajo.cl\/portal\/wp-content\/uploads\/2012\/06\/maquinas-de-ejercicio-1.jpg?resize=600%2C450\" alt=\"\" width=\"600\" height=\"450\" srcset=\"https:\/\/i0.wp.com\/eltrabajo.cl\/portal\/wp-content\/uploads\/2012\/06\/maquinas-de-ejercicio-1.jpg?w=600&amp;ssl=1 600w, https:\/\/i0.wp.com\/eltrabajo.cl\/portal\/wp-content\/uploads\/2012\/06\/maquinas-de-ejercicio-1.jpg?resize=200%2C150&amp;ssl=1 200w, https:\/\/i0.wp.com\/eltrabajo.cl\/portal\/wp-content\/uploads\/2012\/06\/maquinas-de-ejercicio-1.jpg?resize=300%2C225&amp;ssl=1 300w, https:\/\/i0.wp.com\/eltrabajo.cl\/portal\/wp-content\/uploads\/2012\/06\/maquinas-de-ejercicio-1.jpg?resize=150%2C112&amp;ssl=1 150w, https:\/\/i0.wp.com\/eltrabajo.cl\/portal\/wp-content\/uploads\/2012\/06\/maquinas-de-ejercicio-1.jpg?resize=400%2C300&amp;ssl=1 400w\" sizes=\"auto, (max-width: 600px) 100vw, 600px\" \/><\/a><figcaption id=\"caption-attachment-18771\" class=\"wp-caption-text\">Gestionadas por el Consejero Regional Iv\u00e1n Reyes, los vecinos de este sector tambi\u00e9n cuentan con m\u00e1quinas de ejercicios, las que son utilizadas por los vecinos de todas las edades.<\/figcaption><\/figure>\n<p>Con una inversi\u00f3n de 30 millones de pesos, que lleg\u00f3 desde el Fondo de Inversi\u00f3n de Seguridad P\u00fablica del Ministerio del Interior, se est\u00e1n ejecutando las obras de mejoramiento del bandej\u00f3n central de la poblaci\u00f3n San Felipe, las que tienen como objetivo recuperar la plaza que por muchos a\u00f1os se mantuvo sin ser intervenida.<\/p>\n<p>Los trabajos se encuentran en la etapa final, por lo que a la fecha ya fueron instaladas las m\u00e1quinas de ejercicio, que fueron gestionadas por el Consejero Regional Iv\u00e1n Reyes, las luminarias ornamentales, los sectores de estacionamiento y las \u00e1reas verdes.<\/p>\n<figure id=\"attachment_18772\" aria-describedby=\"caption-attachment-18772\" style=\"width: 210px\" class=\"wp-caption alignright\"><a href=\"http:\/\/www.eltrabajo.cl\/portal\/2012\/06\/vecinos-esperan-ansiosos-entrega-bandejon-central-de-poblacion-san-felipe\/roberto-saez-presidente-jv-sanfelipe\/\" rel=\"attachment wp-att-18772\"><img data-recalc-dims=\"1\" loading=\"lazy\" decoding=\"async\" class=\"size-medium wp-image-18772 \" title=\"roberto saez presidente jv sanfelipe\" src=\"https:\/\/i0.wp.com\/www.eltrabajo.cl\/portal\/wp-content\/uploads\/2012\/06\/roberto-saez-presidente-jv-sanfelipe-300x237.jpg?resize=210%2C166\" alt=\"\" width=\"210\" height=\"166\" srcset=\"https:\/\/i0.wp.com\/eltrabajo.cl\/portal\/wp-content\/uploads\/2012\/06\/roberto-saez-presidente-jv-sanfelipe.jpg?resize=300%2C237&amp;ssl=1 300w, https:\/\/i0.wp.com\/eltrabajo.cl\/portal\/wp-content\/uploads\/2012\/06\/roberto-saez-presidente-jv-sanfelipe.jpg?resize=189%2C150&amp;ssl=1 189w, https:\/\/i0.wp.com\/eltrabajo.cl\/portal\/wp-content\/uploads\/2012\/06\/roberto-saez-presidente-jv-sanfelipe.jpg?resize=150%2C118&amp;ssl=1 150w, https:\/\/i0.wp.com\/eltrabajo.cl\/portal\/wp-content\/uploads\/2012\/06\/roberto-saez-presidente-jv-sanfelipe.jpg?resize=400%2C316&amp;ssl=1 400w, https:\/\/i0.wp.com\/eltrabajo.cl\/portal\/wp-content\/uploads\/2012\/06\/roberto-saez-presidente-jv-sanfelipe.jpg?w=600&amp;ssl=1 600w\" sizes=\"auto, (max-width: 210px) 100vw, 210px\" \/><\/a><figcaption id=\"caption-attachment-18772\" class=\"wp-caption-text\">Roberto S\u00e1ez, presidente de la Junta de Vecinos de la Poblaci\u00f3n San Felipe, se mostr\u00f3 m\u00e1s que satisfecho con el cambio experimentado en el bandej\u00f3n.<\/figcaption><\/figure>\n<p>Por estos d\u00edas adem\u00e1s se est\u00e1 realizando la reinstalaci\u00f3n de los juegos infantiles que exist\u00edan, ya que la idea es que los ni\u00f1os y los vecinos vuelvan a ocupar estos sectores comunitarios y dejen de ser focos de inseguridad y posible delincuencia.<\/p>\n<p>Este es un proyecto que comenz\u00f3 a gestionarse en conjunto con los vecinos, ya que en sucesivas reuniones de trabajo, ellos se\u00f1alaron cuales eran las necesidades de la comunidad de este sector, las que fueron tomadas en cuenta por lo profesionales que llevaron adelante la iniciativa y se integraron en el proyecto final.<\/p>\n<p>Sin embargo a pesar de los avances, se trata de una iniciativa que est\u00e1 bastante atrasada en su entrega, ya que deber\u00eda haber sido entregada en el mes de diciembre pasado, pero la existencia de bastantes dificultades, como en el proceso de licitaci\u00f3n, se est\u00e1 terminando de ejecutar en estos d\u00edas y los vecinos est\u00e1n a la espera de su inauguraci\u00f3n.<\/p>\n<p>El Presidente de la Junta de Vecinos del sector, Roberto S\u00e1ez, destac\u00f3 los avances que presenta el proyecto y lo calific\u00f3 como un anhelo que tienen los vecinos que viven hace muchos a\u00f1os en este tradicional sector de San Felipe.<\/p>\n<p>\u201cHace m\u00e1s de 40 a\u00f1os que est\u00e1bamos esperando este arreglo y nos parece muy bien, porque ha mejorado en un 100% esto\u201d.<\/p>\n<p>El dirigente se\u00f1al\u00f3 adem\u00e1s que existe el compromiso de los vecinos que viven en los alrededores por cuidar la plaza, sobre todo porque con estos avances se sienten m\u00e1s seguros de transitar durante el d\u00eda y la noche por el lugar.<\/p>\n<p>\u201cNos sentimos m\u00e1s seguros, hay m\u00e1s iluminaci\u00f3n, est\u00e1 m\u00e1s claro y est\u00e1 m\u00e1s segura la poblaci\u00f3n\u201d.<\/p>\n","protected":false},"excerpt":{"rendered":"<p>Con una inversi\u00f3n de 30 millones de pesos, que lleg\u00f3 desde el Fondo de Inversi\u00f3n de Seguridad P\u00fablica del Ministerio del Interior, se est\u00e1n ejecutando las obras de mejoramiento del bandej\u00f3n central&#8230;<\/p>\n","protected":false},"author":482,"featured_media":18771,"comment_status":"open","ping_status":"closed","sticky":false,"template":"","format":"standard","meta":{"advanced_seo_description":"","jetpack_seo_html_title":"","jetpack_seo_noindex":false,"_jetpack_memberships_contains_paid_content":false,"footnotes":""},"categories":[15],"tags":[],"class_list":["post-18770","post","type-post","status-publish","format-standard","has-post-thumbnail","hentry","category-comunidad"],"jetpack_featured_media_url":"https:\/\/i0.wp.com\/eltrabajo.cl\/portal\/wp-content\/uploads\/2012\/06\/maquinas-de-ejercicio-1.jpg?fit=600%2C450&ssl=1","jetpack_sharing_enabled":true,"jetpack_likes_enabled":true,"jetpack-related-posts":[],"_links":{"self":[{"href":"https:\/\/eltrabajo.cl\/portal\/wp-json\/wp\/v2\/posts\/18770","targetHints":{"allow":["GET"]}}],"collection":[{"href":"https:\/\/eltrabajo.cl\/portal\/wp-json\/wp\/v2\/posts"}],"about":[{"href":"https:\/\/eltrabajo.cl\/portal\/wp-json\/wp\/v2\/types\/post"}],"author":[{"embeddable":true,"href":"https:\/\/eltrabajo.cl\/portal\/wp-json\/wp\/v2\/users\/482"}],"replies":[{"embeddable":true,"href":"https:\/\/eltrabajo.cl\/portal\/wp-json\/wp\/v2\/comments?post=18770"}],"version-history":[{"count":0,"href":"https:\/\/eltrabajo.cl\/portal\/wp-json\/wp\/v2\/posts\/18770\/revisions"}],"wp:featuredmedia":[{"embeddable":true,"href":"https:\/\/eltrabajo.cl\/portal\/wp-json\/wp\/v2\/media\/18771"}],"wp:attachment":[{"href":"https:\/\/eltrabajo.cl\/portal\/wp-json\/wp\/v2\/media?parent=18770"}],"wp:term":[{"taxonomy":"category","embeddable":true,"href":"https:\/\/eltrabajo.cl\/portal\/wp-json\/wp\/v2\/categories?post=18770"},{"taxonomy":"post_tag","embeddable":true,"href":"https:\/\/eltrabajo.cl\/portal\/wp-json\/wp\/v2\/tags?post=18770"}],"curies":[{"name":"wp","href":"https:\/\/api.w.org\/{rel}","templated":true}]}}