{"id":18775,"date":"2012-06-01T09:56:32","date_gmt":"2012-06-01T13:56:32","guid":{"rendered":"http:\/\/www.eltrabajo.cl\/portal\/?p=18775"},"modified":"2012-06-01T09:56:32","modified_gmt":"2012-06-01T13:56:32","slug":"joven-catemino-se-encuentra-desaparecido-desde-el-25-de-mayo","status":"publish","type":"post","link":"https:\/\/eltrabajo.cl\/portal\/joven-catemino-se-encuentra-desaparecido-desde-el-25-de-mayo\/","title":{"rendered":"Joven catemino se encuentra desaparecido desde el 25 de mayo"},"content":{"rendered":"<figure id=\"attachment_18776\" aria-describedby=\"caption-attachment-18776\" style=\"width: 300px\" class=\"wp-caption alignleft\"><a href=\"http:\/\/www.eltrabajo.cl\/portal\/2012\/06\/joven-catemino-se-encuentra-desaparecido-desde-el-25-de-mayo\/juan-pablo-valle-robles\/\" rel=\"attachment wp-att-18776\"><img data-recalc-dims=\"1\" loading=\"lazy\" decoding=\"async\" class=\"size-medium wp-image-18776\" title=\"Juan Pablo Valle Robles\" src=\"https:\/\/i0.wp.com\/www.eltrabajo.cl\/portal\/wp-content\/uploads\/2012\/06\/Juan-Pablo-Valle-Robles-300x273.jpg?resize=300%2C273\" alt=\"\" width=\"300\" height=\"273\" srcset=\"https:\/\/i0.wp.com\/eltrabajo.cl\/portal\/wp-content\/uploads\/2012\/06\/Juan-Pablo-Valle-Robles.jpg?resize=300%2C273&amp;ssl=1 300w, https:\/\/i0.wp.com\/eltrabajo.cl\/portal\/wp-content\/uploads\/2012\/06\/Juan-Pablo-Valle-Robles.jpg?resize=164%2C150&amp;ssl=1 164w, https:\/\/i0.wp.com\/eltrabajo.cl\/portal\/wp-content\/uploads\/2012\/06\/Juan-Pablo-Valle-Robles.jpg?resize=150%2C136&amp;ssl=1 150w, https:\/\/i0.wp.com\/eltrabajo.cl\/portal\/wp-content\/uploads\/2012\/06\/Juan-Pablo-Valle-Robles.jpg?resize=400%2C364&amp;ssl=1 400w, https:\/\/i0.wp.com\/eltrabajo.cl\/portal\/wp-content\/uploads\/2012\/06\/Juan-Pablo-Valle-Robles.jpg?w=600&amp;ssl=1 600w\" sizes=\"auto, (max-width: 300px) 100vw, 300px\" \/><\/a><figcaption id=\"caption-attachment-18776\" class=\"wp-caption-text\">Juan Pablo Valle Robles se encuentra desaparecido desde el pasado jueves 25 de mayo.<\/figcaption><\/figure>\n<p>Un desesperado llamado realizaron los padres de Juan Pablo Valle Robles, de 25 a\u00f1os de edad, joven catemino que desde el pasado jueves 25 de mayo desapareci\u00f3 de su hogar y hasta la fecha se ignora totalmente su paradero.<\/p>\n<p>Los hechos ocurrieron luego que \u00e9ste joven llegara desde su trabajo en el Servicentro Copec del sector El Array\u00e1n en Catemu, hasta su domicilio en el sector San Carlos Alto. Luego de ba\u00f1arse solicit\u00f3 a uno de sus hermanos que lo trasladara al paradero de micros ubicado en el centro de la comuna para dirigirse a la ciudad de San Felipe. Esa fue la \u00faltima vez que sus familiares supieron algo de \u00e9l.<\/p>\n<p>Los desesperados padres junto a la familia han buscado a Juan Pablo en diversos lugares, considerando la variada informaci\u00f3n que han recibido, sin tener hasta el momento resultados positivos. Adem\u00e1s denunciaron este hecho en la Tenencia de Carabineros de Catemu.<\/p>\n<p>La familia solicita si alguien tiene informaci\u00f3n respecto al paradero de este joven, comunicarse a los fonos m\u00f3viles 61837289 \u00f3 54493914 \u00f3 al fijo 034-632879.<\/p>\n<p>Los padres esperan con los brazos abiertos el retorno de su hijo.<\/p>\n","protected":false},"excerpt":{"rendered":"<p>Un desesperado llamado realizaron los padres de Juan Pablo Valle Robles, de 25 a\u00f1os de edad, joven catemino que desde el pasado jueves 25 de mayo desapareci\u00f3 de su hogar y hasta&#8230;<\/p>\n","protected":false},"author":482,"featured_media":18776,"comment_status":"open","ping_status":"closed","sticky":false,"template":"","format":"standard","meta":{"advanced_seo_description":"","jetpack_seo_html_title":"","jetpack_seo_noindex":false,"_jetpack_memberships_contains_paid_content":false,"footnotes":""},"categories":[1],"tags":[],"class_list":["post-18775","post","type-post","status-publish","format-standard","has-post-thumbnail","hentry","category-cronica"],"jetpack_featured_media_url":"https:\/\/i0.wp.com\/eltrabajo.cl\/portal\/wp-content\/uploads\/2012\/06\/Juan-Pablo-Valle-Robles.jpg?fit=600%2C546&ssl=1","jetpack_sharing_enabled":true,"jetpack_likes_enabled":true,"jetpack-related-posts":[],"_links":{"self":[{"href":"https:\/\/eltrabajo.cl\/portal\/wp-json\/wp\/v2\/posts\/18775","targetHints":{"allow":["GET"]}}],"collection":[{"href":"https:\/\/eltrabajo.cl\/portal\/wp-json\/wp\/v2\/posts"}],"about":[{"href":"https:\/\/eltrabajo.cl\/portal\/wp-json\/wp\/v2\/types\/post"}],"author":[{"embeddable":true,"href":"https:\/\/eltrabajo.cl\/portal\/wp-json\/wp\/v2\/users\/482"}],"replies":[{"embeddable":true,"href":"https:\/\/eltrabajo.cl\/portal\/wp-json\/wp\/v2\/comments?post=18775"}],"version-history":[{"count":0,"href":"https:\/\/eltrabajo.cl\/portal\/wp-json\/wp\/v2\/posts\/18775\/revisions"}],"wp:featuredmedia":[{"embeddable":true,"href":"https:\/\/eltrabajo.cl\/portal\/wp-json\/wp\/v2\/media\/18776"}],"wp:attachment":[{"href":"https:\/\/eltrabajo.cl\/portal\/wp-json\/wp\/v2\/media?parent=18775"}],"wp:term":[{"taxonomy":"category","embeddable":true,"href":"https:\/\/eltrabajo.cl\/portal\/wp-json\/wp\/v2\/categories?post=18775"},{"taxonomy":"post_tag","embeddable":true,"href":"https:\/\/eltrabajo.cl\/portal\/wp-json\/wp\/v2\/tags?post=18775"}],"curies":[{"name":"wp","href":"https:\/\/api.w.org\/{rel}","templated":true}]}}