{"id":18797,"date":"2012-06-04T09:56:15","date_gmt":"2012-06-04T13:56:15","guid":{"rendered":"http:\/\/www.eltrabajo.cl\/portal\/?p=18797"},"modified":"2012-06-04T09:56:15","modified_gmt":"2012-06-04T13:56:15","slug":"encuentran-sano-y-salvo-a-%e2%80%98desaparecido%e2%80%99-luego-que-su-foto-apareciera-en-diario-el-trabajo","status":"publish","type":"post","link":"https:\/\/eltrabajo.cl\/portal\/encuentran-sano-y-salvo-a-%e2%80%98desaparecido%e2%80%99-luego-que-su-foto-apareciera-en-diario-el-trabajo\/","title":{"rendered":"Encuentran sano y salvo a \u2018desaparecido\u2019 luego que su foto apareciera en Diario El Trabajo"},"content":{"rendered":"<figure id=\"attachment_18798\" aria-describedby=\"caption-attachment-18798\" style=\"width: 300px\" class=\"wp-caption alignleft\"><a href=\"http:\/\/www.eltrabajo.cl\/portal\/2012\/06\/encuentran-sano-y-salvo-a-%e2%80%98desaparecido%e2%80%99-luego-que-su-foto-apareciera-en-diario-el-trabajo\/juan-pablo-valle-robles-2\/\" rel=\"attachment wp-att-18798\"><img data-recalc-dims=\"1\" loading=\"lazy\" decoding=\"async\" class=\"size-medium wp-image-18798\" title=\"Juan Pablo Valle Robles\" src=\"https:\/\/i0.wp.com\/www.eltrabajo.cl\/portal\/wp-content\/uploads\/2012\/06\/Juan-Pablo-Valle-Robles1-300x273.jpg?resize=300%2C273\" alt=\"\" width=\"300\" height=\"273\" srcset=\"https:\/\/i0.wp.com\/eltrabajo.cl\/portal\/wp-content\/uploads\/2012\/06\/Juan-Pablo-Valle-Robles1.jpg?resize=300%2C273&amp;ssl=1 300w, https:\/\/i0.wp.com\/eltrabajo.cl\/portal\/wp-content\/uploads\/2012\/06\/Juan-Pablo-Valle-Robles1.jpg?resize=164%2C150&amp;ssl=1 164w, https:\/\/i0.wp.com\/eltrabajo.cl\/portal\/wp-content\/uploads\/2012\/06\/Juan-Pablo-Valle-Robles1.jpg?resize=150%2C136&amp;ssl=1 150w, https:\/\/i0.wp.com\/eltrabajo.cl\/portal\/wp-content\/uploads\/2012\/06\/Juan-Pablo-Valle-Robles1.jpg?resize=400%2C364&amp;ssl=1 400w, https:\/\/i0.wp.com\/eltrabajo.cl\/portal\/wp-content\/uploads\/2012\/06\/Juan-Pablo-Valle-Robles1.jpg?w=600&amp;ssl=1 600w\" sizes=\"auto, (max-width: 300px) 100vw, 300px\" \/><\/a><figcaption id=\"caption-attachment-18798\" class=\"wp-caption-text\">Juan Pablo Valle Robles, apareci\u00f3 sano y salvo, luego de que su desaparici\u00f3n fuera divulgada por Diario El Trabajo.<\/figcaption><\/figure>\n<p><strong>LOS ANDES.-<\/strong> Sano y salvo, a primera hora de este viernes, luego que supiera que su foto estaba en la Portada de Diario El Trabajo\u00a0y otros medios, de que su familia lo buscaba desesperadamente, apareci\u00f3 Juan Pablo Valle Robles, el joven que hab\u00eda desaparecido hace una semana de su casa en Catemu. El llamado de los padres a trav\u00e9s de los medios de comunicaci\u00f3n de la zona, fue trascendental para que apareciera Juan Pablo Valle Robles, quien hab\u00eda desaparecido el jueves 25 de mayo, despu\u00e9s que saliera de su domicilio en San Carlos Alto en la comuna de Catemu con destino a San Felipe.<\/p>\n<p>La ubicaci\u00f3n del joven de 25 a\u00f1os de edad con sus padres, se produjo \u00e9ste viernes en la ciudad de Los Andes, hasta donde se les inform\u00f3 que su hijo se encontraba en perfectas condiciones.<\/p>\n<p>El feliz desenlace de esta historia comenz\u00f3 este viernes a eso de las 06:30 horas, cuando los padres del joven recibieron un llamado telef\u00f3nico que les dio una pista para que acudieran de inmediato en la ciudad de San Felipe, pero no hubo resultados positivos, pero un taxista les volvi\u00f3 la esperanza al comentarles que lo hab\u00eda visto en Los Andes.<\/p>\n<p>Fue cuando se dirig\u00edan a esa ciudad que recibieron el llamado telef\u00f3nico que m\u00e1s esperaban, el de su hijo, para informarles que estaba en buenas condiciones y trabajando en una feria libre en Los Andes. Al poco rato el joven se reencontr\u00f3 con sus padres en Los Andes, momento que les coment\u00f3 que por un compa\u00f1ero se enter\u00f3 de que lo andaban buscando, pero que nunca pens\u00f3 que estaban tan preocupados y todo lo que hab\u00eda originado.<\/p>\n","protected":false},"excerpt":{"rendered":"<p>LOS ANDES.- Sano y salvo, a primera hora de este viernes, luego que supiera que su foto estaba en la Portada de Diario El Trabajo\u00a0y otros medios, de que su familia lo&#8230;<\/p>\n","protected":false},"author":482,"featured_media":18798,"comment_status":"open","ping_status":"closed","sticky":false,"template":"","format":"standard","meta":{"advanced_seo_description":"","jetpack_seo_html_title":"","jetpack_seo_noindex":false,"_jetpack_memberships_contains_paid_content":false,"footnotes":""},"categories":[1],"tags":[],"class_list":["post-18797","post","type-post","status-publish","format-standard","has-post-thumbnail","hentry","category-cronica"],"jetpack_featured_media_url":"https:\/\/i0.wp.com\/eltrabajo.cl\/portal\/wp-content\/uploads\/2012\/06\/Juan-Pablo-Valle-Robles1.jpg?fit=600%2C546&ssl=1","jetpack_sharing_enabled":true,"jetpack_likes_enabled":true,"jetpack-related-posts":[],"_links":{"self":[{"href":"https:\/\/eltrabajo.cl\/portal\/wp-json\/wp\/v2\/posts\/18797","targetHints":{"allow":["GET"]}}],"collection":[{"href":"https:\/\/eltrabajo.cl\/portal\/wp-json\/wp\/v2\/posts"}],"about":[{"href":"https:\/\/eltrabajo.cl\/portal\/wp-json\/wp\/v2\/types\/post"}],"author":[{"embeddable":true,"href":"https:\/\/eltrabajo.cl\/portal\/wp-json\/wp\/v2\/users\/482"}],"replies":[{"embeddable":true,"href":"https:\/\/eltrabajo.cl\/portal\/wp-json\/wp\/v2\/comments?post=18797"}],"version-history":[{"count":0,"href":"https:\/\/eltrabajo.cl\/portal\/wp-json\/wp\/v2\/posts\/18797\/revisions"}],"wp:featuredmedia":[{"embeddable":true,"href":"https:\/\/eltrabajo.cl\/portal\/wp-json\/wp\/v2\/media\/18798"}],"wp:attachment":[{"href":"https:\/\/eltrabajo.cl\/portal\/wp-json\/wp\/v2\/media?parent=18797"}],"wp:term":[{"taxonomy":"category","embeddable":true,"href":"https:\/\/eltrabajo.cl\/portal\/wp-json\/wp\/v2\/categories?post=18797"},{"taxonomy":"post_tag","embeddable":true,"href":"https:\/\/eltrabajo.cl\/portal\/wp-json\/wp\/v2\/tags?post=18797"}],"curies":[{"name":"wp","href":"https:\/\/api.w.org\/{rel}","templated":true}]}}