{"id":18805,"date":"2012-06-04T09:59:28","date_gmt":"2012-06-04T13:59:28","guid":{"rendered":"http:\/\/www.eltrabajo.cl\/portal\/?p=18805"},"modified":"2012-06-04T09:59:28","modified_gmt":"2012-06-04T13:59:28","slug":"ohl-senda-ist-y-municipio-realizaron-cicletada-en-el-centro-de-la-comuna","status":"publish","type":"post","link":"https:\/\/eltrabajo.cl\/portal\/ohl-senda-ist-y-municipio-realizaron-cicletada-en-el-centro-de-la-comuna\/","title":{"rendered":"OHL, Senda, IST y municipio realizaron cicletada en el centro de la comuna"},"content":{"rendered":"<figure id=\"attachment_18806\" aria-describedby=\"caption-attachment-18806\" style=\"width: 600px\" class=\"wp-caption alignnone\"><a href=\"http:\/\/www.eltrabajo.cl\/portal\/2012\/06\/ohl-senda-ist-y-municipio-realizaron-cicletada-en-el-centro-de-la-comuna\/cletada2\/\" rel=\"attachment wp-att-18806\"><img data-recalc-dims=\"1\" loading=\"lazy\" decoding=\"async\" class=\"size-full wp-image-18806\" title=\"Cletada2\" src=\"https:\/\/i0.wp.com\/www.eltrabajo.cl\/portal\/wp-content\/uploads\/2012\/06\/Cletada2.jpg?resize=600%2C417\" alt=\"\" width=\"600\" height=\"417\" srcset=\"https:\/\/i0.wp.com\/eltrabajo.cl\/portal\/wp-content\/uploads\/2012\/06\/Cletada2.jpg?w=600&amp;ssl=1 600w, https:\/\/i0.wp.com\/eltrabajo.cl\/portal\/wp-content\/uploads\/2012\/06\/Cletada2.jpg?resize=200%2C139&amp;ssl=1 200w, https:\/\/i0.wp.com\/eltrabajo.cl\/portal\/wp-content\/uploads\/2012\/06\/Cletada2.jpg?resize=300%2C208&amp;ssl=1 300w, https:\/\/i0.wp.com\/eltrabajo.cl\/portal\/wp-content\/uploads\/2012\/06\/Cletada2.jpg?resize=150%2C104&amp;ssl=1 150w, https:\/\/i0.wp.com\/eltrabajo.cl\/portal\/wp-content\/uploads\/2012\/06\/Cletada2.jpg?resize=400%2C278&amp;ssl=1 400w\" sizes=\"auto, (max-width: 600px) 100vw, 600px\" \/><\/a><figcaption id=\"caption-attachment-18806\" class=\"wp-caption-text\">Participaron Patricio Gonz\u00e1lez y el encargado del Programa Senda en Putaendo, Ricardo Carrasco adem\u00e1s de la Encargada de Asuntos Comunitarios de la empresa OHL, Patricia Mu\u00f1oz.<\/figcaption><\/figure>\n<p><strong>PUTAENDO.<\/strong> La empresa a cargo de la construcci\u00f3n del embalse chacrillas OHL, el Instituto de Seguridad del Trabajo IST, Senda Previene y el Municipio local, organizaron en conjunto una cicletada educativa en el centro de la comuna la ma\u00f1ana de este s\u00e1bado.<\/p>\n<p>En la ocasi\u00f3n la empresa OHL entreg\u00f3 a los casi 50 asistentes, chalecos reflectantes y adhesivos reflectante para ser usados en las bicicletas, realizando un recorrido por las c\u00e9ntricas calles de la comuna en forma simb\u00f3lica, cuya finalidad fue fomentar el uso de la bicicleta de una manera segura y eficaz, teniendo siempre en cuenta que su uso ayudaba a la parte f\u00edsica y tambi\u00e9n psicol\u00f3gica de cada persona, por lo que la entrega de los elementos de seguridad era una manera de fomentar el uso de medidas de seguridad en la conducci\u00f3n de bicicletas.<\/p>\n<figure id=\"attachment_18807\" aria-describedby=\"caption-attachment-18807\" style=\"width: 300px\" class=\"wp-caption alignright\"><a href=\"http:\/\/www.eltrabajo.cl\/portal\/2012\/06\/ohl-senda-ist-y-municipio-realizaron-cicletada-en-el-centro-de-la-comuna\/cletada1\/\" rel=\"attachment wp-att-18807\"><img data-recalc-dims=\"1\" loading=\"lazy\" decoding=\"async\" class=\"size-medium wp-image-18807\" title=\"Cletada1\" src=\"https:\/\/i0.wp.com\/www.eltrabajo.cl\/portal\/wp-content\/uploads\/2012\/06\/Cletada1-300x207.jpg?resize=300%2C207\" alt=\"\" width=\"300\" height=\"207\" srcset=\"https:\/\/i0.wp.com\/eltrabajo.cl\/portal\/wp-content\/uploads\/2012\/06\/Cletada1.jpg?resize=300%2C207&amp;ssl=1 300w, https:\/\/i0.wp.com\/eltrabajo.cl\/portal\/wp-content\/uploads\/2012\/06\/Cletada1.jpg?resize=200%2C138&amp;ssl=1 200w, https:\/\/i0.wp.com\/eltrabajo.cl\/portal\/wp-content\/uploads\/2012\/06\/Cletada1.jpg?resize=150%2C103&amp;ssl=1 150w, https:\/\/i0.wp.com\/eltrabajo.cl\/portal\/wp-content\/uploads\/2012\/06\/Cletada1.jpg?resize=400%2C276&amp;ssl=1 400w, https:\/\/i0.wp.com\/eltrabajo.cl\/portal\/wp-content\/uploads\/2012\/06\/Cletada1.jpg?w=600&amp;ssl=1 600w\" sizes=\"auto, (max-width: 300px) 100vw, 300px\" \/><\/a><figcaption id=\"caption-attachment-18807\" class=\"wp-caption-text\">Esta cicletada cont\u00f3 con un recorrido por las c\u00e9ntricas calles de Putaendo en forma simb\u00f3lica, cuya finalidad fue fomentar el uso de la bicicleta de una manera segura y eficaz.<\/figcaption><\/figure>\n<p>Carlos Sol\u00eds, Ingeniero a cargo de las obras de construcci\u00f3n del embalse chacrillas y en representaci\u00f3n de la empresa OHL, se\u00f1alo al respecto que \u201cEl uso de la bicicleta en la comuna es muy frecuente, con la finalidad de evitar accidentes es que en conjunto con el IST se decidi\u00f3 hacer entrega de chalecos reflectores a los participantes de dicha actividad contando con el apoyo del municipio, lo que para la empresa era muy importante pues permit\u00eda en conjunto realizar una labor educativa a favor de la comuna\u201d explic\u00f3 Sol\u00eds.<\/p>\n<p><strong>Patricio Gallardo<\/strong><\/p>\n","protected":false},"excerpt":{"rendered":"<p>PUTAENDO. La empresa a cargo de la construcci\u00f3n del embalse chacrillas OHL, el Instituto de Seguridad del Trabajo IST, Senda Previene y el Municipio local, organizaron en conjunto una cicletada educativa en&#8230;<\/p>\n","protected":false},"author":482,"featured_media":18806,"comment_status":"open","ping_status":"closed","sticky":false,"template":"","format":"standard","meta":{"advanced_seo_description":"","jetpack_seo_html_title":"","jetpack_seo_noindex":false,"_jetpack_memberships_contains_paid_content":false,"footnotes":""},"categories":[15],"tags":[],"class_list":["post-18805","post","type-post","status-publish","format-standard","has-post-thumbnail","hentry","category-comunidad"],"jetpack_featured_media_url":"https:\/\/i0.wp.com\/eltrabajo.cl\/portal\/wp-content\/uploads\/2012\/06\/Cletada2.jpg?fit=600%2C417&ssl=1","jetpack_sharing_enabled":true,"jetpack_likes_enabled":true,"jetpack-related-posts":[],"_links":{"self":[{"href":"https:\/\/eltrabajo.cl\/portal\/wp-json\/wp\/v2\/posts\/18805","targetHints":{"allow":["GET"]}}],"collection":[{"href":"https:\/\/eltrabajo.cl\/portal\/wp-json\/wp\/v2\/posts"}],"about":[{"href":"https:\/\/eltrabajo.cl\/portal\/wp-json\/wp\/v2\/types\/post"}],"author":[{"embeddable":true,"href":"https:\/\/eltrabajo.cl\/portal\/wp-json\/wp\/v2\/users\/482"}],"replies":[{"embeddable":true,"href":"https:\/\/eltrabajo.cl\/portal\/wp-json\/wp\/v2\/comments?post=18805"}],"version-history":[{"count":0,"href":"https:\/\/eltrabajo.cl\/portal\/wp-json\/wp\/v2\/posts\/18805\/revisions"}],"wp:featuredmedia":[{"embeddable":true,"href":"https:\/\/eltrabajo.cl\/portal\/wp-json\/wp\/v2\/media\/18806"}],"wp:attachment":[{"href":"https:\/\/eltrabajo.cl\/portal\/wp-json\/wp\/v2\/media?parent=18805"}],"wp:term":[{"taxonomy":"category","embeddable":true,"href":"https:\/\/eltrabajo.cl\/portal\/wp-json\/wp\/v2\/categories?post=18805"},{"taxonomy":"post_tag","embeddable":true,"href":"https:\/\/eltrabajo.cl\/portal\/wp-json\/wp\/v2\/tags?post=18805"}],"curies":[{"name":"wp","href":"https:\/\/api.w.org\/{rel}","templated":true}]}}