{"id":18816,"date":"2012-06-04T10:04:33","date_gmt":"2012-06-04T14:04:33","guid":{"rendered":"http:\/\/www.eltrabajo.cl\/portal\/?p=18816"},"modified":"2012-06-04T10:04:33","modified_gmt":"2012-06-04T14:04:33","slug":"inician-trabajos-de-reparacion-en-casas-afectadas-por-temporal-en-nuevo-algarrobal","status":"publish","type":"post","link":"https:\/\/eltrabajo.cl\/portal\/inician-trabajos-de-reparacion-en-casas-afectadas-por-temporal-en-nuevo-algarrobal\/","title":{"rendered":"Inician trabajos de reparaci\u00f3n en casas afectadas por temporal en Nuevo Algarrobal"},"content":{"rendered":"<figure id=\"attachment_18817\" aria-describedby=\"caption-attachment-18817\" style=\"width: 600px\" class=\"wp-caption alignnone\"><a href=\"http:\/\/www.eltrabajo.cl\/portal\/2012\/06\/inician-trabajos-de-reparacion-en-casas-afectadas-por-temporal-en-nuevo-algarrobal\/materiales2\/\" rel=\"attachment wp-att-18817\"><img data-recalc-dims=\"1\" loading=\"lazy\" decoding=\"async\" class=\"size-full wp-image-18817\" title=\"Materiales2\" src=\"https:\/\/i0.wp.com\/www.eltrabajo.cl\/portal\/wp-content\/uploads\/2012\/06\/Materiales2.jpg?resize=600%2C450\" alt=\"\" width=\"600\" height=\"450\" srcset=\"https:\/\/i0.wp.com\/eltrabajo.cl\/portal\/wp-content\/uploads\/2012\/06\/Materiales2.jpg?w=600&amp;ssl=1 600w, https:\/\/i0.wp.com\/eltrabajo.cl\/portal\/wp-content\/uploads\/2012\/06\/Materiales2.jpg?resize=200%2C150&amp;ssl=1 200w, https:\/\/i0.wp.com\/eltrabajo.cl\/portal\/wp-content\/uploads\/2012\/06\/Materiales2.jpg?resize=300%2C225&amp;ssl=1 300w, https:\/\/i0.wp.com\/eltrabajo.cl\/portal\/wp-content\/uploads\/2012\/06\/Materiales2.jpg?resize=150%2C112&amp;ssl=1 150w, https:\/\/i0.wp.com\/eltrabajo.cl\/portal\/wp-content\/uploads\/2012\/06\/Materiales2.jpg?resize=400%2C300&amp;ssl=1 400w\" sizes=\"auto, (max-width: 600px) 100vw, 600px\" \/><\/a><figcaption id=\"caption-attachment-18817\" class=\"wp-caption-text\">Estos materiales llegaron a la poblaci\u00f3n luego que fueran adquiridos por el municipio con sus recursos, y otros que llegar\u00edan durante el d\u00eda directamente de la Onemi.<\/figcaption><\/figure>\n<p>Sylvia Vergara &#8211; <a href=\"mailto:svergara@eltrabajo.cl\">svergara@eltrabajo.cl<\/a><\/p>\n<p>Este viernes la Municipalidad de San Felipe concret\u00f3 la entrega de materiales de construcci\u00f3n para los vecinos de la poblaci\u00f3n Nueva Algarrobal que resultaron afectados con el temporal de viento y lluvia que afect\u00f3 a la zona hace semana atr\u00e1s. Junto con la llegada del material de construcci\u00f3n, maestros especialistas comenzaron a realizar los trabajos de reparaci\u00f3n en las casas que resultaron m\u00e1s afectadas, especialmente en lo que se refiere a reparaci\u00f3n y cambio de techos.<\/p>\n<figure id=\"attachment_18818\" aria-describedby=\"caption-attachment-18818\" style=\"width: 300px\" class=\"wp-caption alignright\"><a href=\"http:\/\/www.eltrabajo.cl\/portal\/2012\/06\/inician-trabajos-de-reparacion-en-casas-afectadas-por-temporal-en-nuevo-algarrobal\/materiales1\/\" rel=\"attachment wp-att-18818\"><img data-recalc-dims=\"1\" loading=\"lazy\" decoding=\"async\" class=\"size-medium wp-image-18818\" title=\"Materiales1\" src=\"https:\/\/i0.wp.com\/www.eltrabajo.cl\/portal\/wp-content\/uploads\/2012\/06\/Materiales1-300x225.jpg?resize=300%2C225\" alt=\"\" width=\"300\" height=\"225\" srcset=\"https:\/\/i0.wp.com\/eltrabajo.cl\/portal\/wp-content\/uploads\/2012\/06\/Materiales1.jpg?resize=300%2C225&amp;ssl=1 300w, https:\/\/i0.wp.com\/eltrabajo.cl\/portal\/wp-content\/uploads\/2012\/06\/Materiales1.jpg?resize=200%2C150&amp;ssl=1 200w, https:\/\/i0.wp.com\/eltrabajo.cl\/portal\/wp-content\/uploads\/2012\/06\/Materiales1.jpg?resize=150%2C112&amp;ssl=1 150w, https:\/\/i0.wp.com\/eltrabajo.cl\/portal\/wp-content\/uploads\/2012\/06\/Materiales1.jpg?resize=400%2C300&amp;ssl=1 400w, https:\/\/i0.wp.com\/eltrabajo.cl\/portal\/wp-content\/uploads\/2012\/06\/Materiales1.jpg?w=600&amp;ssl=1 600w\" sizes=\"auto, (max-width: 300px) 100vw, 300px\" \/><\/a><figcaption id=\"caption-attachment-18818\" class=\"wp-caption-text\">Destechadas quedaron varias viviendas en esta poblaci\u00f3n, este viernes comenzaron los trabajos de reparaci\u00f3n de los techos en Villa Nueva Algarrobal, que resultaron afectados con el temporal del fin de semana pasado.<\/figcaption><\/figure>\n<p><strong>\u201cNO LUCRAR POL\u00cdTICAMENTE\u201d<\/strong><\/p>\n<p>Estos materiales llegaron a la poblaci\u00f3n luego que fueran adquiridos por el municipio con sus recursos, y otros que llegar\u00edan durante el d\u00eda directamente de la Onemi.<\/p>\n<p>\u201cAc\u00e1 la gente que tiene cosas menores se les va a entregar el material, si necesitan cooperaci\u00f3n de mano de obra, en el sentido de indicaciones, tambi\u00e9n se la vamos a dar, la esperanza nuestra es que de aqu\u00ed al d\u00eda domingo esto est\u00e9 pr\u00e1cticamente resuelto, esta es la forma concreta y real como se resuelven los temas de la gente\u201d, dijo el Alcalde Jaime Amar.<\/p>\n<p>El jefe comunal dijo adem\u00e1s que el compromiso de la autoridad es con los vecinos, y \u201cno lucrar pol\u00edticamente como se ha estado haciendo con una serie de factores\u201d, dijo Amar.<\/p>\n<p>Adem\u00e1s el edil indic\u00f3 que el d\u00eda jueves, el municipio hizo entrega de los documentos que firmaron los alcaldes al Servicio de Electricidad y Combustible, para que inicie el proceso con la empresa Chilquinta, mientras que en el Sernac comunal se hab\u00edan recibido diez denuncias, las que estaban relacionadas con p\u00e9rdidas generadas por el problema el\u00e9ctrico que se produjo a causa del temporal. Mar\u00eda Ot\u00e1rola Segovia, es Dirigente del sector, quien se\u00f1al\u00f3 que estaban esperando la ayuda de parte del municipio.<\/p>\n<p>\u201cQuiero darles las gracias a todos, de parte de todas las personas que viven ac\u00e1, hay mucha gente que qued\u00f3 totalmente deterioradas sus casas, van a llegar mediaguas y de todo\u201d agreg\u00f3 Ot\u00e1rola.<\/p>\n<p>Consultada por la propia preocupaci\u00f3n que existe de los vecinos por sus viviendas, la dirigente dijo que esas casas hab\u00edan sido entregadas por el Serviu hace unos diez a\u00f1os y ellos esperaban que estuvieran en buen estado, y como nunca se hab\u00eda presentado esta situaci\u00f3n, ellos consideraban que no era necesario realizarles mantenci\u00f3n.<\/p>\n","protected":false},"excerpt":{"rendered":"<p>Sylvia Vergara &#8211; svergara@eltrabajo.cl Este viernes la Municipalidad de San Felipe concret\u00f3 la entrega de materiales de construcci\u00f3n para los vecinos de la poblaci\u00f3n Nueva Algarrobal que resultaron afectados con el temporal&#8230;<\/p>\n","protected":false},"author":482,"featured_media":18817,"comment_status":"open","ping_status":"closed","sticky":false,"template":"","format":"standard","meta":{"advanced_seo_description":"","jetpack_seo_html_title":"","jetpack_seo_noindex":false,"_jetpack_memberships_contains_paid_content":false,"footnotes":""},"categories":[1],"tags":[],"class_list":["post-18816","post","type-post","status-publish","format-standard","has-post-thumbnail","hentry","category-cronica"],"jetpack_featured_media_url":"https:\/\/i0.wp.com\/eltrabajo.cl\/portal\/wp-content\/uploads\/2012\/06\/Materiales2.jpg?fit=600%2C450&ssl=1","jetpack_sharing_enabled":true,"jetpack_likes_enabled":true,"jetpack-related-posts":[],"_links":{"self":[{"href":"https:\/\/eltrabajo.cl\/portal\/wp-json\/wp\/v2\/posts\/18816","targetHints":{"allow":["GET"]}}],"collection":[{"href":"https:\/\/eltrabajo.cl\/portal\/wp-json\/wp\/v2\/posts"}],"about":[{"href":"https:\/\/eltrabajo.cl\/portal\/wp-json\/wp\/v2\/types\/post"}],"author":[{"embeddable":true,"href":"https:\/\/eltrabajo.cl\/portal\/wp-json\/wp\/v2\/users\/482"}],"replies":[{"embeddable":true,"href":"https:\/\/eltrabajo.cl\/portal\/wp-json\/wp\/v2\/comments?post=18816"}],"version-history":[{"count":0,"href":"https:\/\/eltrabajo.cl\/portal\/wp-json\/wp\/v2\/posts\/18816\/revisions"}],"wp:featuredmedia":[{"embeddable":true,"href":"https:\/\/eltrabajo.cl\/portal\/wp-json\/wp\/v2\/media\/18817"}],"wp:attachment":[{"href":"https:\/\/eltrabajo.cl\/portal\/wp-json\/wp\/v2\/media?parent=18816"}],"wp:term":[{"taxonomy":"category","embeddable":true,"href":"https:\/\/eltrabajo.cl\/portal\/wp-json\/wp\/v2\/categories?post=18816"},{"taxonomy":"post_tag","embeddable":true,"href":"https:\/\/eltrabajo.cl\/portal\/wp-json\/wp\/v2\/tags?post=18816"}],"curies":[{"name":"wp","href":"https:\/\/api.w.org\/{rel}","templated":true}]}}