{"id":18821,"date":"2012-06-04T10:06:42","date_gmt":"2012-06-04T14:06:42","guid":{"rendered":"http:\/\/www.eltrabajo.cl\/portal\/?p=18821"},"modified":"2012-06-04T10:06:42","modified_gmt":"2012-06-04T14:06:42","slug":"alcalde-jaime-amar-agradecio-apoyo-de-la-senadora-lily-perez","status":"publish","type":"post","link":"https:\/\/eltrabajo.cl\/portal\/alcalde-jaime-amar-agradecio-apoyo-de-la-senadora-lily-perez\/","title":{"rendered":"Alcalde Jaime Amar agradeci\u00f3 apoyo de la Senadora Lily P\u00e9rez"},"content":{"rendered":"<figure id=\"attachment_18822\" aria-describedby=\"caption-attachment-18822\" style=\"width: 300px\" class=\"wp-caption alignleft\"><a href=\"http:\/\/www.eltrabajo.cl\/portal\/2012\/06\/alcalde-jaime-amar-agradecio-apoyo-de-la-senadora-lily-perez\/amar1-4\/\" rel=\"attachment wp-att-18822\"><img data-recalc-dims=\"1\" loading=\"lazy\" decoding=\"async\" class=\"size-medium wp-image-18822\" title=\"Amar1\" src=\"https:\/\/i0.wp.com\/www.eltrabajo.cl\/portal\/wp-content\/uploads\/2012\/06\/Amar1-300x277.jpg?resize=300%2C277\" alt=\"\" width=\"300\" height=\"277\" srcset=\"https:\/\/i0.wp.com\/eltrabajo.cl\/portal\/wp-content\/uploads\/2012\/06\/Amar1.jpg?resize=300%2C277&amp;ssl=1 300w, https:\/\/i0.wp.com\/eltrabajo.cl\/portal\/wp-content\/uploads\/2012\/06\/Amar1.jpg?resize=162%2C150&amp;ssl=1 162w, https:\/\/i0.wp.com\/eltrabajo.cl\/portal\/wp-content\/uploads\/2012\/06\/Amar1.jpg?resize=150%2C138&amp;ssl=1 150w, https:\/\/i0.wp.com\/eltrabajo.cl\/portal\/wp-content\/uploads\/2012\/06\/Amar1.jpg?resize=400%2C369&amp;ssl=1 400w, https:\/\/i0.wp.com\/eltrabajo.cl\/portal\/wp-content\/uploads\/2012\/06\/Amar1.jpg?w=600&amp;ssl=1 600w\" sizes=\"auto, (max-width: 300px) 100vw, 300px\" \/><\/a><figcaption id=\"caption-attachment-18822\" class=\"wp-caption-text\">El Alcalde Jaime Amar agradeci\u00f3 el apoyo de la Senadora Lily P\u00e9rez para presentarse en la pr\u00f3xima elecci\u00f3n, aunque dijo que no tiene tomada la decisi\u00f3n.<\/figcaption><\/figure>\n<p>Sylvia Vergara &#8211; <a href=\"mailto:svergara@eltrabjo.cl\">svergara@eltrabjo.cl<\/a><\/p>\n<p>La semana pasada la Senadora Lily P\u00e9rez, en una ceremonia realizada en el Teatro Municipal, le entreg\u00f3 nuevamente su apoyo al Alcalde Jaime Amar y lo llam\u00f3 a presentarse como candidato al sill\u00f3n alcaldicio y as\u00ed continuar con la gesti\u00f3n que ha venido realizando durante los \u00faltimos a\u00f1os en la comuna.<\/p>\n<p>El Alcalde agradeci\u00f3 ese apoyo, y dijo que tiene mucha amistad con la Senadora, quien le ha manifestado en varias ocasiones su inter\u00e9s de que el actual jefe comunal participe en las pr\u00f3ximas elecciones municipales.<\/p>\n<p>\u201cElla no ha hecho ninguna proclamaci\u00f3n de ning\u00fan tipo, ella est\u00e1 claramente indicando eso y que le gustar\u00eda personalmente, como me lo ha manifestado siempre, el inter\u00e9s de que uno pudiera tener una manifestaci\u00f3n\u201d detall\u00f3 Amar a Diario El Trabajo.<\/p>\n<p><strong>\u201cNO SE HAN MOJADO NI EL DEDO CHICO\u201d<\/strong><\/p>\n<p>El Alcalde adem\u00e1s dijo que su \u00e1nimo es de Servicio, ya que para \u00e9l, lo importante es resolver los temas de la gente que tienen problemas, especialmente habitacionales como ha sucedido en estos d\u00edas.<\/p>\n<p>\u201cEl problema de hoy d\u00eda es poder resolver los temas de la gente, y no de los problemas netamente pol\u00edticos, creo que hay algunos personajes que aparecen y son cr\u00edticos, pero no los vi en mis recorridos que tuvimos desde el d\u00eda s\u00e1bado hasta altas horas de la noche, el domingo en la ma\u00f1ana y en la tarde y estos d\u00edas hemos estado viendo c\u00f3mo resolver los temas y no he visto que se hayan mojado ni el dedo chico\u201d, dijo Amar.<\/p>\n<p>Asimismo, sostuvo que las cr\u00edticas vienen desde los mismos sectores de siempre, dijo el Alcalde, \u201cSon aquellos que no hacen nada por resolver los temas reales de la gente, sino m\u00e1s bien, criticar\u201d.<\/p>\n<p>Dijo tambi\u00e9n que personalmente no tiene resuelta la decisi\u00f3n de su postulaci\u00f3n a Alcalde y est\u00e1 en conocimiento que el partido ha tomado contacto con m\u00e1s l\u00edderes.<\/p>\n<p>\u201cYo creo que hoy d\u00eda lo importante que la persona que lidere el proceso es una persona que tenga los perfiles y capacidades para asumir los desaf\u00edos que vienen\u201d agreg\u00f3 Amar. Desaf\u00edos que tienen relaci\u00f3n con los temas sociales, en educci\u00f3n y salud, dijo el Alcalde, de otra manera ser\u00eda retroceder al pasado.<\/p>\n","protected":false},"excerpt":{"rendered":"<p>Sylvia Vergara &#8211; svergara@eltrabjo.cl La semana pasada la Senadora Lily P\u00e9rez, en una ceremonia realizada en el Teatro Municipal, le entreg\u00f3 nuevamente su apoyo al Alcalde Jaime Amar y lo llam\u00f3 a&#8230;<\/p>\n","protected":false},"author":482,"featured_media":18822,"comment_status":"open","ping_status":"closed","sticky":false,"template":"","format":"standard","meta":{"advanced_seo_description":"","jetpack_seo_html_title":"","jetpack_seo_noindex":false,"_jetpack_memberships_contains_paid_content":false,"footnotes":""},"categories":[1],"tags":[],"class_list":["post-18821","post","type-post","status-publish","format-standard","has-post-thumbnail","hentry","category-cronica"],"jetpack_featured_media_url":"https:\/\/i0.wp.com\/eltrabajo.cl\/portal\/wp-content\/uploads\/2012\/06\/Amar1.jpg?fit=600%2C554&ssl=1","jetpack_sharing_enabled":true,"jetpack_likes_enabled":true,"jetpack-related-posts":[],"_links":{"self":[{"href":"https:\/\/eltrabajo.cl\/portal\/wp-json\/wp\/v2\/posts\/18821","targetHints":{"allow":["GET"]}}],"collection":[{"href":"https:\/\/eltrabajo.cl\/portal\/wp-json\/wp\/v2\/posts"}],"about":[{"href":"https:\/\/eltrabajo.cl\/portal\/wp-json\/wp\/v2\/types\/post"}],"author":[{"embeddable":true,"href":"https:\/\/eltrabajo.cl\/portal\/wp-json\/wp\/v2\/users\/482"}],"replies":[{"embeddable":true,"href":"https:\/\/eltrabajo.cl\/portal\/wp-json\/wp\/v2\/comments?post=18821"}],"version-history":[{"count":0,"href":"https:\/\/eltrabajo.cl\/portal\/wp-json\/wp\/v2\/posts\/18821\/revisions"}],"wp:featuredmedia":[{"embeddable":true,"href":"https:\/\/eltrabajo.cl\/portal\/wp-json\/wp\/v2\/media\/18822"}],"wp:attachment":[{"href":"https:\/\/eltrabajo.cl\/portal\/wp-json\/wp\/v2\/media?parent=18821"}],"wp:term":[{"taxonomy":"category","embeddable":true,"href":"https:\/\/eltrabajo.cl\/portal\/wp-json\/wp\/v2\/categories?post=18821"},{"taxonomy":"post_tag","embeddable":true,"href":"https:\/\/eltrabajo.cl\/portal\/wp-json\/wp\/v2\/tags?post=18821"}],"curies":[{"name":"wp","href":"https:\/\/api.w.org\/{rel}","templated":true}]}}