{"id":18825,"date":"2012-06-04T10:12:55","date_gmt":"2012-06-04T14:12:55","guid":{"rendered":"http:\/\/www.eltrabajo.cl\/portal\/?p=18825"},"modified":"2012-06-04T10:12:55","modified_gmt":"2012-06-04T14:12:55","slug":"miles-de-jovenes-participaron-de-la-segunda-peregrinacion-al-santo-cristo-de-rinconada-de-silva","status":"publish","type":"post","link":"https:\/\/eltrabajo.cl\/portal\/miles-de-jovenes-participaron-de-la-segunda-peregrinacion-al-santo-cristo-de-rinconada-de-silva\/","title":{"rendered":"Miles de j\u00f3venes participaron de la segunda peregrinaci\u00f3n al Santo Cristo de Rinconada de Silva"},"content":{"rendered":"<figure id=\"attachment_18827\" aria-describedby=\"caption-attachment-18827\" style=\"width: 600px\" class=\"wp-caption alignnone\"><a href=\"http:\/\/www.eltrabajo.cl\/portal\/2012\/06\/miles-de-jovenes-participaron-de-la-segunda-peregrinacion-al-santo-cristo-de-rinconada-de-silva\/juvenil1\/\" rel=\"attachment wp-att-18827\"><img data-recalc-dims=\"1\" loading=\"lazy\" decoding=\"async\" class=\"size-full wp-image-18827\" title=\"Juvenil1\" src=\"https:\/\/i0.wp.com\/www.eltrabajo.cl\/portal\/wp-content\/uploads\/2012\/06\/Juvenil1.jpg?resize=600%2C450\" alt=\"\" width=\"600\" height=\"450\" srcset=\"https:\/\/i0.wp.com\/eltrabajo.cl\/portal\/wp-content\/uploads\/2012\/06\/Juvenil1.jpg?w=600&amp;ssl=1 600w, https:\/\/i0.wp.com\/eltrabajo.cl\/portal\/wp-content\/uploads\/2012\/06\/Juvenil1.jpg?resize=200%2C150&amp;ssl=1 200w, https:\/\/i0.wp.com\/eltrabajo.cl\/portal\/wp-content\/uploads\/2012\/06\/Juvenil1.jpg?resize=300%2C225&amp;ssl=1 300w, https:\/\/i0.wp.com\/eltrabajo.cl\/portal\/wp-content\/uploads\/2012\/06\/Juvenil1.jpg?resize=150%2C112&amp;ssl=1 150w, https:\/\/i0.wp.com\/eltrabajo.cl\/portal\/wp-content\/uploads\/2012\/06\/Juvenil1.jpg?resize=400%2C300&amp;ssl=1 400w\" sizes=\"auto, (max-width: 600px) 100vw, 600px\" \/><\/a><figcaption id=\"caption-attachment-18827\" class=\"wp-caption-text\">Cerca de 2.000 j\u00f3venes de la Di\u00f3cesis de Aconcagua, se dieron cita para participar en la Segunda Peregrinaci\u00f3n Juvenil Diocesana de la Pastoral Juvenil en Putaendo este s\u00e1bado.<\/figcaption><\/figure>\n<p><strong>PUTAENDO.-<\/strong> Superando todas las expectativas, cerca de 2.000 j\u00f3venes provenientes de todos los rincones de la Di\u00f3cesis de Aconcagua, se dieron cita para participar en la Segunda Peregrinaci\u00f3n Juvenil Diocesana de la Pastoral Juvenil. A eso de las 8:00 horas comenzaron llegar las distintas delegaciones que conforman la Comunidad Cat\u00f3lica Diocesana. Capillas, colegios, comunidades, centros juveniles provenientes de Cabildo, Petorca, Los Andes, San Felipe,\u00a0Panquehue, Santa Mar\u00eda, San Esteban, Catemu, Llay-Llay, Rinconada de Los Andes, Calle Larga y Putaendo, se congregaron en el frontis del templo parroquial donde eran esperado por la Pastoral Juvenil de la parroquia San Antonio de Putaendo con el cura Pedro Salinas a la cabeza quien junto a los j\u00f3venes, era el encargado de recibir, motivar y hacer sentir como en su casa a las ilustres visitas.<\/p>\n<figure id=\"attachment_18826\" aria-describedby=\"caption-attachment-18826\" style=\"width: 300px\" class=\"wp-caption alignleft\"><a href=\"http:\/\/www.eltrabajo.cl\/portal\/2012\/06\/miles-de-jovenes-participaron-de-la-segunda-peregrinacion-al-santo-cristo-de-rinconada-de-silva\/juvenil4\/\" rel=\"attachment wp-att-18826\"><img data-recalc-dims=\"1\" loading=\"lazy\" decoding=\"async\" class=\"size-medium wp-image-18826\" title=\"Juvenil4\" src=\"https:\/\/i0.wp.com\/www.eltrabajo.cl\/portal\/wp-content\/uploads\/2012\/06\/Juvenil4-300x222.jpg?resize=300%2C222\" alt=\"\" width=\"300\" height=\"222\" srcset=\"https:\/\/i0.wp.com\/eltrabajo.cl\/portal\/wp-content\/uploads\/2012\/06\/Juvenil4.jpg?resize=300%2C222&amp;ssl=1 300w, https:\/\/i0.wp.com\/eltrabajo.cl\/portal\/wp-content\/uploads\/2012\/06\/Juvenil4.jpg?resize=200%2C148&amp;ssl=1 200w, https:\/\/i0.wp.com\/eltrabajo.cl\/portal\/wp-content\/uploads\/2012\/06\/Juvenil4.jpg?resize=150%2C111&amp;ssl=1 150w, https:\/\/i0.wp.com\/eltrabajo.cl\/portal\/wp-content\/uploads\/2012\/06\/Juvenil4.jpg?resize=400%2C296&amp;ssl=1 400w, https:\/\/i0.wp.com\/eltrabajo.cl\/portal\/wp-content\/uploads\/2012\/06\/Juvenil4.jpg?w=600&amp;ssl=1 600w\" sizes=\"auto, (max-width: 300px) 100vw, 300px\" \/><\/a><figcaption id=\"caption-attachment-18826\" class=\"wp-caption-text\">Las calles de Putaendo fueron invadidas por chicos y bellas jovencitas llenos de entusiasmo y ganas de pasarlo bien.<\/figcaption><\/figure>\n<figure id=\"attachment_18828\" aria-describedby=\"caption-attachment-18828\" style=\"width: 300px\" class=\"wp-caption alignright\"><a href=\"http:\/\/www.eltrabajo.cl\/portal\/2012\/06\/miles-de-jovenes-participaron-de-la-segunda-peregrinacion-al-santo-cristo-de-rinconada-de-silva\/juvenil2\/\" rel=\"attachment wp-att-18828\"><img data-recalc-dims=\"1\" loading=\"lazy\" decoding=\"async\" class=\"size-medium wp-image-18828\" title=\"Juvenil2\" src=\"https:\/\/i0.wp.com\/www.eltrabajo.cl\/portal\/wp-content\/uploads\/2012\/06\/Juvenil2-300x225.jpg?resize=300%2C225\" alt=\"\" width=\"300\" height=\"225\" srcset=\"https:\/\/i0.wp.com\/eltrabajo.cl\/portal\/wp-content\/uploads\/2012\/06\/Juvenil2.jpg?resize=300%2C225&amp;ssl=1 300w, https:\/\/i0.wp.com\/eltrabajo.cl\/portal\/wp-content\/uploads\/2012\/06\/Juvenil2.jpg?resize=200%2C150&amp;ssl=1 200w, https:\/\/i0.wp.com\/eltrabajo.cl\/portal\/wp-content\/uploads\/2012\/06\/Juvenil2.jpg?resize=150%2C112&amp;ssl=1 150w, https:\/\/i0.wp.com\/eltrabajo.cl\/portal\/wp-content\/uploads\/2012\/06\/Juvenil2.jpg?resize=400%2C300&amp;ssl=1 400w, https:\/\/i0.wp.com\/eltrabajo.cl\/portal\/wp-content\/uploads\/2012\/06\/Juvenil2.jpg?w=600&amp;ssl=1 600w\" sizes=\"auto, (max-width: 300px) 100vw, 300px\" \/><\/a><figcaption id=\"caption-attachment-18828\" class=\"wp-caption-text\">Esta actividad estuvo enmarcada en el a\u00f1o en que la Iglesia Cat\u00f3lica tiene como protagonistas a los j\u00f3venes, donde los signos son la Bandera chilena, La Biblia y la Cruz.<\/figcaption><\/figure>\n<p>En poco m\u00e1s de dos horas, la plaza de la comuna se replet\u00f3 de buses, micros y veh\u00edculos que trasportaban a los j\u00f3venes que superaron con creses los 1.500 asistentes esperados por los organizadores, ya que la actividad congreg\u00f3 tanto en la plaza, trayecto y en el acto principal, a cerca de 2.000 j\u00f3venes. Luego de un emotivo momento de oraci\u00f3n en la plaza de la comuna, donde el Padre Pedro recibi\u00f3 la visita del mismo Obispo Cristian Contreras, los j\u00f3venes comenzaron su recorrido bajando por la c\u00e9ntrica Calle Comercio y Calle Brasil,\u00a0 para llegar pasado el medio d\u00eda a la explanada del Santo Cristo de Rinconada, donde la Eucarist\u00eda fue presidida por el obispo Contreras.<\/p>\n<p>La actividad estuvo enmarcada en el a\u00f1o en que la Iglesia\u00a0Cat\u00f3lica tiene como protagonistas a los j\u00f3venes, donde los signos son la Bandera chilena, La Biblia y la Cruz, lo que dio un realce especial a esta actividad que por segundo a\u00f1o consecutivo se realiza en la comuna de Putaendo<\/p>\n<figure id=\"attachment_18829\" aria-describedby=\"caption-attachment-18829\" style=\"width: 300px\" class=\"wp-caption alignleft\"><a href=\"http:\/\/www.eltrabajo.cl\/portal\/2012\/06\/miles-de-jovenes-participaron-de-la-segunda-peregrinacion-al-santo-cristo-de-rinconada-de-silva\/juvenil3\/\" rel=\"attachment wp-att-18829\"><img data-recalc-dims=\"1\" loading=\"lazy\" decoding=\"async\" class=\"size-medium wp-image-18829\" title=\"Juvenil3\" src=\"https:\/\/i0.wp.com\/www.eltrabajo.cl\/portal\/wp-content\/uploads\/2012\/06\/Juvenil3-300x225.jpg?resize=300%2C225\" alt=\"\" width=\"300\" height=\"225\" srcset=\"https:\/\/i0.wp.com\/eltrabajo.cl\/portal\/wp-content\/uploads\/2012\/06\/Juvenil3.jpg?resize=300%2C225&amp;ssl=1 300w, https:\/\/i0.wp.com\/eltrabajo.cl\/portal\/wp-content\/uploads\/2012\/06\/Juvenil3.jpg?resize=200%2C150&amp;ssl=1 200w, https:\/\/i0.wp.com\/eltrabajo.cl\/portal\/wp-content\/uploads\/2012\/06\/Juvenil3.jpg?resize=150%2C112&amp;ssl=1 150w, https:\/\/i0.wp.com\/eltrabajo.cl\/portal\/wp-content\/uploads\/2012\/06\/Juvenil3.jpg?resize=400%2C300&amp;ssl=1 400w, https:\/\/i0.wp.com\/eltrabajo.cl\/portal\/wp-content\/uploads\/2012\/06\/Juvenil3.jpg?w=600&amp;ssl=1 600w\" sizes=\"auto, (max-width: 300px) 100vw, 300px\" \/><\/a><figcaption id=\"caption-attachment-18829\" class=\"wp-caption-text\">En poco m\u00e1s de dos horas, la plaza de la comuna se replet\u00f3 de buses, micros y veh\u00edculos que trasportaban a los j\u00f3venes que superaron con creses los 1.500 asistentes.<\/figcaption><\/figure>\n<p>El Padre Pedro Salinas se mostr\u00f3 emocionado y muy contento con la respuesta de los j\u00f3venes, agregando que para la comunidad cat\u00f3lica putaendina, era todo un orgullo ser los anfitriones de esta maravillosa peregrinaci\u00f3n que mostraba todo el amor de Cristo hacia los j\u00f3venes y como tambi\u00e9n los j\u00f3venes vibran con el amor de Cristo en esta maravillosa actividad que esperan, se siga realizando en Putaendo.<\/p>\n<p><strong>Patricio Gallardo.<\/strong><\/p>\n","protected":false},"excerpt":{"rendered":"<p>PUTAENDO.- Superando todas las expectativas, cerca de 2.000 j\u00f3venes provenientes de todos los rincones de la Di\u00f3cesis de Aconcagua, se dieron cita para participar en la Segunda Peregrinaci\u00f3n Juvenil Diocesana de la&#8230;<\/p>\n","protected":false},"author":482,"featured_media":18827,"comment_status":"open","ping_status":"closed","sticky":false,"template":"","format":"standard","meta":{"advanced_seo_description":"","jetpack_seo_html_title":"","jetpack_seo_noindex":false,"_jetpack_memberships_contains_paid_content":false,"footnotes":""},"categories":[15],"tags":[],"class_list":["post-18825","post","type-post","status-publish","format-standard","has-post-thumbnail","hentry","category-comunidad"],"jetpack_featured_media_url":"https:\/\/i0.wp.com\/eltrabajo.cl\/portal\/wp-content\/uploads\/2012\/06\/Juvenil1.jpg?fit=600%2C450&ssl=1","jetpack_sharing_enabled":true,"jetpack_likes_enabled":true,"jetpack-related-posts":[],"_links":{"self":[{"href":"https:\/\/eltrabajo.cl\/portal\/wp-json\/wp\/v2\/posts\/18825","targetHints":{"allow":["GET"]}}],"collection":[{"href":"https:\/\/eltrabajo.cl\/portal\/wp-json\/wp\/v2\/posts"}],"about":[{"href":"https:\/\/eltrabajo.cl\/portal\/wp-json\/wp\/v2\/types\/post"}],"author":[{"embeddable":true,"href":"https:\/\/eltrabajo.cl\/portal\/wp-json\/wp\/v2\/users\/482"}],"replies":[{"embeddable":true,"href":"https:\/\/eltrabajo.cl\/portal\/wp-json\/wp\/v2\/comments?post=18825"}],"version-history":[{"count":0,"href":"https:\/\/eltrabajo.cl\/portal\/wp-json\/wp\/v2\/posts\/18825\/revisions"}],"wp:featuredmedia":[{"embeddable":true,"href":"https:\/\/eltrabajo.cl\/portal\/wp-json\/wp\/v2\/media\/18827"}],"wp:attachment":[{"href":"https:\/\/eltrabajo.cl\/portal\/wp-json\/wp\/v2\/media?parent=18825"}],"wp:term":[{"taxonomy":"category","embeddable":true,"href":"https:\/\/eltrabajo.cl\/portal\/wp-json\/wp\/v2\/categories?post=18825"},{"taxonomy":"post_tag","embeddable":true,"href":"https:\/\/eltrabajo.cl\/portal\/wp-json\/wp\/v2\/tags?post=18825"}],"curies":[{"name":"wp","href":"https:\/\/api.w.org\/{rel}","templated":true}]}}