{"id":18874,"date":"2012-06-05T09:59:14","date_gmt":"2012-06-05T13:59:14","guid":{"rendered":"http:\/\/www.eltrabajo.cl\/portal\/?p=18874"},"modified":"2012-06-05T09:59:14","modified_gmt":"2012-06-05T13:59:14","slug":"conozca-los-secretos-del-%e2%80%98rey-de-los-baules%e2%80%99-el-artesano-ecologico","status":"publish","type":"post","link":"https:\/\/eltrabajo.cl\/portal\/conozca-los-secretos-del-%e2%80%98rey-de-los-baules%e2%80%99-el-artesano-ecologico\/","title":{"rendered":"Conozca los secretos del \u2018Rey de los Ba\u00fales\u2019, el artesano ecol\u00f3gico"},"content":{"rendered":"<figure id=\"attachment_18875\" aria-describedby=\"caption-attachment-18875\" style=\"width: 600px\" class=\"wp-caption alignnone\"><a href=\"http:\/\/www.eltrabajo.cl\/portal\/2012\/06\/conozca-los-secretos-del-%e2%80%98rey-de-los-baules%e2%80%99-el-artesano-ecologico\/baules1\/\" rel=\"attachment wp-att-18875\"><img data-recalc-dims=\"1\" loading=\"lazy\" decoding=\"async\" class=\"size-full wp-image-18875\" title=\"Baules1\" src=\"https:\/\/i0.wp.com\/www.eltrabajo.cl\/portal\/wp-content\/uploads\/2012\/06\/Baules1.jpg?resize=600%2C434\" alt=\"\" width=\"600\" height=\"434\" srcset=\"https:\/\/i0.wp.com\/eltrabajo.cl\/portal\/wp-content\/uploads\/2012\/06\/Baules1.jpg?w=600&amp;ssl=1 600w, https:\/\/i0.wp.com\/eltrabajo.cl\/portal\/wp-content\/uploads\/2012\/06\/Baules1.jpg?resize=200%2C144&amp;ssl=1 200w, https:\/\/i0.wp.com\/eltrabajo.cl\/portal\/wp-content\/uploads\/2012\/06\/Baules1.jpg?resize=300%2C217&amp;ssl=1 300w, https:\/\/i0.wp.com\/eltrabajo.cl\/portal\/wp-content\/uploads\/2012\/06\/Baules1.jpg?resize=150%2C108&amp;ssl=1 150w, https:\/\/i0.wp.com\/eltrabajo.cl\/portal\/wp-content\/uploads\/2012\/06\/Baules1.jpg?resize=400%2C289&amp;ssl=1 400w\" sizes=\"auto, (max-width: 600px) 100vw, 600px\" \/><\/a><figcaption id=\"caption-attachment-18875\" class=\"wp-caption-text\">Jorge Saa Mena se siente m\u00e1s que orgulloso de su profesi\u00f3n, gracias a sus ba\u00fales \u00e9l y su esposa han salido adelante apoyando a sus hijas.<\/figcaption><\/figure>\n<p>Roberto Gonz\u00e1lez Short &#8211; <a href=\"mailto:rgonzalez@eltrabajo.cl\">rgonzalez@eltrabajo.cl<\/a><\/p>\n<p>Algunos lo conocen como el \u2018Rey de los Ba\u00fales\u2019 y este sobrenombre no est\u00e1 de m\u00e1s, si tomamos en cuenta que \u00e9l ha fabricado unos dos mil ba\u00fales decorativos a lo largo de sus doce a\u00f1os de trabajar la madera y el metal para crear los m\u00e1s fuertes e impresionantes cofres, al gusto de sus clientes. Se trata de Jorge Saa Mena, un sanfelipe\u00f1o que, tras ser dictaminado con un 70% de p\u00e9rdida visual, encontr\u00f3 en la artesan\u00eda el camino perfecto para lograr su autosuficiencia personal y as\u00ed lograr seguir manteniendo a su familia.<\/p>\n<figure id=\"attachment_18876\" aria-describedby=\"caption-attachment-18876\" style=\"width: 300px\" class=\"wp-caption alignright\"><a href=\"http:\/\/www.eltrabajo.cl\/portal\/2012\/06\/conozca-los-secretos-del-%e2%80%98rey-de-los-baules%e2%80%99-el-artesano-ecologico\/esposa1\/\" rel=\"attachment wp-att-18876\"><img data-recalc-dims=\"1\" loading=\"lazy\" decoding=\"async\" class=\"size-medium wp-image-18876\" title=\"Esposa1\" src=\"https:\/\/i0.wp.com\/www.eltrabajo.cl\/portal\/wp-content\/uploads\/2012\/06\/Esposa1-300x215.jpg?resize=300%2C215\" alt=\"\" width=\"300\" height=\"215\" srcset=\"https:\/\/i0.wp.com\/eltrabajo.cl\/portal\/wp-content\/uploads\/2012\/06\/Esposa1.jpg?resize=300%2C215&amp;ssl=1 300w, https:\/\/i0.wp.com\/eltrabajo.cl\/portal\/wp-content\/uploads\/2012\/06\/Esposa1.jpg?resize=200%2C143&amp;ssl=1 200w, https:\/\/i0.wp.com\/eltrabajo.cl\/portal\/wp-content\/uploads\/2012\/06\/Esposa1.jpg?resize=150%2C107&amp;ssl=1 150w, https:\/\/i0.wp.com\/eltrabajo.cl\/portal\/wp-content\/uploads\/2012\/06\/Esposa1.jpg?resize=400%2C287&amp;ssl=1 400w, https:\/\/i0.wp.com\/eltrabajo.cl\/portal\/wp-content\/uploads\/2012\/06\/Esposa1.jpg?w=600&amp;ssl=1 600w\" sizes=\"auto, (max-width: 300px) 100vw, 300px\" \/><\/a><figcaption id=\"caption-attachment-18876\" class=\"wp-caption-text\">La se\u00f1ora Karina Le\u00f3n es la encargada de promocionar y vender los ba\u00fales que su esposo fabrica en el taller de su casa.<\/figcaption><\/figure>\n<p>\u201cYo era Supervisor de Mec\u00e1nica hace algunos a\u00f1os, me dictaminaron retinosquisis juvenil y dicho mal me oblig\u00f3 a dejar de trabajar y a exponerme al sol, mi esposa Karina Le\u00f3n, supo brindarme el apoyo para que yo lograra desarrollar este proyecto de vida, uno que nos ha dado buenos frutos para todos\u201d, asegura el artesano.<\/p>\n<p><strong>\u201cCOMO NAC\u00cd CHICHARRA\u2026\u201d<\/strong><\/p>\n<p>Jorge fabrica ba\u00fales, jardineras, porta llaveros, repisas y mesas de centro, \u00e9l indic\u00f3 a Diario El Trabajo que al mes hace unos 16 ba\u00fales y que su esposa es quien los vende en las ferias regionales.<\/p>\n<figure id=\"attachment_18877\" aria-describedby=\"caption-attachment-18877\" style=\"width: 300px\" class=\"wp-caption alignleft\"><a href=\"http:\/\/www.eltrabajo.cl\/portal\/2012\/06\/conozca-los-secretos-del-%e2%80%98rey-de-los-baules%e2%80%99-el-artesano-ecologico\/produccion1\/\" rel=\"attachment wp-att-18877\"><img data-recalc-dims=\"1\" loading=\"lazy\" decoding=\"async\" class=\"size-medium wp-image-18877\" title=\"Producci\u00f3n1\" src=\"https:\/\/i0.wp.com\/www.eltrabajo.cl\/portal\/wp-content\/uploads\/2012\/06\/Producci%C3%B3n1-300x216.jpg?resize=300%2C216\" alt=\"\" width=\"300\" height=\"216\" srcset=\"https:\/\/i0.wp.com\/eltrabajo.cl\/portal\/wp-content\/uploads\/2012\/06\/Producci%C3%B3n1.jpg?resize=300%2C216&amp;ssl=1 300w, https:\/\/i0.wp.com\/eltrabajo.cl\/portal\/wp-content\/uploads\/2012\/06\/Producci%C3%B3n1.jpg?resize=200%2C144&amp;ssl=1 200w, https:\/\/i0.wp.com\/eltrabajo.cl\/portal\/wp-content\/uploads\/2012\/06\/Producci%C3%B3n1.jpg?resize=150%2C108&amp;ssl=1 150w, https:\/\/i0.wp.com\/eltrabajo.cl\/portal\/wp-content\/uploads\/2012\/06\/Producci%C3%B3n1.jpg?resize=400%2C288&amp;ssl=1 400w, https:\/\/i0.wp.com\/eltrabajo.cl\/portal\/wp-content\/uploads\/2012\/06\/Producci%C3%B3n1.jpg?w=600&amp;ssl=1 600w\" sizes=\"auto, (max-width: 300px) 100vw, 300px\" \/><\/a><figcaption id=\"caption-attachment-18877\" class=\"wp-caption-text\">Esta es s\u00f3lo una muestra de los muchos y atractivos ba\u00fales y porta llaveros que Jorge Saa fabrica para ganarse la vida.<\/figcaption><\/figure>\n<p>\u201cYo tambi\u00e9n restauro muebles cuando me lo solicitan, no uso qu\u00edmicos peligrosos para elaborar mis ba\u00fales, pienso que el encontrar forma a algo que no la tiene, si no se hace con el alma, no tiene sentido; soy artesano porque me expreso con la madera, y como yo nac\u00ed chicharra, morir\u00e9 cantando\u201d, explic\u00f3 este artista de 47 a\u00f1os.<\/p>\n<p>Jorge Saa es el quinto de seis hermanos, padre de dos bellas hijas ya en edad universitaria, y coment\u00f3 a nuestro medio que algunas de sus obras han sido llevadas a Israel, Venezuela, Cuba, Argentina, Holanda y Canad\u00e1.<\/p>\n<p>Los trabajos de Saa participan en ferias mensuales y son muy cotizados por el Extracto de Nogal en sus maderas que ofrece el efecto de \u2018quemado\u2019 y \u2018vejez\u2019, ilusi\u00f3n que explica la preferencia de sus clientes por sus productos. Si quiere usted conocer m\u00e1s de este proyecto artesanal y sus protagonistas, llame al Fono: 8571 6198.<\/p>\n","protected":false},"excerpt":{"rendered":"<p>Roberto Gonz\u00e1lez Short &#8211; rgonzalez@eltrabajo.cl Algunos lo conocen como el \u2018Rey de los Ba\u00fales\u2019 y este sobrenombre no est\u00e1 de m\u00e1s, si tomamos en cuenta que \u00e9l ha fabricado unos dos mil&#8230;<\/p>\n","protected":false},"author":482,"featured_media":18875,"comment_status":"open","ping_status":"closed","sticky":false,"template":"","format":"standard","meta":{"advanced_seo_description":"","jetpack_seo_html_title":"","jetpack_seo_noindex":false,"_jetpack_memberships_contains_paid_content":false,"footnotes":""},"categories":[15],"tags":[],"class_list":["post-18874","post","type-post","status-publish","format-standard","has-post-thumbnail","hentry","category-comunidad"],"jetpack_featured_media_url":"https:\/\/i0.wp.com\/eltrabajo.cl\/portal\/wp-content\/uploads\/2012\/06\/Baules1.jpg?fit=600%2C434&ssl=1","jetpack_sharing_enabled":true,"jetpack_likes_enabled":true,"jetpack-related-posts":[],"_links":{"self":[{"href":"https:\/\/eltrabajo.cl\/portal\/wp-json\/wp\/v2\/posts\/18874","targetHints":{"allow":["GET"]}}],"collection":[{"href":"https:\/\/eltrabajo.cl\/portal\/wp-json\/wp\/v2\/posts"}],"about":[{"href":"https:\/\/eltrabajo.cl\/portal\/wp-json\/wp\/v2\/types\/post"}],"author":[{"embeddable":true,"href":"https:\/\/eltrabajo.cl\/portal\/wp-json\/wp\/v2\/users\/482"}],"replies":[{"embeddable":true,"href":"https:\/\/eltrabajo.cl\/portal\/wp-json\/wp\/v2\/comments?post=18874"}],"version-history":[{"count":0,"href":"https:\/\/eltrabajo.cl\/portal\/wp-json\/wp\/v2\/posts\/18874\/revisions"}],"wp:featuredmedia":[{"embeddable":true,"href":"https:\/\/eltrabajo.cl\/portal\/wp-json\/wp\/v2\/media\/18875"}],"wp:attachment":[{"href":"https:\/\/eltrabajo.cl\/portal\/wp-json\/wp\/v2\/media?parent=18874"}],"wp:term":[{"taxonomy":"category","embeddable":true,"href":"https:\/\/eltrabajo.cl\/portal\/wp-json\/wp\/v2\/categories?post=18874"},{"taxonomy":"post_tag","embeddable":true,"href":"https:\/\/eltrabajo.cl\/portal\/wp-json\/wp\/v2\/tags?post=18874"}],"curies":[{"name":"wp","href":"https:\/\/api.w.org\/{rel}","templated":true}]}}