{"id":18882,"date":"2012-06-05T10:04:05","date_gmt":"2012-06-05T14:04:05","guid":{"rendered":"http:\/\/www.eltrabajo.cl\/portal\/?p=18882"},"modified":"2012-06-05T10:04:05","modified_gmt":"2012-06-05T14:04:05","slug":"con-develacion-de-placa-autoridades-y-vecinos-del-sector-celebraron-23%c2%ba-aniversario-de-escuelita-rural","status":"publish","type":"post","link":"https:\/\/eltrabajo.cl\/portal\/con-develacion-de-placa-autoridades-y-vecinos-del-sector-celebraron-23%c2%ba-aniversario-de-escuelita-rural\/","title":{"rendered":"Con develaci\u00f3n de placa, autoridades y vecinos del sector celebraron 23\u00ba Aniversario de escuelita rural"},"content":{"rendered":"<figure id=\"attachment_18883\" aria-describedby=\"caption-attachment-18883\" style=\"width: 600px\" class=\"wp-caption alignnone\"><a href=\"http:\/\/www.eltrabajo.cl\/portal\/2012\/06\/con-develacion-de-placa-autoridades-y-vecinos-del-sector-celebraron-23%c2%ba-aniversario-de-escuelita-rural\/placa1\/\" rel=\"attachment wp-att-18883\"><img data-recalc-dims=\"1\" loading=\"lazy\" decoding=\"async\" class=\"size-full wp-image-18883\" title=\"Placa1\" src=\"https:\/\/i0.wp.com\/www.eltrabajo.cl\/portal\/wp-content\/uploads\/2012\/06\/Placa1.jpg?resize=600%2C389\" alt=\"\" width=\"600\" height=\"389\" srcset=\"https:\/\/i0.wp.com\/eltrabajo.cl\/portal\/wp-content\/uploads\/2012\/06\/Placa1.jpg?w=600&amp;ssl=1 600w, https:\/\/i0.wp.com\/eltrabajo.cl\/portal\/wp-content\/uploads\/2012\/06\/Placa1.jpg?resize=200%2C129&amp;ssl=1 200w, https:\/\/i0.wp.com\/eltrabajo.cl\/portal\/wp-content\/uploads\/2012\/06\/Placa1.jpg?resize=300%2C194&amp;ssl=1 300w, https:\/\/i0.wp.com\/eltrabajo.cl\/portal\/wp-content\/uploads\/2012\/06\/Placa1.jpg?resize=150%2C97&amp;ssl=1 150w, https:\/\/i0.wp.com\/eltrabajo.cl\/portal\/wp-content\/uploads\/2012\/06\/Placa1.jpg?resize=400%2C259&amp;ssl=1 400w\" sizes=\"auto, (max-width: 600px) 100vw, 600px\" \/><\/a><figcaption id=\"caption-attachment-18883\" class=\"wp-caption-text\">El Alcalde de San Felipe, Jaime Amar y la Gobernadora Patricia Boffa, develaron esta placa en honor a los 38 donantes de la propiedad.<\/figcaption><\/figure>\n<p>Roberto Gonz\u00e1lez Short &#8211; <a href=\"mailto:rgonzalez@eltrabajo.cl\">rgonzalez@eltrabajo.cl<\/a><\/p>\n<p>Este fin de semana se realizaron las actividades propias del 23\u00ba Aniversario de la Escuela Juan G\u00f3mez Milla en Rinconada. Al evento conmemorativo asistieron el Alcalde de San Felipe, Jaime Amar, y la Gobernadora Provincial, Patricia Boffa, quienes destacaron la importancia que a lo largo de estos 23 a\u00f1os el centro educativo adquiri\u00f3.<\/p>\n<figure id=\"attachment_18884\" aria-describedby=\"caption-attachment-18884\" style=\"width: 300px\" class=\"wp-caption alignright\"><a href=\"http:\/\/www.eltrabajo.cl\/portal\/2012\/06\/con-develacion-de-placa-autoridades-y-vecinos-del-sector-celebraron-23%c2%ba-aniversario-de-escuelita-rural\/homenajeados1\/\" rel=\"attachment wp-att-18884\"><img data-recalc-dims=\"1\" loading=\"lazy\" decoding=\"async\" class=\"size-medium wp-image-18884\" title=\"Homenajeados1\" src=\"https:\/\/i0.wp.com\/www.eltrabajo.cl\/portal\/wp-content\/uploads\/2012\/06\/Homenajeados1-300x197.jpg?resize=300%2C197\" alt=\"\" width=\"300\" height=\"197\" srcset=\"https:\/\/i0.wp.com\/eltrabajo.cl\/portal\/wp-content\/uploads\/2012\/06\/Homenajeados1.jpg?resize=300%2C197&amp;ssl=1 300w, https:\/\/i0.wp.com\/eltrabajo.cl\/portal\/wp-content\/uploads\/2012\/06\/Homenajeados1.jpg?resize=200%2C131&amp;ssl=1 200w, https:\/\/i0.wp.com\/eltrabajo.cl\/portal\/wp-content\/uploads\/2012\/06\/Homenajeados1.jpg?resize=150%2C98&amp;ssl=1 150w, https:\/\/i0.wp.com\/eltrabajo.cl\/portal\/wp-content\/uploads\/2012\/06\/Homenajeados1.jpg?resize=400%2C262&amp;ssl=1 400w, https:\/\/i0.wp.com\/eltrabajo.cl\/portal\/wp-content\/uploads\/2012\/06\/Homenajeados1.jpg?w=600&amp;ssl=1 600w\" sizes=\"auto, (max-width: 300px) 100vw, 300px\" \/><\/a><figcaption id=\"caption-attachment-18884\" class=\"wp-caption-text\">Ellos son parte de los 38 donantes de la propiedad, la comunidad agradecida les rindi\u00f3 homenaje con esta placa y sus nombres en ella.<\/figcaption><\/figure>\n<p>Amar por su parte supo reconocer que el municipio siempre crey\u00f3 en la val\u00eda de esta escuelita e igualmente la incorpor\u00f3 a los est\u00e1ndares de calidad y desarrollo igualitariamente que a las dem\u00e1s de la provincia.<\/p>\n<p>Tambi\u00e9n durante la ceremonia se devel\u00f3 una placa de m\u00e1rmol con 38 nombres escritos, se trata de las 38 personas que hace 23 a\u00f1os unieron esfuerzos para desprenderse de parte de sus propiedades y formar as\u00ed una gran extensi\u00f3n de terreno para que fuese donada enteramente a la comunidad.<\/p>\n<p><strong>\u201cNO TEN\u00cdAMOS ESCUELITA\u201d<\/strong><\/p>\n<p>\u201cHoy rendimos homenaje a los 38 donantes del terreno que fue obsequiado por ellos hace 23a\u00f1os. Esta gesti\u00f3n se hizo en virtud de que nosotros no ten\u00edamos escuelita en el sector, lo que hab\u00eda era una casona antigua que pertenec\u00eda a la comuna de Los Andes\u201d, coment\u00f3 a Diario El Trabajo, Esmeralda Mu\u00f1oz, escritora de Rinconada y quien coordinara con los vecinos el presentar esta placa a los donantes, aunque no todos los 38 est\u00e1n con vida, los que s\u00ed viven posaron para nuestras c\u00e1maras con orgullo junto a la placa que ahora contiene sus nombres escritos en ella.<\/p>\n<figure id=\"attachment_18885\" aria-describedby=\"caption-attachment-18885\" style=\"width: 210px\" class=\"wp-caption alignleft\"><a href=\"http:\/\/www.eltrabajo.cl\/portal\/2012\/06\/con-develacion-de-placa-autoridades-y-vecinos-del-sector-celebraron-23%c2%ba-aniversario-de-escuelita-rural\/esmeralda1\/\" rel=\"attachment wp-att-18885\"><img data-recalc-dims=\"1\" loading=\"lazy\" decoding=\"async\" class=\"size-medium wp-image-18885 \" title=\"Esmeralda1\" src=\"https:\/\/i0.wp.com\/www.eltrabajo.cl\/portal\/wp-content\/uploads\/2012\/06\/Esmeralda1-300x246.jpg?resize=210%2C172\" alt=\"\" width=\"210\" height=\"172\" srcset=\"https:\/\/i0.wp.com\/eltrabajo.cl\/portal\/wp-content\/uploads\/2012\/06\/Esmeralda1.jpg?resize=300%2C246&amp;ssl=1 300w, https:\/\/i0.wp.com\/eltrabajo.cl\/portal\/wp-content\/uploads\/2012\/06\/Esmeralda1.jpg?resize=182%2C150&amp;ssl=1 182w, https:\/\/i0.wp.com\/eltrabajo.cl\/portal\/wp-content\/uploads\/2012\/06\/Esmeralda1.jpg?resize=150%2C123&amp;ssl=1 150w, https:\/\/i0.wp.com\/eltrabajo.cl\/portal\/wp-content\/uploads\/2012\/06\/Esmeralda1.jpg?resize=400%2C328&amp;ssl=1 400w, https:\/\/i0.wp.com\/eltrabajo.cl\/portal\/wp-content\/uploads\/2012\/06\/Esmeralda1.jpg?w=600&amp;ssl=1 600w\" sizes=\"auto, (max-width: 210px) 100vw, 210px\" \/><\/a><figcaption id=\"caption-attachment-18885\" class=\"wp-caption-text\">Esmeralda Mu\u00f1oz, escritora de Rinconada y quien gestion\u00f3 con los vecinos el rendir este merecido homenaje a los donantes.<\/figcaption><\/figure>\n<p>Alumnos de la \u2018Juan G\u00f3mez Milla\u2019 presentaron varias coreograf\u00edas para mostrar a los presentes su agradecimiento en calidad de favorecidos directos como alumnos que son de este centro educativo.<\/p>\n","protected":false},"excerpt":{"rendered":"<p>Roberto Gonz\u00e1lez Short &#8211; rgonzalez@eltrabajo.cl Este fin de semana se realizaron las actividades propias del 23\u00ba Aniversario de la Escuela Juan G\u00f3mez Milla en Rinconada. Al evento conmemorativo asistieron el Alcalde de&#8230;<\/p>\n","protected":false},"author":482,"featured_media":18883,"comment_status":"open","ping_status":"closed","sticky":false,"template":"","format":"standard","meta":{"advanced_seo_description":"","jetpack_seo_html_title":"","jetpack_seo_noindex":false,"_jetpack_memberships_contains_paid_content":false,"footnotes":""},"categories":[15],"tags":[],"class_list":["post-18882","post","type-post","status-publish","format-standard","has-post-thumbnail","hentry","category-comunidad"],"jetpack_featured_media_url":"https:\/\/i0.wp.com\/eltrabajo.cl\/portal\/wp-content\/uploads\/2012\/06\/Placa1.jpg?fit=600%2C389&ssl=1","jetpack_sharing_enabled":true,"jetpack_likes_enabled":true,"jetpack-related-posts":[],"_links":{"self":[{"href":"https:\/\/eltrabajo.cl\/portal\/wp-json\/wp\/v2\/posts\/18882","targetHints":{"allow":["GET"]}}],"collection":[{"href":"https:\/\/eltrabajo.cl\/portal\/wp-json\/wp\/v2\/posts"}],"about":[{"href":"https:\/\/eltrabajo.cl\/portal\/wp-json\/wp\/v2\/types\/post"}],"author":[{"embeddable":true,"href":"https:\/\/eltrabajo.cl\/portal\/wp-json\/wp\/v2\/users\/482"}],"replies":[{"embeddable":true,"href":"https:\/\/eltrabajo.cl\/portal\/wp-json\/wp\/v2\/comments?post=18882"}],"version-history":[{"count":0,"href":"https:\/\/eltrabajo.cl\/portal\/wp-json\/wp\/v2\/posts\/18882\/revisions"}],"wp:featuredmedia":[{"embeddable":true,"href":"https:\/\/eltrabajo.cl\/portal\/wp-json\/wp\/v2\/media\/18883"}],"wp:attachment":[{"href":"https:\/\/eltrabajo.cl\/portal\/wp-json\/wp\/v2\/media?parent=18882"}],"wp:term":[{"taxonomy":"category","embeddable":true,"href":"https:\/\/eltrabajo.cl\/portal\/wp-json\/wp\/v2\/categories?post=18882"},{"taxonomy":"post_tag","embeddable":true,"href":"https:\/\/eltrabajo.cl\/portal\/wp-json\/wp\/v2\/tags?post=18882"}],"curies":[{"name":"wp","href":"https:\/\/api.w.org\/{rel}","templated":true}]}}