{"id":18890,"date":"2012-06-05T10:06:13","date_gmt":"2012-06-05T14:06:13","guid":{"rendered":"http:\/\/www.eltrabajo.cl\/portal\/?p=18890"},"modified":"2012-06-05T10:06:13","modified_gmt":"2012-06-05T14:06:13","slug":"escuelas-municipales-ganan-fondo-en-transporte-rural-por-tercer-ano-consecutivo","status":"publish","type":"post","link":"https:\/\/eltrabajo.cl\/portal\/escuelas-municipales-ganan-fondo-en-transporte-rural-por-tercer-ano-consecutivo\/","title":{"rendered":"Escuelas municipales ganan Fondo en Transporte Rural por tercer a\u00f1o consecutivo"},"content":{"rendered":"<figure id=\"attachment_18891\" aria-describedby=\"caption-attachment-18891\" style=\"width: 600px\" class=\"wp-caption alignnone\"><a href=\"http:\/\/www.eltrabajo.cl\/portal\/2012\/06\/escuelas-municipales-ganan-fondo-en-transporte-rural-por-tercer-ano-consecutivo\/transporte1\/\" rel=\"attachment wp-att-18891\"><img data-recalc-dims=\"1\" loading=\"lazy\" decoding=\"async\" class=\"size-full wp-image-18891\" title=\"Transporte1\" src=\"https:\/\/i0.wp.com\/www.eltrabajo.cl\/portal\/wp-content\/uploads\/2012\/06\/Transporte1.jpg?resize=600%2C450\" alt=\"\" width=\"600\" height=\"450\" srcset=\"https:\/\/i0.wp.com\/eltrabajo.cl\/portal\/wp-content\/uploads\/2012\/06\/Transporte1.jpg?w=600&amp;ssl=1 600w, https:\/\/i0.wp.com\/eltrabajo.cl\/portal\/wp-content\/uploads\/2012\/06\/Transporte1.jpg?resize=200%2C150&amp;ssl=1 200w, https:\/\/i0.wp.com\/eltrabajo.cl\/portal\/wp-content\/uploads\/2012\/06\/Transporte1.jpg?resize=300%2C225&amp;ssl=1 300w, https:\/\/i0.wp.com\/eltrabajo.cl\/portal\/wp-content\/uploads\/2012\/06\/Transporte1.jpg?resize=150%2C112&amp;ssl=1 150w, https:\/\/i0.wp.com\/eltrabajo.cl\/portal\/wp-content\/uploads\/2012\/06\/Transporte1.jpg?resize=400%2C300&amp;ssl=1 400w\" sizes=\"auto, (max-width: 600px) 100vw, 600px\" \/><\/a><figcaption id=\"caption-attachment-18891\" class=\"wp-caption-text\">Este lunes se firmaron los convenios por m\u00e1s de $77 millones, donde la Daem de la comuna se adjudic\u00f3 doce millones de pesos.<\/figcaption><\/figure>\n<p><strong>PANQUEHUE<\/strong>.- Por tercer a\u00f1o consecutivo la educaci\u00f3n en Panquehue se adjudic\u00f3 el Fondo de Inversi\u00f3n en Transporte Rural, cuyos convenios fueron firmados este lunes por la Seremi de Educaci\u00f3n, Patricia Colarte y los sostenedores de las comunas rurales. Este lunes se firmaron los convenios por m\u00e1s de $77 millones, donde la Daem de la comuna se adjudic\u00f3 doce millones de pesos. La ceremonia se realiz\u00f3 en la Secretar\u00eda Regional Ministerial de Educaci\u00f3n de la Regi\u00f3n de Valpara\u00edso, donde el Alcalde Luis Pradenas destac\u00f3 que la comuna, una vez m\u00e1s fue favorecida por este fondo.<\/p>\n<p>\u00abPara nosotros como comuna es muy importante adjudicarnos este Fondo, puesto que estos recursos se invierten en combustible, repuestos y mantenci\u00f3n para nuestros veh\u00edculos escolares, por lo que de esa forma podemos llegar a todos los rincones de la comuna para el traslado de los escolares, permitiendo que ellos lleguen sin inconvenientes a sus respectivos hogares\u00bb, indic\u00f3 Pradenas.<\/p>\n<p>La Seremi de Educaci\u00f3n, Patricia Colarte, destac\u00f3 el aporte hecho por el Ministerio a los establecimientos rurales, se\u00f1alando que \u201clo que hace el Ministerio de Educaci\u00f3n es dar un apoyo econ\u00f3mico a las municipalidades, para que desarrollen distintos proyectos y hacer este acercamiento. Tenemos distintas modalidades, desde la compra de buses y tambi\u00e9n en algunas comunas se est\u00e1 trabajando en la compra de bicicletas, entonces de esa manera los alumnos no solamente se acercan a los colegios, sino que tambi\u00e9n tienen una vida m\u00e1s saludable\u201d, se\u00f1al\u00f3 el edil.<\/p>\n<p>El Apoyo al Sistema de Transporte Escolar Rural que, como su nombre lo indica, es un aporte econ\u00f3mico al gasto habitual que realizan los sostenedores de comunas rurales, con un 25% y m\u00e1s de ruralidad, para apoyar la continuidad de la trayectoria educativa de sus estudiantes.<\/p>\n","protected":false},"excerpt":{"rendered":"<p>PANQUEHUE.- Por tercer a\u00f1o consecutivo la educaci\u00f3n en Panquehue se adjudic\u00f3 el Fondo de Inversi\u00f3n en Transporte Rural, cuyos convenios fueron firmados este lunes por la Seremi de Educaci\u00f3n, Patricia Colarte y&#8230;<\/p>\n","protected":false},"author":482,"featured_media":18891,"comment_status":"open","ping_status":"closed","sticky":false,"template":"","format":"standard","meta":{"advanced_seo_description":"","jetpack_seo_html_title":"","jetpack_seo_noindex":false,"_jetpack_memberships_contains_paid_content":false,"footnotes":""},"categories":[17],"tags":[],"class_list":["post-18890","post","type-post","status-publish","format-standard","has-post-thumbnail","hentry","category-educacion"],"jetpack_featured_media_url":"https:\/\/i0.wp.com\/eltrabajo.cl\/portal\/wp-content\/uploads\/2012\/06\/Transporte1.jpg?fit=600%2C450&ssl=1","jetpack_sharing_enabled":true,"jetpack_likes_enabled":true,"jetpack-related-posts":[],"_links":{"self":[{"href":"https:\/\/eltrabajo.cl\/portal\/wp-json\/wp\/v2\/posts\/18890","targetHints":{"allow":["GET"]}}],"collection":[{"href":"https:\/\/eltrabajo.cl\/portal\/wp-json\/wp\/v2\/posts"}],"about":[{"href":"https:\/\/eltrabajo.cl\/portal\/wp-json\/wp\/v2\/types\/post"}],"author":[{"embeddable":true,"href":"https:\/\/eltrabajo.cl\/portal\/wp-json\/wp\/v2\/users\/482"}],"replies":[{"embeddable":true,"href":"https:\/\/eltrabajo.cl\/portal\/wp-json\/wp\/v2\/comments?post=18890"}],"version-history":[{"count":0,"href":"https:\/\/eltrabajo.cl\/portal\/wp-json\/wp\/v2\/posts\/18890\/revisions"}],"wp:featuredmedia":[{"embeddable":true,"href":"https:\/\/eltrabajo.cl\/portal\/wp-json\/wp\/v2\/media\/18891"}],"wp:attachment":[{"href":"https:\/\/eltrabajo.cl\/portal\/wp-json\/wp\/v2\/media?parent=18890"}],"wp:term":[{"taxonomy":"category","embeddable":true,"href":"https:\/\/eltrabajo.cl\/portal\/wp-json\/wp\/v2\/categories?post=18890"},{"taxonomy":"post_tag","embeddable":true,"href":"https:\/\/eltrabajo.cl\/portal\/wp-json\/wp\/v2\/tags?post=18890"}],"curies":[{"name":"wp","href":"https:\/\/api.w.org\/{rel}","templated":true}]}}