{"id":18894,"date":"2012-06-05T10:07:25","date_gmt":"2012-06-05T14:07:25","guid":{"rendered":"http:\/\/www.eltrabajo.cl\/portal\/?p=18894"},"modified":"2012-06-05T10:07:25","modified_gmt":"2012-06-05T14:07:25","slug":"desratizan-jardin-infantil-%e2%80%98cuncunitas%e2%80%99-tras-descubrir-presencia-de-roedores","status":"publish","type":"post","link":"https:\/\/eltrabajo.cl\/portal\/desratizan-jardin-infantil-%e2%80%98cuncunitas%e2%80%99-tras-descubrir-presencia-de-roedores\/","title":{"rendered":"Desratizan jard\u00edn infantil \u2018Cuncunitas\u2019 tras descubrir presencia de roedores"},"content":{"rendered":"<figure id=\"attachment_18895\" aria-describedby=\"caption-attachment-18895\" style=\"width: 300px\" class=\"wp-caption alignleft\"><a href=\"http:\/\/www.eltrabajo.cl\/portal\/2012\/06\/desratizan-jardin-infantil-%e2%80%98cuncunitas%e2%80%99-tras-descubrir-presencia-de-roedores\/jorge-sepulveda-6\/\" rel=\"attachment wp-att-18895\"><img data-recalc-dims=\"1\" loading=\"lazy\" decoding=\"async\" class=\"size-medium wp-image-18895\" title=\"Jorge Sep\u00falveda\" src=\"https:\/\/i0.wp.com\/www.eltrabajo.cl\/portal\/wp-content\/uploads\/2012\/06\/Jorge-Sep%C3%BAlveda-300x225.jpg?resize=300%2C225\" alt=\"\" width=\"300\" height=\"225\" srcset=\"https:\/\/i0.wp.com\/eltrabajo.cl\/portal\/wp-content\/uploads\/2012\/06\/Jorge-Sep%C3%BAlveda.jpg?resize=300%2C225&amp;ssl=1 300w, https:\/\/i0.wp.com\/eltrabajo.cl\/portal\/wp-content\/uploads\/2012\/06\/Jorge-Sep%C3%BAlveda.jpg?resize=200%2C150&amp;ssl=1 200w, https:\/\/i0.wp.com\/eltrabajo.cl\/portal\/wp-content\/uploads\/2012\/06\/Jorge-Sep%C3%BAlveda.jpg?resize=150%2C112&amp;ssl=1 150w, https:\/\/i0.wp.com\/eltrabajo.cl\/portal\/wp-content\/uploads\/2012\/06\/Jorge-Sep%C3%BAlveda.jpg?resize=400%2C300&amp;ssl=1 400w, https:\/\/i0.wp.com\/eltrabajo.cl\/portal\/wp-content\/uploads\/2012\/06\/Jorge-Sep%C3%BAlveda.jpg?w=600&amp;ssl=1 600w\" sizes=\"auto, (max-width: 300px) 100vw, 300px\" \/><\/a><figcaption id=\"caption-attachment-18895\" class=\"wp-caption-text\">El Director de la Daem se\u00f1al\u00f3 que en el lugar se observ\u00f3 la presencia de una laucha, por lo que se hizo una desratizaci\u00f3n y sanitizaci\u00f3n del lugar.<\/figcaption><\/figure>\n<p>Frente a la informaci\u00f3n que circul\u00f3 este lunes respecto a la existencia de una plaga de ratones en el jard\u00edn infantil \u2018Las Cuncunitas\u2019, ubicado en la villa Departamental de San Felipe, el director de la Daem, Jorge Sep\u00falveda, dijo que se trat\u00f3 de una laucha que encontraron los funcionarios del establecimiento merodeando por las instalaciones, por lo que se efectu\u00f3 un plan de contingencia para enfrentar la situaci\u00f3n.<\/p>\n<p>La situaci\u00f3n se produjo el mi\u00e9rcoles pasado, cuando en horas de la ma\u00f1ana los funcionarios del jard\u00edn infantil encontraron merodeando una laucha, por lo que se activ\u00f3 el procedimiento de rigor ante este tipo de hechos.<\/p>\n<p>Seg\u00fan explic\u00f3 Jorge Sep\u00falveda, jefe de la Daem, se mand\u00f3 inmediatamente a un funcionario de esa entidad a solucionar el problema, por lo que se contrat\u00f3 una empresa especialista en el tema para que efectuara la desratizaci\u00f3n correspondiente.<\/p>\n<p>\u201cSe suspendieron las actividades por la desratizaci\u00f3n y sanitizaci\u00f3n efectuada los d\u00edas jueves y viernes y el d\u00eda lunes volvieron a las actividades absolutamente normales. Nosotros tenemos un plan de desratizaci\u00f3n y sanitizaci\u00f3n que se efect\u00faa cada dos meses o un mes y medio, en este caso, atendiendo a la ubicaci\u00f3n del jard\u00edn, he dado instrucciones para que se haga mensualmente para que no sientan alg\u00fan grado de intranquilidad los apoderados\u201d.<\/p>\n<p>Adem\u00e1s el sector habr\u00eda sufrido el corte de agua, otro problema con el que han tenido que lidiar los funcionarios para poder atender de la mejor manera a los peque\u00f1os que asisten diariamente al establecimiento.<\/p>\n<p>\u201cDurante el transcurso de la ma\u00f1ana se cort\u00f3 el agua en el sector de Departamental, se dio alimentaci\u00f3n y se suspendieron las actividades\u201d, se\u00f1al\u00f3 Sep\u00falveda.<\/p>\n<p>El director de la Daem hizo un llamado a la tranquilidad de los apoderados de este jard\u00edn infantil, argumentando que las autoridades est\u00e1n permanentemente preocupados por el bienestar de los peque\u00f1os, y de hecho existe una coordinadora comunal que visita los jardines infantiles para ver las necesidades que ellos tienen.<\/p>\n","protected":false},"excerpt":{"rendered":"<p>Frente a la informaci\u00f3n que circul\u00f3 este lunes respecto a la existencia de una plaga de ratones en el jard\u00edn infantil \u2018Las Cuncunitas\u2019, ubicado en la villa Departamental de San Felipe, el&#8230;<\/p>\n","protected":false},"author":482,"featured_media":18895,"comment_status":"open","ping_status":"closed","sticky":false,"template":"","format":"standard","meta":{"advanced_seo_description":"","jetpack_seo_html_title":"","jetpack_seo_noindex":false,"_jetpack_memberships_contains_paid_content":false,"footnotes":""},"categories":[17],"tags":[],"class_list":["post-18894","post","type-post","status-publish","format-standard","has-post-thumbnail","hentry","category-educacion"],"jetpack_featured_media_url":"https:\/\/i0.wp.com\/eltrabajo.cl\/portal\/wp-content\/uploads\/2012\/06\/Jorge-Sep%C3%BAlveda.jpg?fit=600%2C451&ssl=1","jetpack_sharing_enabled":true,"jetpack_likes_enabled":true,"jetpack-related-posts":[],"_links":{"self":[{"href":"https:\/\/eltrabajo.cl\/portal\/wp-json\/wp\/v2\/posts\/18894","targetHints":{"allow":["GET"]}}],"collection":[{"href":"https:\/\/eltrabajo.cl\/portal\/wp-json\/wp\/v2\/posts"}],"about":[{"href":"https:\/\/eltrabajo.cl\/portal\/wp-json\/wp\/v2\/types\/post"}],"author":[{"embeddable":true,"href":"https:\/\/eltrabajo.cl\/portal\/wp-json\/wp\/v2\/users\/482"}],"replies":[{"embeddable":true,"href":"https:\/\/eltrabajo.cl\/portal\/wp-json\/wp\/v2\/comments?post=18894"}],"version-history":[{"count":0,"href":"https:\/\/eltrabajo.cl\/portal\/wp-json\/wp\/v2\/posts\/18894\/revisions"}],"wp:featuredmedia":[{"embeddable":true,"href":"https:\/\/eltrabajo.cl\/portal\/wp-json\/wp\/v2\/media\/18895"}],"wp:attachment":[{"href":"https:\/\/eltrabajo.cl\/portal\/wp-json\/wp\/v2\/media?parent=18894"}],"wp:term":[{"taxonomy":"category","embeddable":true,"href":"https:\/\/eltrabajo.cl\/portal\/wp-json\/wp\/v2\/categories?post=18894"},{"taxonomy":"post_tag","embeddable":true,"href":"https:\/\/eltrabajo.cl\/portal\/wp-json\/wp\/v2\/tags?post=18894"}],"curies":[{"name":"wp","href":"https:\/\/api.w.org\/{rel}","templated":true}]}}