{"id":18898,"date":"2012-06-05T10:08:35","date_gmt":"2012-06-05T14:08:35","guid":{"rendered":"http:\/\/www.eltrabajo.cl\/portal\/?p=18898"},"modified":"2012-06-05T10:08:35","modified_gmt":"2012-06-05T14:08:35","slug":"stand-sernac-regional-recibira-denuncias-por-extenso-corte-durante-temporal","status":"publish","type":"post","link":"https:\/\/eltrabajo.cl\/portal\/stand-sernac-regional-recibira-denuncias-por-extenso-corte-durante-temporal\/","title":{"rendered":"Stand Sernac regional recibir\u00e1 denuncias por extenso corte durante temporal"},"content":{"rendered":"<figure id=\"attachment_18899\" aria-describedby=\"caption-attachment-18899\" style=\"width: 300px\" class=\"wp-caption alignleft\"><a href=\"http:\/\/www.eltrabajo.cl\/portal\/2012\/06\/stand-sernac-regional-recibira-denuncias-por-extenso-corte-durante-temporal\/patricia-boffa-11\/\" rel=\"attachment wp-att-18899\"><img data-recalc-dims=\"1\" loading=\"lazy\" decoding=\"async\" class=\"size-medium wp-image-18899\" title=\"Patricia Boffa\" src=\"https:\/\/i0.wp.com\/www.eltrabajo.cl\/portal\/wp-content\/uploads\/2012\/06\/Patricia-Boffa-300x276.jpg?resize=300%2C276\" alt=\"\" width=\"300\" height=\"276\" srcset=\"https:\/\/i0.wp.com\/eltrabajo.cl\/portal\/wp-content\/uploads\/2012\/06\/Patricia-Boffa.jpg?resize=300%2C276&amp;ssl=1 300w, https:\/\/i0.wp.com\/eltrabajo.cl\/portal\/wp-content\/uploads\/2012\/06\/Patricia-Boffa.jpg?resize=162%2C150&amp;ssl=1 162w, https:\/\/i0.wp.com\/eltrabajo.cl\/portal\/wp-content\/uploads\/2012\/06\/Patricia-Boffa.jpg?resize=150%2C138&amp;ssl=1 150w, https:\/\/i0.wp.com\/eltrabajo.cl\/portal\/wp-content\/uploads\/2012\/06\/Patricia-Boffa.jpg?resize=400%2C368&amp;ssl=1 400w, https:\/\/i0.wp.com\/eltrabajo.cl\/portal\/wp-content\/uploads\/2012\/06\/Patricia-Boffa.jpg?w=600&amp;ssl=1 600w\" sizes=\"auto, (max-width: 300px) 100vw, 300px\" \/><\/a><figcaption id=\"caption-attachment-18899\" class=\"wp-caption-text\">La Gobernadora Patricia Boffa dijo que las personas que se vieron afectadas pueden acercarse al stand, donde se les tomar\u00e1 la denuncia respectiva.<\/figcaption><\/figure>\n<p>Sylvia Vergara G. . <a href=\"mailto:svergara@eltrabajo.cl\">svergara@eltrabajo.cl<\/a><\/p>\n<p>Un stand del Sernac Regional se instalar\u00e1 en la comuna de San Felipe este martes, el que tendr\u00e1 como objetivo poder acoger las denuncias de las personas que se vieron afectadas por el prolongado corte de energ\u00eda el\u00e9ctrica durante el temporal de viento y lluvia que afect\u00f3 a la zona hace varios d\u00edas.<\/p>\n<p>En ese lugar se estar\u00e1n recibiendo las denuncias que presentar\u00e1n las personas que se encuentren afectadas por el corte o que hayan sufrido la p\u00e9rdida o desperfecto de alg\u00fan artefacto de su casa.<\/p>\n<p>Estos antecedentes se anexar\u00e1n a la denuncia que la Gobernadora junto con el Diputado Gaspar Rivas y la Senadora Lily P\u00e9rez hicieron ante el Sernac a nivel nacional.<\/p>\n<p>El stand atender\u00e1 desde las 10 de la ma\u00f1ana hasta las 17 horas, tiempo durante el cual se estar\u00e1n recibiendo los reclamos de parte de la comunidad que se vio afectada durante esos d\u00edas.<\/p>\n<p>\u201cSe van a poder acercar a ellos los 12 mil clientes que se vieron afectados con este extensivo corte de suministro el\u00e9ctrico que vivimos el fin de semana pasado. Esto es por eventuales da\u00f1os y por la extensi\u00f3n del corte, de todos los clientes que quieran acercarse al Sernac Regional, se pueden acercar desde el d\u00eda de ma\u00f1ana (hoy) a partir de las 10 y hasta las 17 horas\u201d, dijo la Gobernadora Patricia Boffa.<\/p>\n<p>Lo que se busca eventualmente con esta presentaci\u00f3n es una indemnizaci\u00f3n, que se ver\u00eda reflejada en la boleta de los doce mil clientes afectados con este corte el\u00e9ctrico.<\/p>\n<p>\u201cEl procedimiento ser\u00eda que las personas que se vieron afectadas se acerquen a este stand del Sernac, el d\u00eda de ma\u00f1ana (martes), las personas tienen que venir a hacer el denuncio y hay todo un proceso de investigaci\u00f3n, no es una cosa que sea r\u00e1pida ni que muchas veces se ve gente que se acerca a estos lugares y no han sido damnificados y Chilquinta tiene los 12 mil clientes que se vieron afectados, as\u00ed es que ah\u00ed se va a hacer toda la investigaci\u00f3n que se requiera\u201d, dijo la autoridad provincial.<\/p>\n","protected":false},"excerpt":{"rendered":"<p>Sylvia Vergara G. . svergara@eltrabajo.cl Un stand del Sernac Regional se instalar\u00e1 en la comuna de San Felipe este martes, el que tendr\u00e1 como objetivo poder acoger las denuncias de las personas&#8230;<\/p>\n","protected":false},"author":482,"featured_media":18899,"comment_status":"open","ping_status":"closed","sticky":false,"template":"","format":"standard","meta":{"advanced_seo_description":"","jetpack_seo_html_title":"","jetpack_seo_noindex":false,"_jetpack_memberships_contains_paid_content":false,"footnotes":""},"categories":[1],"tags":[],"class_list":["post-18898","post","type-post","status-publish","format-standard","has-post-thumbnail","hentry","category-cronica"],"jetpack_featured_media_url":"https:\/\/i0.wp.com\/eltrabajo.cl\/portal\/wp-content\/uploads\/2012\/06\/Patricia-Boffa.jpg?fit=600%2C553&ssl=1","jetpack_sharing_enabled":true,"jetpack_likes_enabled":true,"jetpack-related-posts":[],"_links":{"self":[{"href":"https:\/\/eltrabajo.cl\/portal\/wp-json\/wp\/v2\/posts\/18898","targetHints":{"allow":["GET"]}}],"collection":[{"href":"https:\/\/eltrabajo.cl\/portal\/wp-json\/wp\/v2\/posts"}],"about":[{"href":"https:\/\/eltrabajo.cl\/portal\/wp-json\/wp\/v2\/types\/post"}],"author":[{"embeddable":true,"href":"https:\/\/eltrabajo.cl\/portal\/wp-json\/wp\/v2\/users\/482"}],"replies":[{"embeddable":true,"href":"https:\/\/eltrabajo.cl\/portal\/wp-json\/wp\/v2\/comments?post=18898"}],"version-history":[{"count":0,"href":"https:\/\/eltrabajo.cl\/portal\/wp-json\/wp\/v2\/posts\/18898\/revisions"}],"wp:featuredmedia":[{"embeddable":true,"href":"https:\/\/eltrabajo.cl\/portal\/wp-json\/wp\/v2\/media\/18899"}],"wp:attachment":[{"href":"https:\/\/eltrabajo.cl\/portal\/wp-json\/wp\/v2\/media?parent=18898"}],"wp:term":[{"taxonomy":"category","embeddable":true,"href":"https:\/\/eltrabajo.cl\/portal\/wp-json\/wp\/v2\/categories?post=18898"},{"taxonomy":"post_tag","embeddable":true,"href":"https:\/\/eltrabajo.cl\/portal\/wp-json\/wp\/v2\/tags?post=18898"}],"curies":[{"name":"wp","href":"https:\/\/api.w.org\/{rel}","templated":true}]}}