{"id":18902,"date":"2012-06-05T10:10:26","date_gmt":"2012-06-05T14:10:26","guid":{"rendered":"http:\/\/www.eltrabajo.cl\/portal\/?p=18902"},"modified":"2012-06-05T10:10:26","modified_gmt":"2012-06-05T14:10:26","slug":"gobernadora-de-los-andes-pidio-a-codelco-que-siemens-recontrate-a-trabajadores","status":"publish","type":"post","link":"https:\/\/eltrabajo.cl\/portal\/gobernadora-de-los-andes-pidio-a-codelco-que-siemens-recontrate-a-trabajadores\/","title":{"rendered":"Gobernadora de Los Andes pidi\u00f3 a Codelco que Siemens recontrate a trabajadores"},"content":{"rendered":"<p>&nbsp;<\/p>\n<figure id=\"attachment_18903\" aria-describedby=\"caption-attachment-18903\" style=\"width: 300px\" class=\"wp-caption alignleft\"><a href=\"http:\/\/www.eltrabajo.cl\/portal\/2012\/06\/gobernadora-de-los-andes-pidio-a-codelco-que-siemens-recontrate-a-trabajadores\/gobernadora-edith-quiroz\/\" rel=\"attachment wp-att-18903\"><img data-recalc-dims=\"1\" loading=\"lazy\" decoding=\"async\" class=\"size-medium wp-image-18903\" title=\"gobernadora edith quiroz\" src=\"https:\/\/i0.wp.com\/www.eltrabajo.cl\/portal\/wp-content\/uploads\/2012\/06\/gobernadora-edith-quiroz-300x230.jpg?resize=300%2C230\" alt=\"\" width=\"300\" height=\"230\" srcset=\"https:\/\/i0.wp.com\/eltrabajo.cl\/portal\/wp-content\/uploads\/2012\/06\/gobernadora-edith-quiroz.jpg?resize=300%2C230&amp;ssl=1 300w, https:\/\/i0.wp.com\/eltrabajo.cl\/portal\/wp-content\/uploads\/2012\/06\/gobernadora-edith-quiroz.jpg?resize=195%2C150&amp;ssl=1 195w, https:\/\/i0.wp.com\/eltrabajo.cl\/portal\/wp-content\/uploads\/2012\/06\/gobernadora-edith-quiroz.jpg?resize=150%2C115&amp;ssl=1 150w, https:\/\/i0.wp.com\/eltrabajo.cl\/portal\/wp-content\/uploads\/2012\/06\/gobernadora-edith-quiroz.jpg?resize=400%2C307&amp;ssl=1 400w, https:\/\/i0.wp.com\/eltrabajo.cl\/portal\/wp-content\/uploads\/2012\/06\/gobernadora-edith-quiroz.jpg?w=600&amp;ssl=1 600w\" sizes=\"auto, (max-width: 300px) 100vw, 300px\" \/><\/a><figcaption id=\"caption-attachment-18903\" class=\"wp-caption-text\">Cerca de 800 personas ser\u00edan recontratadas seg\u00fan la Gobernadora Edith Quiroz.<\/figcaption><\/figure>\n<p><strong>LOS ANDES.-<\/strong> La Gobernadora Provincial Edith Quiroz, solicit\u00f3 a Codelco que la gran mayor\u00eda de los trabajadores que pertenecen a empresas contratistas que cesar\u00e1n funciones este a\u00f1o en la Divisi\u00f3n Andina, sean recontratados por Siemens cuando \u00e9sta asuma su contrato de mantenci\u00f3n en el \u00e1rea industrial.<\/p>\n<p>La autoridad dijo que tras reunirse con ejecutivos de Andina les hizo ver esta situaci\u00f3n a fin de que no se vea perjudicada la mano de obra local.<\/p>\n<p>\u201cNosotros hemos solicitado a Codelco Divisi\u00f3n Andina que haga la exigencia ante esta empresa, la posibilidad de recontratar a todas estas personas. De acuerdo a lo que me han informado, al 30 de mayo esta empresa ha entrevistado a m\u00e1s de mil trescientas personas de las cuales m\u00e1s de ochocientas pertenecen a estos contratos que ya se han ido finalizando, ya que a\u00fan no han finalizado todos y ellos creen que finalmente van a ser recontratados en su gran mayor\u00eda\u201d, asever\u00f3.<\/p>\n<p>Agreg\u00f3 que de acuerdo a ello s\u00f3lo ser\u00edan entre 100 y 150 los trabajadores que no ser\u00edan recontratados, \u201cpor lo cual nosotros les hemos solicitados que esos trabajadores sean reubicados en otros contratos con la finalidad de que nuestra gente no quede sin trabajo\u201d.<\/p>\n<p>La autoridad dijo que como gobierno est\u00e1n atentos al proceso laboral que se est\u00e1 llevando a cabo en Andina y lament\u00f3 el clima que se est\u00e1 gestando a ra\u00edz de esta situaci\u00f3n.<\/p>\n<p>Por ello, ante el anuncio de movilizaciones de los trabajadores contratistas, hizo un llamado a la tranquilidad, \u201cpues si es necesario reunirme con los sindicatos, tambi\u00e9n lo har\u00e9 para que esta comunicaci\u00f3n sea fluida entre ellos y no hayan malas interpretaciones. Obviamente a m\u00ed como representante del gobierno y principalmente como Andina me interesa que mi gente, la gente de la provincia de Los Andes, sea la que quede recontratada\u201d.<\/p>\n<p>En este contexto, destac\u00f3 la implementaci\u00f3n de una mesa para la educaci\u00f3n a fin de que los trabajadores que son de la zona tengan la posibilidad de capacitarse y acceder a estos puestos de trabajo que est\u00e9 necesitando Siemens.<\/p>\n<p>La gobernadora declin\u00f3 pronunciarse sobre los dichos de los dirigentes de Fetramin, en cuanto a que sobre el 80% de los trabajadores no ser\u00edan recontratados, \u201cy por eso mismo si tenemos esta mesa de educaci\u00f3n donde podemos hacer que nuestra gente se capacite y que no sea estigmatizada\u201d.<\/p>\n","protected":false},"excerpt":{"rendered":"<p>&nbsp; LOS ANDES.- La Gobernadora Provincial Edith Quiroz, solicit\u00f3 a Codelco que la gran mayor\u00eda de los trabajadores que pertenecen a empresas contratistas que cesar\u00e1n funciones este a\u00f1o en la Divisi\u00f3n Andina,&#8230;<\/p>\n","protected":false},"author":482,"featured_media":18903,"comment_status":"open","ping_status":"closed","sticky":false,"template":"","format":"standard","meta":{"advanced_seo_description":"","jetpack_seo_html_title":"","jetpack_seo_noindex":false,"_jetpack_memberships_contains_paid_content":false,"footnotes":""},"categories":[1],"tags":[],"class_list":["post-18902","post","type-post","status-publish","format-standard","has-post-thumbnail","hentry","category-cronica"],"jetpack_featured_media_url":"https:\/\/i0.wp.com\/eltrabajo.cl\/portal\/wp-content\/uploads\/2012\/06\/gobernadora-edith-quiroz.jpg?fit=600%2C461&ssl=1","jetpack_sharing_enabled":true,"jetpack_likes_enabled":true,"jetpack-related-posts":[],"_links":{"self":[{"href":"https:\/\/eltrabajo.cl\/portal\/wp-json\/wp\/v2\/posts\/18902","targetHints":{"allow":["GET"]}}],"collection":[{"href":"https:\/\/eltrabajo.cl\/portal\/wp-json\/wp\/v2\/posts"}],"about":[{"href":"https:\/\/eltrabajo.cl\/portal\/wp-json\/wp\/v2\/types\/post"}],"author":[{"embeddable":true,"href":"https:\/\/eltrabajo.cl\/portal\/wp-json\/wp\/v2\/users\/482"}],"replies":[{"embeddable":true,"href":"https:\/\/eltrabajo.cl\/portal\/wp-json\/wp\/v2\/comments?post=18902"}],"version-history":[{"count":0,"href":"https:\/\/eltrabajo.cl\/portal\/wp-json\/wp\/v2\/posts\/18902\/revisions"}],"wp:featuredmedia":[{"embeddable":true,"href":"https:\/\/eltrabajo.cl\/portal\/wp-json\/wp\/v2\/media\/18903"}],"wp:attachment":[{"href":"https:\/\/eltrabajo.cl\/portal\/wp-json\/wp\/v2\/media?parent=18902"}],"wp:term":[{"taxonomy":"category","embeddable":true,"href":"https:\/\/eltrabajo.cl\/portal\/wp-json\/wp\/v2\/categories?post=18902"},{"taxonomy":"post_tag","embeddable":true,"href":"https:\/\/eltrabajo.cl\/portal\/wp-json\/wp\/v2\/tags?post=18902"}],"curies":[{"name":"wp","href":"https:\/\/api.w.org\/{rel}","templated":true}]}}