{"id":18906,"date":"2012-06-05T10:11:49","date_gmt":"2012-06-05T14:11:49","guid":{"rendered":"http:\/\/www.eltrabajo.cl\/portal\/?p=18906"},"modified":"2012-06-05T10:11:49","modified_gmt":"2012-06-05T14:11:49","slug":"director-del-servicio-de-salud-aconcagua-reconocio-presencia-de-bacteria-en-hospital-de-llay-llay-y-critico-proceder-de-diputado-marco-antonio-nunez","status":"publish","type":"post","link":"https:\/\/eltrabajo.cl\/portal\/director-del-servicio-de-salud-aconcagua-reconocio-presencia-de-bacteria-en-hospital-de-llay-llay-y-critico-proceder-de-diputado-marco-antonio-nunez\/","title":{"rendered":"Director del Servicio de Salud Aconcagua reconoci\u00f3 presencia de bacteria en hospital de Llay-Llay y critic\u00f3 proceder de diputado Marco Antonio N\u00fa\u00f1ez"},"content":{"rendered":"<figure id=\"attachment_18907\" aria-describedby=\"caption-attachment-18907\" style=\"width: 300px\" class=\"wp-caption alignleft\"><a href=\"http:\/\/www.eltrabajo.cl\/portal\/2012\/06\/director-del-servicio-de-salud-aconcagua-reconocio-presencia-de-bacteria-en-hospital-de-llay-llay-y-critico-proceder-de-diputado-marco-antonio-nunez\/rodrigo-infante-8\/\" rel=\"attachment wp-att-18907\"><img data-recalc-dims=\"1\" loading=\"lazy\" decoding=\"async\" class=\"size-medium wp-image-18907\" title=\"rodrigo infante\" src=\"https:\/\/i0.wp.com\/www.eltrabajo.cl\/portal\/wp-content\/uploads\/2012\/06\/rodrigo-infante-300x225.jpg?resize=300%2C225\" alt=\"\" width=\"300\" height=\"225\" srcset=\"https:\/\/i0.wp.com\/eltrabajo.cl\/portal\/wp-content\/uploads\/2012\/06\/rodrigo-infante.jpg?resize=300%2C225&amp;ssl=1 300w, https:\/\/i0.wp.com\/eltrabajo.cl\/portal\/wp-content\/uploads\/2012\/06\/rodrigo-infante.jpg?resize=200%2C150&amp;ssl=1 200w, https:\/\/i0.wp.com\/eltrabajo.cl\/portal\/wp-content\/uploads\/2012\/06\/rodrigo-infante.jpg?resize=150%2C112&amp;ssl=1 150w, https:\/\/i0.wp.com\/eltrabajo.cl\/portal\/wp-content\/uploads\/2012\/06\/rodrigo-infante.jpg?resize=400%2C300&amp;ssl=1 400w, https:\/\/i0.wp.com\/eltrabajo.cl\/portal\/wp-content\/uploads\/2012\/06\/rodrigo-infante.jpg?w=600&amp;ssl=1 600w\" sizes=\"auto, (max-width: 300px) 100vw, 300px\" \/><\/a><figcaption id=\"caption-attachment-18907\" class=\"wp-caption-text\">El director del Servicio de Salud Aconcagua, Rodrigo Infante, reconoci\u00f3 la existencia de dos pacientes que podr\u00edan tener \u2018clostridium difficile\u2019 en el hospital San Francisco de Llay Llay, quienes se encuentran aislados y con el tratamiento de rigor.<\/figcaption><\/figure>\n<ul>\n<li><strong>Lo calific\u00f3 de oportunista pol\u00edticamente y de irresponsable al generar alarma p\u00fablica con una situaci\u00f3n que se produce en los establecimientos de salud.<\/strong><\/li>\n<\/ul>\n<p>El Director del Servicio de Salud Aconcagua, Rodrigo Infante, reconoci\u00f3 la existencia de dos pacientes del hospital San Francisco que ser\u00edan portadores de la bacteria \u2018clostridium difficile\u2019, quienes al momento de presentar algunos s\u00edntomas se les realiz\u00f3 un tratamiento al interior del centro asistencial y se les aplic\u00f3 un test que fue enviado al Instituto de Salud P\u00fablica para confirmar el diagn\u00f3stico.<\/p>\n<p>Seg\u00fan explic\u00f3 Infante, por los s\u00edntomas que presentaban estos dos pacientes del hospital de Llay-Llay, el equipo m\u00e9dico sospech\u00f3 la presencia de la bacteria, por lo que se les realiz\u00f3 el test y se envi\u00f3 al ISP, aunque se espera que la respuesta sea positiva a la bacteria, por lo que se tomaron todas las medias de rigor, aplicando los medicamentes necesarios y aislando a los afectados, los que se mantienen en esta condici\u00f3n desde la fecha de detecci\u00f3n de la bacteria, que fue durante los primeros d\u00edas de mayo, y se mantendr\u00e1n hasta que se confirme o descarte el diagn\u00f3stico.<\/p>\n<p>Uno de los pacientes que estar\u00eda presentando la bacteria lleva dos a\u00f1os internado en el hospital San Francisco de Llay Llay, y desarroll\u00f3 este tipo de infecci\u00f3n intrahospitalaria debido a que en su condici\u00f3n las defensas bajan y al ser tratado con antibi\u00f3ticos se vuelve m\u00e1s f\u00e1cil que este tipo de bacteria se desarrolle, ya que como explic\u00f3 la doctor Iris Boisier, ellas permanecen en el organismo humano y se logran desarrollar al bajar las defensas.<\/p>\n<p>Ante esta situaci\u00f3n, el director del Servicio se\u00f1al\u00f3 que las medidas ya hab\u00edan sido tomadas y no es necesario generar alarma p\u00fablica, ya que casos de este tipo se han presentado anteriormente y hab\u00edan sido tratados por la red, por ello calific\u00f3 como oportunistas pol\u00edticamente e irresponsables las declaraciones del diputado Marco N\u00fa\u00f1ez, quien dio a conocer la informaci\u00f3n.<\/p>\n<p>\u201cLa alarma p\u00fablica que gener\u00f3 el diputado es realmente irresponsable, porque en Llay Llay es el \u00fanico centro de referencia que tiene la comuna, por lo tanto la gente adquiere un temor, temor que no existe, porque la verdad que los pacientes est\u00e1n aislados y est\u00e1n siendo tratados desde hace mucho tiempo, y efectivamente hubo un contagio, el segundo paciente se contagi\u00f3 por haber estado en la misma sala que este paciente, pero una vez que se vio que ambos son portadores de bacteria, han estado aislados y no han tenido contacto con el resto de los pacientes\u201d, dijo Infante.<\/p>\n<p>Los resultados de los ex\u00e1menes enviados al ISP deber\u00edan estar disponibles en los pr\u00f3ximos 15 a 20 d\u00edas, aunque a la espera de la respuesta ya se tomaron las medidas, ya que el sistema de salud cuenta con test r\u00e1pido para poder tratar las infecciones intrahospitalarias a tiempo.<\/p>\n<p>Infante adem\u00e1s se mostr\u00f3 en desacuerdo con la forma de fiscalizar del Diputado N\u00fa\u00f1ez, argumentando que no es frente a las c\u00e1maras de televisi\u00f3n que se hace una denuncia, sobre todo, se\u00f1al\u00f3 el director, porque el parlamentario se contact\u00f3 con el Servicio de Salud y se le entregaron todos los detalles de esta situaci\u00f3n.<\/p>\n<p>\u201cNunca se ocultan las cosas ac\u00e1, sino que tiene que saber la gente que tiene que saber, los pacientes est\u00e1n informados, los familiares est\u00e1n informados, los funcionarios est\u00e1n informados, la gente tiene que entrar con gorros, m\u00e1scara, delantal y lavarse las manos, y afuera dice sala de aislamiento\u201d.<\/p>\n<p>En t\u00e9rminos m\u00e9dicos la doctora Iris Boisier explic\u00f3 que las infecciones por \u2018clostridium difficile\u2019 no es una enfermedad que sea de notificaci\u00f3n obligatoria, y dijo que en los establecimientos con cierta periodicidad aparece la bacteria, por lo que esa realidad no reviste una situaci\u00f3n de alama, donde se tenga que activar demasiado el sistema sanitario, sostuvo.<\/p>\n<p>\u201cNosotros en ning\u00fan caso hubi\u00e9ramos comunicado a la opini\u00f3n p\u00fablica casos que se dan en otros establecimientos, nosotros no vamos a comunicar que tenemos un paciente con infecci\u00f3n urinaria, ac\u00e1 igual, lamentablemente esta situaci\u00f3n se mezcla con la situaci\u00f3n sucedida en la Posta Central, que es un caso muy diferente de lo ocurrido en Aconcagua, ac\u00e1 las medidas se tomaron, hubo una sospecha de brote y en este momento los pacientes est\u00e1n aislados y con sus patolog\u00edas controladas\u201d.<\/p>\n<p>La profesional dijo adem\u00e1s que todas las personas cuentan con este tipo de bacteria en su organismo, la que se desarrolla bajo ciertas circunstancias como tratamientos prolongados con antibi\u00f3ticos de \u00faltima generaci\u00f3n, donde se elimina la flora buena de los intestinos y aparece el \u2018clostridium difficile\u2019.<\/p>\n<p>La enfermedad se contagia a trav\u00e9s de las deposiciones, y espec\u00edficamente al tomar la mano de una persona contagiada.<\/p>\n","protected":false},"excerpt":{"rendered":"<p>Lo calific\u00f3 de oportunista pol\u00edticamente y de irresponsable al generar alarma p\u00fablica con una situaci\u00f3n que se produce en los establecimientos de salud. El Director del Servicio de Salud Aconcagua, Rodrigo Infante,&#8230;<\/p>\n","protected":false},"author":482,"featured_media":18907,"comment_status":"open","ping_status":"closed","sticky":false,"template":"","format":"standard","meta":{"advanced_seo_description":"","jetpack_seo_html_title":"","jetpack_seo_noindex":false,"_jetpack_memberships_contains_paid_content":false,"footnotes":""},"categories":[1],"tags":[],"class_list":["post-18906","post","type-post","status-publish","format-standard","has-post-thumbnail","hentry","category-cronica"],"jetpack_featured_media_url":"https:\/\/i0.wp.com\/eltrabajo.cl\/portal\/wp-content\/uploads\/2012\/06\/rodrigo-infante.jpg?fit=600%2C450&ssl=1","jetpack_sharing_enabled":true,"jetpack_likes_enabled":true,"jetpack-related-posts":[],"_links":{"self":[{"href":"https:\/\/eltrabajo.cl\/portal\/wp-json\/wp\/v2\/posts\/18906","targetHints":{"allow":["GET"]}}],"collection":[{"href":"https:\/\/eltrabajo.cl\/portal\/wp-json\/wp\/v2\/posts"}],"about":[{"href":"https:\/\/eltrabajo.cl\/portal\/wp-json\/wp\/v2\/types\/post"}],"author":[{"embeddable":true,"href":"https:\/\/eltrabajo.cl\/portal\/wp-json\/wp\/v2\/users\/482"}],"replies":[{"embeddable":true,"href":"https:\/\/eltrabajo.cl\/portal\/wp-json\/wp\/v2\/comments?post=18906"}],"version-history":[{"count":0,"href":"https:\/\/eltrabajo.cl\/portal\/wp-json\/wp\/v2\/posts\/18906\/revisions"}],"wp:featuredmedia":[{"embeddable":true,"href":"https:\/\/eltrabajo.cl\/portal\/wp-json\/wp\/v2\/media\/18907"}],"wp:attachment":[{"href":"https:\/\/eltrabajo.cl\/portal\/wp-json\/wp\/v2\/media?parent=18906"}],"wp:term":[{"taxonomy":"category","embeddable":true,"href":"https:\/\/eltrabajo.cl\/portal\/wp-json\/wp\/v2\/categories?post=18906"},{"taxonomy":"post_tag","embeddable":true,"href":"https:\/\/eltrabajo.cl\/portal\/wp-json\/wp\/v2\/tags?post=18906"}],"curies":[{"name":"wp","href":"https:\/\/api.w.org\/{rel}","templated":true}]}}