{"id":18910,"date":"2012-06-05T10:13:42","date_gmt":"2012-06-05T14:13:42","guid":{"rendered":"http:\/\/www.eltrabajo.cl\/portal\/?p=18910"},"modified":"2012-06-05T10:13:42","modified_gmt":"2012-06-05T14:13:42","slug":"prodemu-capacita-a-mujeres-para-comenzar-o-mejorar-sus-emprendimientos","status":"publish","type":"post","link":"https:\/\/eltrabajo.cl\/portal\/prodemu-capacita-a-mujeres-para-comenzar-o-mejorar-sus-emprendimientos\/","title":{"rendered":"Prodemu capacita a mujeres para comenzar o mejorar sus emprendimientos"},"content":{"rendered":"<figure id=\"attachment_18911\" aria-describedby=\"caption-attachment-18911\" style=\"width: 600px\" class=\"wp-caption alignnone\"><a href=\"http:\/\/www.eltrabajo.cl\/portal\/2012\/06\/prodemu-capacita-a-mujeres-para-comenzar-o-mejorar-sus-emprendimientos\/mujeres-capacitandose-1\/\" rel=\"attachment wp-att-18911\"><img data-recalc-dims=\"1\" loading=\"lazy\" decoding=\"async\" class=\"size-full wp-image-18911\" title=\"mujeres capacitandose (1)\" src=\"https:\/\/i0.wp.com\/www.eltrabajo.cl\/portal\/wp-content\/uploads\/2012\/06\/mujeres-capacitandose-1.jpg?resize=600%2C450\" alt=\"\" width=\"600\" height=\"450\" srcset=\"https:\/\/i0.wp.com\/eltrabajo.cl\/portal\/wp-content\/uploads\/2012\/06\/mujeres-capacitandose-1.jpg?w=600&amp;ssl=1 600w, https:\/\/i0.wp.com\/eltrabajo.cl\/portal\/wp-content\/uploads\/2012\/06\/mujeres-capacitandose-1.jpg?resize=200%2C150&amp;ssl=1 200w, https:\/\/i0.wp.com\/eltrabajo.cl\/portal\/wp-content\/uploads\/2012\/06\/mujeres-capacitandose-1.jpg?resize=300%2C225&amp;ssl=1 300w, https:\/\/i0.wp.com\/eltrabajo.cl\/portal\/wp-content\/uploads\/2012\/06\/mujeres-capacitandose-1.jpg?resize=150%2C112&amp;ssl=1 150w, https:\/\/i0.wp.com\/eltrabajo.cl\/portal\/wp-content\/uploads\/2012\/06\/mujeres-capacitandose-1.jpg?resize=400%2C300&amp;ssl=1 400w\" sizes=\"auto, (max-width: 600px) 100vw, 600px\" \/><\/a><figcaption id=\"caption-attachment-18911\" class=\"wp-caption-text\">Este grupo de mujeres forma parte del programa \u2018Mejorando mi Negocio\u2019, y durante las capacitaciones han podido aprender de distintos temas.<\/figcaption><\/figure>\n<p>Sylvia Vergara G. &#8211; <a href=\"mailto:vergara@gmail.com\">vergara@gmail.com<\/a><\/p>\n<p>Con todos sus programas funcionando se encuentra la Fundaci\u00f3n Prodemu en la comuna de San Felipe, lo que favorece a una importante cantidad de mujeres de la provincia.<\/p>\n<p>Durante la ma\u00f1ana de este lunes se encontraban en clases las mujeres que forman parte del programa \u2018Mejorando mi Negocio\u2019, participantes que ya cuentan con un emprendimiento de al menos seis meses de actividad, que puede ser formal o informal.<\/p>\n<figure id=\"attachment_18912\" aria-describedby=\"caption-attachment-18912\" style=\"width: 300px\" class=\"wp-caption alignright\"><a href=\"http:\/\/www.eltrabajo.cl\/portal\/2012\/06\/prodemu-capacita-a-mujeres-para-comenzar-o-mejorar-sus-emprendimientos\/jessica-lobos-1\/\" rel=\"attachment wp-att-18912\"><img data-recalc-dims=\"1\" loading=\"lazy\" decoding=\"async\" class=\"size-medium wp-image-18912\" title=\"jessica lobos (1)\" src=\"https:\/\/i0.wp.com\/www.eltrabajo.cl\/portal\/wp-content\/uploads\/2012\/06\/jessica-lobos-1-300x225.jpg?resize=300%2C225\" alt=\"\" width=\"300\" height=\"225\" srcset=\"https:\/\/i0.wp.com\/eltrabajo.cl\/portal\/wp-content\/uploads\/2012\/06\/jessica-lobos-1.jpg?resize=300%2C225&amp;ssl=1 300w, https:\/\/i0.wp.com\/eltrabajo.cl\/portal\/wp-content\/uploads\/2012\/06\/jessica-lobos-1.jpg?resize=200%2C150&amp;ssl=1 200w, https:\/\/i0.wp.com\/eltrabajo.cl\/portal\/wp-content\/uploads\/2012\/06\/jessica-lobos-1.jpg?resize=150%2C112&amp;ssl=1 150w, https:\/\/i0.wp.com\/eltrabajo.cl\/portal\/wp-content\/uploads\/2012\/06\/jessica-lobos-1.jpg?resize=400%2C300&amp;ssl=1 400w, https:\/\/i0.wp.com\/eltrabajo.cl\/portal\/wp-content\/uploads\/2012\/06\/jessica-lobos-1.jpg?w=600&amp;ssl=1 600w\" sizes=\"auto, (max-width: 300px) 100vw, 300px\" \/><\/a><figcaption id=\"caption-attachment-18912\" class=\"wp-caption-text\">J\u00e9ssica Lobos es una de las mujeres que participa de las capacitaciones, ya que quiere mejorar su negocio de producci\u00f3n de canarios.<\/figcaption><\/figure>\n<p>La idea es que durante estos cursos, las mujeres puedan obtener las capacidades para convertirse en empresarias.<\/p>\n<p>\u201cAhora estamos en un proceso en que estamos trayendo a personas que partieron como ellas, de repente con cosas muy peque\u00f1itas, vendiendo cosas en la casa y ahora est\u00e1n en el mundo como empresarias, as\u00ed le estamos entregando toda la energ\u00eda, queremos que sean grandes emprendedoras\u201d, dijo Heidi Serrat, directora de la fundaci\u00f3n en San Felipe.<\/p>\n<p>Durante el transcurso del programa \u2018Mejorando mi Negocio\u2019, a las mujeres se les entrega un oficio que se llama \u2018Herramientas de Gesti\u00f3n y Comercializaci\u00f3n para la Microempresa\u2019, tambi\u00e9n se las capacita en alfabetizaci\u00f3n digital, para que ellas puedan promocionar sus productos en diferentes plataformas de Internet.<\/p>\n<p>Espec\u00edficamente a aquellas mujeres que se est\u00e1n capacitando en el \u00e1mbito dependiente, se les ense\u00f1a para que puedan subir sus curriculum a las bolsas laborales y as\u00ed postular a distintos trabajos.<\/p>\n<p>\u201cAdem\u00e1s se trabaja una etapa de habilitaci\u00f3n, que es un poco empoderar a la mujer, que se crea el cuento de que puede salir adelante, que somos las mujeres las que movemos el mundo y adem\u00e1s en una \u00faltima etapa se les entrega, dependiendo del oficio de corte dependiente o independiente, se les entregan las herramientas para desenvolverse en el mundo privado, para hacer sus curriculum, presentarse a un trabajo o a las mujeres que son de corte independiente se les entregan las herramientas para postular a los distintos fondos\u201d, dijo Serrat.<\/p>\n<p>En tanto para las mujeres que son de corte dependiente, la fundaci\u00f3n se coloca como meta que un 40% quede trabajando luego de terminar los cursos, \u201cde todas maneras de los oficios del a\u00f1o pasado, pr\u00e1cticamente el 80% pas\u00f3 por entrevista, hay muchas que est\u00e1n trabajando y estamos en toda una etapa de investigaci\u00f3n hacia atr\u00e1s para ver si siguen trabajando\u201d, dijo la directora provincial.<\/p>\n<p>Una de las mujeres que forman parte de estas capacitaciones es Jessica Lobos, que se dedica a la producci\u00f3n de canarios.<\/p>\n<p>Seg\u00fan cuenta durante el tiempo que ha asistido a las capacitaciones ha podido acceder a conocimientos administrativos, contables y ha podido hacer contactos internos y externos para llegar a m\u00e1s gente y as\u00ed poder ofrecer sus productos.<\/p>\n<p>\u201cAl estar regando en mi casa lleg\u00f3 una mascota y ah\u00ed nace la idea de este emprendimiento, a tal punto que ya tengo m\u00e1s de 130 reproductores, es primera vez que participo en estos cursos\u201d.<\/p>\n<p>Ahora la idea de Jessica es comenzar a producir canarios de competencia y por ello necesita seguir capacit\u00e1ndose.<\/p>\n","protected":false},"excerpt":{"rendered":"<p>Sylvia Vergara G. &#8211; vergara@gmail.com Con todos sus programas funcionando se encuentra la Fundaci\u00f3n Prodemu en la comuna de San Felipe, lo que favorece a una importante cantidad de mujeres de la&#8230;<\/p>\n","protected":false},"author":482,"featured_media":18911,"comment_status":"open","ping_status":"closed","sticky":false,"template":"","format":"standard","meta":{"advanced_seo_description":"","jetpack_seo_html_title":"","jetpack_seo_noindex":false,"_jetpack_memberships_contains_paid_content":false,"footnotes":""},"categories":[1],"tags":[],"class_list":["post-18910","post","type-post","status-publish","format-standard","has-post-thumbnail","hentry","category-cronica"],"jetpack_featured_media_url":"https:\/\/i0.wp.com\/eltrabajo.cl\/portal\/wp-content\/uploads\/2012\/06\/mujeres-capacitandose-1.jpg?fit=600%2C450&ssl=1","jetpack_sharing_enabled":true,"jetpack_likes_enabled":true,"jetpack-related-posts":[],"_links":{"self":[{"href":"https:\/\/eltrabajo.cl\/portal\/wp-json\/wp\/v2\/posts\/18910","targetHints":{"allow":["GET"]}}],"collection":[{"href":"https:\/\/eltrabajo.cl\/portal\/wp-json\/wp\/v2\/posts"}],"about":[{"href":"https:\/\/eltrabajo.cl\/portal\/wp-json\/wp\/v2\/types\/post"}],"author":[{"embeddable":true,"href":"https:\/\/eltrabajo.cl\/portal\/wp-json\/wp\/v2\/users\/482"}],"replies":[{"embeddable":true,"href":"https:\/\/eltrabajo.cl\/portal\/wp-json\/wp\/v2\/comments?post=18910"}],"version-history":[{"count":0,"href":"https:\/\/eltrabajo.cl\/portal\/wp-json\/wp\/v2\/posts\/18910\/revisions"}],"wp:featuredmedia":[{"embeddable":true,"href":"https:\/\/eltrabajo.cl\/portal\/wp-json\/wp\/v2\/media\/18911"}],"wp:attachment":[{"href":"https:\/\/eltrabajo.cl\/portal\/wp-json\/wp\/v2\/media?parent=18910"}],"wp:term":[{"taxonomy":"category","embeddable":true,"href":"https:\/\/eltrabajo.cl\/portal\/wp-json\/wp\/v2\/categories?post=18910"},{"taxonomy":"post_tag","embeddable":true,"href":"https:\/\/eltrabajo.cl\/portal\/wp-json\/wp\/v2\/tags?post=18910"}],"curies":[{"name":"wp","href":"https:\/\/api.w.org\/{rel}","templated":true}]}}