{"id":18948,"date":"2012-06-06T10:03:41","date_gmt":"2012-06-06T14:03:41","guid":{"rendered":"http:\/\/www.eltrabajo.cl\/portal\/?p=18948"},"modified":"2012-06-06T10:03:41","modified_gmt":"2012-06-06T14:03:41","slug":"mas-de-500-trabajadores-quedarian-cesantes-por-contrato-con-siemens","status":"publish","type":"post","link":"https:\/\/eltrabajo.cl\/portal\/mas-de-500-trabajadores-quedarian-cesantes-por-contrato-con-siemens\/","title":{"rendered":"M\u00e1s de 500 trabajadores quedar\u00edan cesantes por contrato con Siemens"},"content":{"rendered":"<figure id=\"attachment_18949\" aria-describedby=\"caption-attachment-18949\" style=\"width: 300px\" class=\"wp-caption alignleft\"><a href=\"http:\/\/www.eltrabajo.cl\/portal\/2012\/06\/mas-de-500-trabajadores-quedarian-cesantes-por-contrato-con-siemens\/ricardovergara-emplazagob\/\" rel=\"attachment wp-att-18949\"><img data-recalc-dims=\"1\" loading=\"lazy\" decoding=\"async\" class=\"size-medium wp-image-18949\" title=\"ricardovergara-emplazagob\" src=\"https:\/\/i0.wp.com\/www.eltrabajo.cl\/portal\/wp-content\/uploads\/2012\/06\/ricardovergara-emplazagob-300x225.jpg?resize=300%2C225\" alt=\"\" width=\"300\" height=\"225\" srcset=\"https:\/\/i0.wp.com\/eltrabajo.cl\/portal\/wp-content\/uploads\/2012\/06\/ricardovergara-emplazagob.jpg?resize=300%2C225&amp;ssl=1 300w, https:\/\/i0.wp.com\/eltrabajo.cl\/portal\/wp-content\/uploads\/2012\/06\/ricardovergara-emplazagob.jpg?resize=200%2C150&amp;ssl=1 200w, https:\/\/i0.wp.com\/eltrabajo.cl\/portal\/wp-content\/uploads\/2012\/06\/ricardovergara-emplazagob.jpg?resize=150%2C112&amp;ssl=1 150w, https:\/\/i0.wp.com\/eltrabajo.cl\/portal\/wp-content\/uploads\/2012\/06\/ricardovergara-emplazagob.jpg?resize=400%2C300&amp;ssl=1 400w, https:\/\/i0.wp.com\/eltrabajo.cl\/portal\/wp-content\/uploads\/2012\/06\/ricardovergara-emplazagob.jpg?w=600&amp;ssl=1 600w\" sizes=\"auto, (max-width: 300px) 100vw, 300px\" \/><\/a><figcaption id=\"caption-attachment-18949\" class=\"wp-caption-text\">Ricardo Vergara, Presidente Federaci\u00f3n de Trabajadores de Empresas Contratistas de Andina.<\/figcaption><\/figure>\n<p><strong>LOS ANDES.-<\/strong> El Presidente de la Federaci\u00f3n de Trabajadores de Empresas Contratistas de Andina, Ricardo Vergara, asever\u00f3 que al menos 500 trabajadores perder\u00edan su empleo una vez que la alemana Siemens empiece sus operaciones en la Divisi\u00f3n Andina de Codelco.<\/p>\n<p>El dirigente desminti\u00f3 las declaraciones hechas por la gobernadora Edith Quiroz, quien asegur\u00f3 que la mayor\u00eda de los trabajadores contratistas que actualmente laboran en los 17 contratos de mantenci\u00f3n, ser\u00edan recontratados por Siemens.<\/p>\n<p>\u201cCodelco ha entregado una informaci\u00f3n a las autoridades m\u00e1s que nada para tranquilizar al Gobierno, pero la cosa no es tan as\u00ed. Codelco simplemente entrega la licitaci\u00f3n y se lava las manos con el tema social que pueda estar pasando con los trabajadores y con la comunidad\u201d, afirm\u00f3.<\/p>\n<p>El Presidente de Fetramin se\u00f1al\u00f3 que no han visto que Codelco haya propiciado que Siemens contrate trabajadores de la zona, tal como ocurre en otras empresas mineras del norte del pa\u00eds.<\/p>\n<p>Vergara manifest\u00f3 que los dichos de la gobernadora reflejan que hay una \u2018sociedad\u2019 entre la gobernaci\u00f3n y Codelco Andina, \u201cdonde nos les gusta organizaciones sindicales saquen a flote estas situaciones sociales que est\u00e1n ocurriendo con los trabajadores contratistas\u201d.<\/p>\n<p>A\u00f1adi\u00f3 que la gobernadora deber\u00eda enfocar su trabajo a preocuparse por el tema social en cuanto lo que est\u00e1 ocurriendo con los trabajadores y sus familias y la cesant\u00eda que se va a producir.<\/p>\n<p>Precis\u00f3 que la m\u00e1xima autoridad provincial debi\u00f3 primero haber conversado con la Fetramin y los sindicatos para formarse una opini\u00f3n real de lo que est\u00e1 ocurriendo, \u201cy con esta informaci\u00f3n haber ido a conversar con los ejecutivos de Codelco que hasta ahora no han recibido a nuestra organizaci\u00f3n\u201d.<\/p>\n<p>Por ello, el dirigente advirti\u00f3 que si la mesa que esperan constituir con Andina el pr\u00f3ximo jueves llega a fracasar, \u201cnosotros vamos a radicalizar nuestras acciones y si bien hemos estado a la espera de la reuni\u00f3n, de lo contrario nos vamos a movilizar\u201d.<\/p>\n","protected":false},"excerpt":{"rendered":"<p>LOS ANDES.- El Presidente de la Federaci\u00f3n de Trabajadores de Empresas Contratistas de Andina, Ricardo Vergara, asever\u00f3 que al menos 500 trabajadores perder\u00edan su empleo una vez que la alemana Siemens empiece&#8230;<\/p>\n","protected":false},"author":482,"featured_media":18949,"comment_status":"open","ping_status":"closed","sticky":false,"template":"","format":"standard","meta":{"advanced_seo_description":"","jetpack_seo_html_title":"","jetpack_seo_noindex":false,"_jetpack_memberships_contains_paid_content":false,"footnotes":""},"categories":[15],"tags":[],"class_list":["post-18948","post","type-post","status-publish","format-standard","has-post-thumbnail","hentry","category-comunidad"],"jetpack_featured_media_url":"https:\/\/i0.wp.com\/eltrabajo.cl\/portal\/wp-content\/uploads\/2012\/06\/ricardovergara-emplazagob.jpg?fit=600%2C450&ssl=1","jetpack_sharing_enabled":true,"jetpack_likes_enabled":true,"jetpack-related-posts":[],"_links":{"self":[{"href":"https:\/\/eltrabajo.cl\/portal\/wp-json\/wp\/v2\/posts\/18948","targetHints":{"allow":["GET"]}}],"collection":[{"href":"https:\/\/eltrabajo.cl\/portal\/wp-json\/wp\/v2\/posts"}],"about":[{"href":"https:\/\/eltrabajo.cl\/portal\/wp-json\/wp\/v2\/types\/post"}],"author":[{"embeddable":true,"href":"https:\/\/eltrabajo.cl\/portal\/wp-json\/wp\/v2\/users\/482"}],"replies":[{"embeddable":true,"href":"https:\/\/eltrabajo.cl\/portal\/wp-json\/wp\/v2\/comments?post=18948"}],"version-history":[{"count":0,"href":"https:\/\/eltrabajo.cl\/portal\/wp-json\/wp\/v2\/posts\/18948\/revisions"}],"wp:featuredmedia":[{"embeddable":true,"href":"https:\/\/eltrabajo.cl\/portal\/wp-json\/wp\/v2\/media\/18949"}],"wp:attachment":[{"href":"https:\/\/eltrabajo.cl\/portal\/wp-json\/wp\/v2\/media?parent=18948"}],"wp:term":[{"taxonomy":"category","embeddable":true,"href":"https:\/\/eltrabajo.cl\/portal\/wp-json\/wp\/v2\/categories?post=18948"},{"taxonomy":"post_tag","embeddable":true,"href":"https:\/\/eltrabajo.cl\/portal\/wp-json\/wp\/v2\/tags?post=18948"}],"curies":[{"name":"wp","href":"https:\/\/api.w.org\/{rel}","templated":true}]}}