{"id":18952,"date":"2012-06-06T10:05:32","date_gmt":"2012-06-06T14:05:32","guid":{"rendered":"http:\/\/www.eltrabajo.cl\/portal\/?p=18952"},"modified":"2012-06-06T10:05:52","modified_gmt":"2012-06-06T14:05:52","slug":"abren-hogar-buen-pastor-para-recibir-a-personas-en-situacion-de-calle","status":"publish","type":"post","link":"https:\/\/eltrabajo.cl\/portal\/abren-hogar-buen-pastor-para-recibir-a-personas-en-situacion-de-calle\/","title":{"rendered":"Abren hogar Buen Pastor para recibir a personas en situaci\u00f3n de calle"},"content":{"rendered":"<figure id=\"attachment_18953\" aria-describedby=\"caption-attachment-18953\" style=\"width: 600px\" class=\"wp-caption alignnone\"><a href=\"http:\/\/www.eltrabajo.cl\/portal\/2012\/06\/abren-hogar-buen-pastor-para-recibir-a-personas-en-situacion-de-calle\/noche-digna-2011\/\" rel=\"attachment wp-att-18953\"><img data-recalc-dims=\"1\" loading=\"lazy\" decoding=\"async\" class=\"size-full wp-image-18953\" title=\"noche digna 2011\" src=\"https:\/\/i0.wp.com\/www.eltrabajo.cl\/portal\/wp-content\/uploads\/2012\/06\/noche-digna-2011.jpg?resize=600%2C450\" alt=\"\" width=\"600\" height=\"450\" srcset=\"https:\/\/i0.wp.com\/eltrabajo.cl\/portal\/wp-content\/uploads\/2012\/06\/noche-digna-2011.jpg?w=600&amp;ssl=1 600w, https:\/\/i0.wp.com\/eltrabajo.cl\/portal\/wp-content\/uploads\/2012\/06\/noche-digna-2011.jpg?resize=200%2C150&amp;ssl=1 200w, https:\/\/i0.wp.com\/eltrabajo.cl\/portal\/wp-content\/uploads\/2012\/06\/noche-digna-2011.jpg?resize=300%2C225&amp;ssl=1 300w, https:\/\/i0.wp.com\/eltrabajo.cl\/portal\/wp-content\/uploads\/2012\/06\/noche-digna-2011.jpg?resize=150%2C112&amp;ssl=1 150w, https:\/\/i0.wp.com\/eltrabajo.cl\/portal\/wp-content\/uploads\/2012\/06\/noche-digna-2011.jpg?resize=400%2C300&amp;ssl=1 400w\" sizes=\"auto, (max-width: 600px) 100vw, 600px\" \/><\/a><figcaption id=\"caption-attachment-18953\" class=\"wp-caption-text\">El a\u00f1o pasado, el programa Noche Digna se llev\u00f3 a efecto en el Hogar de Cristo (foto). Esta vez, desde el 1 de junio y por 112 d\u00edas, se mantendr\u00e1 abierto el hogar Buen Pastor para recibir a las personas en situaci\u00f3n de calle.<\/figcaption><\/figure>\n<ul>\n<li><strong>El objetivo es que puedan pasar en mejores condiciones el invierno que se acerca.<\/strong><\/li>\n<\/ul>\n<p>Sylvia Vergara Gonz\u00e1lez &#8211; <a href=\"mailto:svergara@eltrabajo.cl\">svergara@eltrabajo.cl<\/a><\/p>\n<p>Desde el 1 de junio y durante 112 d\u00edas se estar\u00e1 desarrollando en la comuna de San Felipe el programa \u2018Noche Digna\u2019, iniciativa que busca entregar un lugar donde quedarse por la noche, especialmente aquellas m\u00e1s fr\u00edas a las personas que se encuentran en situaci\u00f3n de calle.<\/p>\n<p>El programa tiene en San Felipe un cupo para 20 personas, las que quedar\u00e1n ubicadas en el hogar Buen Pastor, en calle San Mart\u00edn.<\/p>\n<p>La idea es que las personas que se encuentran en esta condici\u00f3n espont\u00e1neamente se acerquen al hogar y puedan tener acceso a una cama, ropa de abrigo y un kit de \u00fatiles de aseo personales.<\/p>\n<p>Asimismo existen algunas brigadas del Hogar de Cristo que durante las noches estar\u00e1n buscando a estas personas que necesitan y que muchas veces cuesta que accedan a estos beneficios.<\/p>\n<p>En estas \u00faltimas noches, cuando la temperatura ha bajado a menos de un grado, anunciando as\u00ed la llegada del invierno, las personas en situaci\u00f3n de calle tienen esta posibilidad para poder pasar mejor esta fr\u00eda estaci\u00f3n, iniciativa que se mantendr\u00e1 por 112 d\u00edas m\u00e1s.<\/p>\n<p>Los beneficiarios deben ser mayores de 18 a\u00f1os y en caso de que al hogar llegue alg\u00fan menor de edad, se le entrega el beneficio de todas maneras y al otro d\u00eda se pone a disposici\u00f3n del Sename.<\/p>\n<p>Hasta la fecha ya se han registrado cerca de 14 personas que se han acercado hasta el hogar para hacer uso del beneficio, quienes llegan a las 18 horas y se retiran al otro d\u00eda en la ma\u00f1ana.<\/p>\n<p>\u201cSi alg\u00fan vecino sabe de alguna persona que est\u00e1 en situaci\u00f3n de calle por favor que lo lleve al hogar Buen Pastor\u201d, dijo la Gobernadora Patricia Boffa.<\/p>\n<p>Aunque se han registrado algunos casos de mujeres, quienes m\u00e1s han hecho uso de este beneficio son hombres, muchos de los cuales han estado en situaci\u00f3n de calle por muchos a\u00f1os.<\/p>\n<p><strong>FRENTE A CARABINEROS<\/strong><\/p>\n<p>Consultada espec\u00edficamente por el caso de un indigente que duerme frente a la Segunda Comisar\u00eda de Carabineros, la Gobernadora dijo que en reiteradas ocasiones lo han ido a buscar, pero \u00e9l se niega a abandonar el lugar. Incluso la autoridad pidi\u00f3 a Carabineros que en aquellas noches m\u00e1s fr\u00edas, \u00e9l pueda dormir en la guardia de la unidad policial, a lo que esta persona tambi\u00e9n se ha negado, una situaci\u00f3n que se repite en algunos casos, ya que muchos indigentes no quieren dejar el lugar donde viven durante el d\u00eda.<\/p>\n<p>\u201cGeneralmente les cuesta mucho, por eso estos patrullajes que se hacen con personas civiles, para ir a buscarlos, porque a ellos les cuesta mucho llegar a estos lugares, no se acercan, y otros van en forma espont\u00e1nea\u201d.<\/p>\n<p>Seg\u00fan el catastro que se hizo el a\u00f1o pasado, en San Felipe se registraron alrededor de 70 personas en situaci\u00f3n de calle, muchos de los cuales no cuentan con familias a quienes puedan recurrir para dejar de vivir en esta condici\u00f3n.<\/p>\n","protected":false},"excerpt":{"rendered":"<p>El objetivo es que puedan pasar en mejores condiciones el invierno que se acerca. Sylvia Vergara Gonz\u00e1lez &#8211; svergara@eltrabajo.cl Desde el 1 de junio y durante 112 d\u00edas se estar\u00e1 desarrollando en&#8230;<\/p>\n","protected":false},"author":482,"featured_media":18953,"comment_status":"open","ping_status":"closed","sticky":false,"template":"","format":"standard","meta":{"advanced_seo_description":"","jetpack_seo_html_title":"","jetpack_seo_noindex":false,"_jetpack_memberships_contains_paid_content":false,"footnotes":""},"categories":[15],"tags":[],"class_list":["post-18952","post","type-post","status-publish","format-standard","has-post-thumbnail","hentry","category-comunidad"],"jetpack_featured_media_url":"https:\/\/i0.wp.com\/eltrabajo.cl\/portal\/wp-content\/uploads\/2012\/06\/noche-digna-2011.jpg?fit=600%2C450&ssl=1","jetpack_sharing_enabled":true,"jetpack_likes_enabled":true,"jetpack-related-posts":[],"_links":{"self":[{"href":"https:\/\/eltrabajo.cl\/portal\/wp-json\/wp\/v2\/posts\/18952","targetHints":{"allow":["GET"]}}],"collection":[{"href":"https:\/\/eltrabajo.cl\/portal\/wp-json\/wp\/v2\/posts"}],"about":[{"href":"https:\/\/eltrabajo.cl\/portal\/wp-json\/wp\/v2\/types\/post"}],"author":[{"embeddable":true,"href":"https:\/\/eltrabajo.cl\/portal\/wp-json\/wp\/v2\/users\/482"}],"replies":[{"embeddable":true,"href":"https:\/\/eltrabajo.cl\/portal\/wp-json\/wp\/v2\/comments?post=18952"}],"version-history":[{"count":0,"href":"https:\/\/eltrabajo.cl\/portal\/wp-json\/wp\/v2\/posts\/18952\/revisions"}],"wp:featuredmedia":[{"embeddable":true,"href":"https:\/\/eltrabajo.cl\/portal\/wp-json\/wp\/v2\/media\/18953"}],"wp:attachment":[{"href":"https:\/\/eltrabajo.cl\/portal\/wp-json\/wp\/v2\/media?parent=18952"}],"wp:term":[{"taxonomy":"category","embeddable":true,"href":"https:\/\/eltrabajo.cl\/portal\/wp-json\/wp\/v2\/categories?post=18952"},{"taxonomy":"post_tag","embeddable":true,"href":"https:\/\/eltrabajo.cl\/portal\/wp-json\/wp\/v2\/tags?post=18952"}],"curies":[{"name":"wp","href":"https:\/\/api.w.org\/{rel}","templated":true}]}}