{"id":18958,"date":"2012-06-06T10:07:42","date_gmt":"2012-06-06T14:07:42","guid":{"rendered":"http:\/\/www.eltrabajo.cl\/portal\/?p=18958"},"modified":"2012-06-06T10:07:42","modified_gmt":"2012-06-06T14:07:42","slug":"este-martes-fue-la-celebracion-del-174%c2%ba-aniversario-del-liceo-roberto-humeres","status":"publish","type":"post","link":"https:\/\/eltrabajo.cl\/portal\/este-martes-fue-la-celebracion-del-174%c2%ba-aniversario-del-liceo-roberto-humeres\/","title":{"rendered":"Este martes fue la celebraci\u00f3n del 174\u00ba Aniversario del liceo Roberto Humeres"},"content":{"rendered":"<figure id=\"attachment_18959\" aria-describedby=\"caption-attachment-18959\" style=\"width: 600px\" class=\"wp-caption alignnone\"><a href=\"http:\/\/www.eltrabajo.cl\/portal\/2012\/06\/este-martes-fue-la-celebracion-del-174%c2%ba-aniversario-del-liceo-roberto-humeres\/aniversario-liceo-roberto-humeres-1\/\" rel=\"attachment wp-att-18959\"><img data-recalc-dims=\"1\" loading=\"lazy\" decoding=\"async\" class=\"size-full wp-image-18959\" title=\"aniversario liceo roberto humeres  (1)\" src=\"https:\/\/i0.wp.com\/www.eltrabajo.cl\/portal\/wp-content\/uploads\/2012\/06\/aniversario-liceo-roberto-humeres-1.jpg?resize=600%2C450\" alt=\"\" width=\"600\" height=\"450\" srcset=\"https:\/\/i0.wp.com\/eltrabajo.cl\/portal\/wp-content\/uploads\/2012\/06\/aniversario-liceo-roberto-humeres-1.jpg?w=600&amp;ssl=1 600w, https:\/\/i0.wp.com\/eltrabajo.cl\/portal\/wp-content\/uploads\/2012\/06\/aniversario-liceo-roberto-humeres-1.jpg?resize=200%2C150&amp;ssl=1 200w, https:\/\/i0.wp.com\/eltrabajo.cl\/portal\/wp-content\/uploads\/2012\/06\/aniversario-liceo-roberto-humeres-1.jpg?resize=300%2C225&amp;ssl=1 300w, https:\/\/i0.wp.com\/eltrabajo.cl\/portal\/wp-content\/uploads\/2012\/06\/aniversario-liceo-roberto-humeres-1.jpg?resize=150%2C112&amp;ssl=1 150w, https:\/\/i0.wp.com\/eltrabajo.cl\/portal\/wp-content\/uploads\/2012\/06\/aniversario-liceo-roberto-humeres-1.jpg?resize=400%2C300&amp;ssl=1 400w\" sizes=\"auto, (max-width: 600px) 100vw, 600px\" \/><\/a><figcaption id=\"caption-attachment-18959\" class=\"wp-caption-text\">El acto central de las actividades de aniversario se realiz\u00f3 este martes en el liceo Roberto Humeres, con la presencia de alumnos, profesores y ex alumnos del establecimiento.<\/figcaption><\/figure>\n<p>Este martes se realiz\u00f3 el acto central de las actividades de aniversario del Liceo Roberto Humeres, uno de los tres establecimientos m\u00e1s antiguos de todo el pa\u00eds.<\/p>\n<p>La actividad cont\u00f3 con la presencia de las autoridades de la comuna, docentes, alumnos y ex alumnos del establecimiento.<\/p>\n<p>Durante la ceremonia la Directora del establecimiento, Graciela Far\u00edas, destac\u00f3 los logros del liceo, que cuenta con una matr\u00edcula de 520 alumnos.<\/p>\n<p>Seg\u00fan la Directora, el objetivo de la planta docente y directiva es entregar lo mejor como profesionales, con el prop\u00f3sito que los alumnos reciban una educaci\u00f3n de calidad.<\/p>\n<p>\u201cDe hecho nosotros ya tenemos muestra de ello, en cinco a\u00f1os de funcionamiento del liceo, se han empezado a dar muestras de ese avance, en el sentido de que los ni\u00f1os que han estudiado ac\u00e1 han ingresado a la Universidad con bueno puntajes y han seguido estudiando carreras que a ellos les interesa y en universidades que a ellos les interesan\u201d.<\/p>\n<p>Entre los desaf\u00edos que la directora se ha planteado para los a\u00f1os que vienen, se cuentan dar mayor proyecci\u00f3n al establecimiento, con una educaci\u00f3n de calidad para los alumnos.<\/p>\n<p>La fecha adem\u00e1s encuentra al establecimiento en medio de un proceso de diagn\u00f3stico que realiza el Dictuc, organismo dependiente de la Universidad Cat\u00f3lica, el que tiene como objetivo determinar hacia donde se debe enfocar el quehacer del establecimiento.<\/p>\n<p>\u201cEstamos trabajando equipos internos del liceo, junto con el Dictuc de la Universidad Cat\u00f3lica, en la reingenier\u00eda, el redise\u00f1o, en el repensar de este establecimiento, queremos transformarlo al lugar de privilegio que jam\u00e1s debi\u00f3 haber perdido y eso es un trabajo que hoy d\u00eda, a trav\u00e9s de recursos de los programas de Mejoramiento de la Gesti\u00f3n, nos est\u00e1 permitiendo poder abordar las nuevas pol\u00edticas que el ministerio est\u00e1 implementando para las carreras t\u00e9cnicas\u201d, dijo el Alcalde Jaime Amar.<\/p>\n<p>En este aspecto, espec\u00edficamente, el jefe comunal se\u00f1al\u00f3 que se est\u00e1 evaluando si el liceo mantiene la educaci\u00f3n t\u00e9cnico profesional o cient\u00edfico humanista.<\/p>\n","protected":false},"excerpt":{"rendered":"<p>Este martes se realiz\u00f3 el acto central de las actividades de aniversario del Liceo Roberto Humeres, uno de los tres establecimientos m\u00e1s antiguos de todo el pa\u00eds. La actividad cont\u00f3 con la&#8230;<\/p>\n","protected":false},"author":482,"featured_media":18959,"comment_status":"open","ping_status":"closed","sticky":false,"template":"","format":"standard","meta":{"advanced_seo_description":"","jetpack_seo_html_title":"","jetpack_seo_noindex":false,"_jetpack_memberships_contains_paid_content":false,"footnotes":""},"categories":[15],"tags":[],"class_list":["post-18958","post","type-post","status-publish","format-standard","has-post-thumbnail","hentry","category-comunidad"],"jetpack_featured_media_url":"https:\/\/i0.wp.com\/eltrabajo.cl\/portal\/wp-content\/uploads\/2012\/06\/aniversario-liceo-roberto-humeres-1.jpg?fit=600%2C450&ssl=1","jetpack_sharing_enabled":true,"jetpack_likes_enabled":true,"jetpack-related-posts":[],"_links":{"self":[{"href":"https:\/\/eltrabajo.cl\/portal\/wp-json\/wp\/v2\/posts\/18958","targetHints":{"allow":["GET"]}}],"collection":[{"href":"https:\/\/eltrabajo.cl\/portal\/wp-json\/wp\/v2\/posts"}],"about":[{"href":"https:\/\/eltrabajo.cl\/portal\/wp-json\/wp\/v2\/types\/post"}],"author":[{"embeddable":true,"href":"https:\/\/eltrabajo.cl\/portal\/wp-json\/wp\/v2\/users\/482"}],"replies":[{"embeddable":true,"href":"https:\/\/eltrabajo.cl\/portal\/wp-json\/wp\/v2\/comments?post=18958"}],"version-history":[{"count":0,"href":"https:\/\/eltrabajo.cl\/portal\/wp-json\/wp\/v2\/posts\/18958\/revisions"}],"wp:featuredmedia":[{"embeddable":true,"href":"https:\/\/eltrabajo.cl\/portal\/wp-json\/wp\/v2\/media\/18959"}],"wp:attachment":[{"href":"https:\/\/eltrabajo.cl\/portal\/wp-json\/wp\/v2\/media?parent=18958"}],"wp:term":[{"taxonomy":"category","embeddable":true,"href":"https:\/\/eltrabajo.cl\/portal\/wp-json\/wp\/v2\/categories?post=18958"},{"taxonomy":"post_tag","embeddable":true,"href":"https:\/\/eltrabajo.cl\/portal\/wp-json\/wp\/v2\/tags?post=18958"}],"curies":[{"name":"wp","href":"https:\/\/api.w.org\/{rel}","templated":true}]}}