{"id":18962,"date":"2012-06-06T10:10:11","date_gmt":"2012-06-06T14:10:11","guid":{"rendered":"http:\/\/www.eltrabajo.cl\/portal\/?p=18962"},"modified":"2012-06-06T10:10:11","modified_gmt":"2012-06-06T14:10:11","slug":"senadora-lily-perez-destaco-incorporacion-de-comunas-del-valle-al-fondenor","status":"publish","type":"post","link":"https:\/\/eltrabajo.cl\/portal\/senadora-lily-perez-destaco-incorporacion-de-comunas-del-valle-al-fondenor\/","title":{"rendered":"Senadora Lily P\u00e9rez destac\u00f3 incorporaci\u00f3n de comunas del valle al Fondenor"},"content":{"rendered":"<figure id=\"attachment_18963\" aria-describedby=\"caption-attachment-18963\" style=\"width: 300px\" class=\"wp-caption alignleft\"><a href=\"http:\/\/www.eltrabajo.cl\/portal\/2012\/06\/senadora-lily-perez-destaco-incorporacion-de-comunas-del-valle-al-fondenor\/senadora-lily-perez-san-martin\/\" rel=\"attachment wp-att-18963\"><img data-recalc-dims=\"1\" loading=\"lazy\" decoding=\"async\" class=\"size-medium wp-image-18963\" title=\"Senadora Lily Perez San Martin\" src=\"https:\/\/i0.wp.com\/www.eltrabajo.cl\/portal\/wp-content\/uploads\/2012\/06\/Senadora-Lily-Perez-San-Martin-300x206.jpg?resize=300%2C206\" alt=\"\" width=\"300\" height=\"206\" srcset=\"https:\/\/i0.wp.com\/eltrabajo.cl\/portal\/wp-content\/uploads\/2012\/06\/Senadora-Lily-Perez-San-Martin.jpg?resize=300%2C206&amp;ssl=1 300w, https:\/\/i0.wp.com\/eltrabajo.cl\/portal\/wp-content\/uploads\/2012\/06\/Senadora-Lily-Perez-San-Martin.jpg?resize=200%2C137&amp;ssl=1 200w, https:\/\/i0.wp.com\/eltrabajo.cl\/portal\/wp-content\/uploads\/2012\/06\/Senadora-Lily-Perez-San-Martin.jpg?resize=150%2C103&amp;ssl=1 150w, https:\/\/i0.wp.com\/eltrabajo.cl\/portal\/wp-content\/uploads\/2012\/06\/Senadora-Lily-Perez-San-Martin.jpg?resize=400%2C275&amp;ssl=1 400w, https:\/\/i0.wp.com\/eltrabajo.cl\/portal\/wp-content\/uploads\/2012\/06\/Senadora-Lily-Perez-San-Martin.jpg?w=600&amp;ssl=1 600w\" sizes=\"auto, (max-width: 300px) 100vw, 300px\" \/><\/a><figcaption id=\"caption-attachment-18963\" class=\"wp-caption-text\">La Senadora Lily P\u00e9rez se mostr\u00f3 feliz por la inclusi\u00f3n de comunas del Valle del Aconcagua al Fondenor.<\/figcaption><\/figure>\n<p>A principios del mes de mayo el Gobierno anunci\u00f3 el proyecto que crea el Fondo de Desarrollo del Norte y comunas Mineras (Fondenor), el que entregar\u00e1 m\u00e1s de 225 millones de d\u00f3lares desde el a\u00f1o 2013 hasta el 2025 a las comunas que est\u00e9n en esta categor\u00eda.<\/p>\n<p>La Senadora Lily P\u00e9rez destac\u00f3 que de inmediato, junto con respaldar la iniciativa, hizo ver la necesidad de agregar a algunas comunas que en primera instancia no estaban incluidas, como es el caso de Los Andes.<\/p>\n<p>La senadora sostuvo que \u201cla unidad hace la fuerza, porque en esto hemos trabajado en conjunto con alcaldes y parlamentarios. Estoy muy contenta de que finalmente el Gobierno accedi\u00f3 a lo que solicit\u00e9 en conjunto con otras autoridades y, por lo tanto, vamos a tener a la comuna de Los Andes incluida dentro del Fondenor, al igual que a otras comunas de nuestro Valle del Aconcagua\u201d.<\/p>\n<p>Agreg\u00f3 la senadora que \u201cesto es muy importante porque tenemos muchas comunas que viven de la peque\u00f1a y gran miner\u00eda, y adem\u00e1s otras comunas que se ven afectadas por las externalidades de ella. Por esta raz\u00f3n es tan importante realizar mejoras a este proyecto que ingresar\u00e1 para su tramitaci\u00f3n directamente al Senado, donde vamos a tener posibilidades de alcanzar un acuerdo mucho m\u00e1s grande, que es lo que hemos conversado con el Gobierno, y as\u00ed poder sacarlo r\u00e1pido para que las comunas cuenten con estos recursos adicionales que les permitan ir apoyando todo lo referente a la mejora de la calidad de vida de sus habitantes\u201d.<\/p>\n<p>Tal como lo sostuvo Lily P\u00e9rez, por primera vez nuestro pa\u00eds contar\u00e1 con un fondo para las comunas que se dedican a la miner\u00eda. As\u00ed ser\u00e1n los propios municipios los que decidir\u00e1n el destino de los recursos, lo que sin duda traer\u00e1 grandes beneficios a las familias de dichos sectores.<\/p>\n","protected":false},"excerpt":{"rendered":"<p>A principios del mes de mayo el Gobierno anunci\u00f3 el proyecto que crea el Fondo de Desarrollo del Norte y comunas Mineras (Fondenor), el que entregar\u00e1 m\u00e1s de 225 millones de d\u00f3lares&#8230;<\/p>\n","protected":false},"author":482,"featured_media":18963,"comment_status":"open","ping_status":"closed","sticky":false,"template":"","format":"standard","meta":{"advanced_seo_description":"","jetpack_seo_html_title":"","jetpack_seo_noindex":false,"_jetpack_memberships_contains_paid_content":false,"footnotes":""},"categories":[1],"tags":[],"class_list":["post-18962","post","type-post","status-publish","format-standard","has-post-thumbnail","hentry","category-cronica"],"jetpack_featured_media_url":"https:\/\/i0.wp.com\/eltrabajo.cl\/portal\/wp-content\/uploads\/2012\/06\/Senadora-Lily-Perez-San-Martin.jpg?fit=600%2C413&ssl=1","jetpack_sharing_enabled":true,"jetpack_likes_enabled":true,"jetpack-related-posts":[],"_links":{"self":[{"href":"https:\/\/eltrabajo.cl\/portal\/wp-json\/wp\/v2\/posts\/18962","targetHints":{"allow":["GET"]}}],"collection":[{"href":"https:\/\/eltrabajo.cl\/portal\/wp-json\/wp\/v2\/posts"}],"about":[{"href":"https:\/\/eltrabajo.cl\/portal\/wp-json\/wp\/v2\/types\/post"}],"author":[{"embeddable":true,"href":"https:\/\/eltrabajo.cl\/portal\/wp-json\/wp\/v2\/users\/482"}],"replies":[{"embeddable":true,"href":"https:\/\/eltrabajo.cl\/portal\/wp-json\/wp\/v2\/comments?post=18962"}],"version-history":[{"count":0,"href":"https:\/\/eltrabajo.cl\/portal\/wp-json\/wp\/v2\/posts\/18962\/revisions"}],"wp:featuredmedia":[{"embeddable":true,"href":"https:\/\/eltrabajo.cl\/portal\/wp-json\/wp\/v2\/media\/18963"}],"wp:attachment":[{"href":"https:\/\/eltrabajo.cl\/portal\/wp-json\/wp\/v2\/media?parent=18962"}],"wp:term":[{"taxonomy":"category","embeddable":true,"href":"https:\/\/eltrabajo.cl\/portal\/wp-json\/wp\/v2\/categories?post=18962"},{"taxonomy":"post_tag","embeddable":true,"href":"https:\/\/eltrabajo.cl\/portal\/wp-json\/wp\/v2\/tags?post=18962"}],"curies":[{"name":"wp","href":"https:\/\/api.w.org\/{rel}","templated":true}]}}