{"id":18966,"date":"2012-06-06T10:11:57","date_gmt":"2012-06-06T14:11:57","guid":{"rendered":"http:\/\/www.eltrabajo.cl\/portal\/?p=18966"},"modified":"2012-06-06T10:11:57","modified_gmt":"2012-06-06T14:11:57","slug":"cinco-seran-las-comunas-de-aconcagua-beneficiadas-por-el-fondenor","status":"publish","type":"post","link":"https:\/\/eltrabajo.cl\/portal\/cinco-seran-las-comunas-de-aconcagua-beneficiadas-por-el-fondenor\/","title":{"rendered":"Cinco ser\u00e1n las comunas de Aconcagua beneficiadas por el Fondenor"},"content":{"rendered":"<p>&nbsp;<\/p>\n<figure id=\"attachment_18968\" aria-describedby=\"caption-attachment-18968\" style=\"width: 600px\" class=\"wp-caption alignnone\"><a href=\"http:\/\/www.eltrabajo.cl\/portal\/2012\/06\/cinco-seran-las-comunas-de-aconcagua-beneficiadas-por-el-fondenor\/diputadonunez-alcaldes-y-subsec-mineria-2\/\" rel=\"attachment wp-att-18968\"><img data-recalc-dims=\"1\" loading=\"lazy\" decoding=\"async\" class=\"size-full wp-image-18968\" title=\"diputadonunez alcaldes y subsec mineria\" src=\"https:\/\/i0.wp.com\/www.eltrabajo.cl\/portal\/wp-content\/uploads\/2012\/06\/diputadonunez-alcaldes-y-subsec-mineria1.jpg?resize=600%2C447\" alt=\"\" width=\"600\" height=\"447\" srcset=\"https:\/\/i0.wp.com\/eltrabajo.cl\/portal\/wp-content\/uploads\/2012\/06\/diputadonunez-alcaldes-y-subsec-mineria1.jpg?w=600&amp;ssl=1 600w, https:\/\/i0.wp.com\/eltrabajo.cl\/portal\/wp-content\/uploads\/2012\/06\/diputadonunez-alcaldes-y-subsec-mineria1.jpg?resize=200%2C150&amp;ssl=1 200w, https:\/\/i0.wp.com\/eltrabajo.cl\/portal\/wp-content\/uploads\/2012\/06\/diputadonunez-alcaldes-y-subsec-mineria1.jpg?resize=300%2C223&amp;ssl=1 300w, https:\/\/i0.wp.com\/eltrabajo.cl\/portal\/wp-content\/uploads\/2012\/06\/diputadonunez-alcaldes-y-subsec-mineria1.jpg?resize=150%2C111&amp;ssl=1 150w, https:\/\/i0.wp.com\/eltrabajo.cl\/portal\/wp-content\/uploads\/2012\/06\/diputadonunez-alcaldes-y-subsec-mineria1.jpg?resize=400%2C298&amp;ssl=1 400w\" sizes=\"auto, (max-width: 600px) 100vw, 600px\" \/><\/a><figcaption id=\"caption-attachment-18968\" class=\"wp-caption-text\">Diputado N\u00fa\u00f1ez, alcaldes y concejales junto al Subsecretario de Miner\u00eda, Pablo Wagner.<\/figcaption><\/figure>\n<p>Los Andes, Calle Larga, San Esteban, Putaendo y Catemu ser\u00e1n finalmente las comunas del valle de Aconcagua que ser\u00e1n beneficiadas con los recursos del Fondo de Desarrollo de Comunas Mineras (Fondenor).<\/p>\n<p>As\u00ed lo inform\u00f3 el Diputado Marco Antonio N\u00fa\u00f1ez, quien junto a los alcaldes Boris Luksic (Catemu), Guillermo Reyes (Putaendo) y Nelson Venegas (Calle Larga), adem\u00e1s de los concejales Benjam\u00edn Olgu\u00edn (San Esteban) y Claudio N\u00fa\u00f1ez (Catemu), se reunieron con el Subsecretario de Miner\u00eda Pablo Wagner, quien les confirm\u00f3 la informaci\u00f3n.<\/p>\n<p>En la reuni\u00f3n de trabajo gestionada por el Diputado Marco Antonio N\u00fa\u00f1ez en su calidad de integrante de la Comisi\u00f3n de Miner\u00eda de la C\u00e1mara de Diputados, las autoridades destacaron la informaci\u00f3n entregada oficialmente, agregando que se estaba tomando una decisi\u00f3n correcta al incorporar a estas comunas porque durante a\u00f1os han estado sometidas a la explotaci\u00f3n y producci\u00f3n minera sin que se haya reparado en compensar los da\u00f1os que produce esta actividad.<\/p>\n<p>\u201cNos parece un gran avance y una gran oportunidad recibir estos recursos para proyectos de inversi\u00f3n comunal, como un mecanismo de compensaci\u00f3n por la actividad minera que durante a\u00f1os han tenido estas comunas y los problemas que ello conlleva. En este sentido, pudimos tambi\u00e9n expresarle a la autoridad nuestras observaciones al proyecto de ley que crea este fondo de desarrollo para comunas mineras y le pedimos que integrara al debate a todos los actores como una forma de adoptar decisiones que realmente interprete a las comunas mineras de Aconcagua\u201d, indic\u00f3 el Diputado N\u00fa\u00f1ez.<\/p>\n<p>Por su parte, los alcaldes junto con destacar el compromiso del Diputado N\u00fa\u00f1ez para lograr que las comunas de Aconcagua sean beneficiarias del Fondenor, expresaron su conformidad por la informaci\u00f3n entregada por el Subsecretario de Miner\u00eda, agregando que era un acto de justicia que comunas con una fuerte actividad minera sean consideradas y que se incluyan en esta propuesta que permitir\u00e1 recibir recursos para proyectos de inversi\u00f3n local. Todos, a su vez, coincidieron en asumir un rol m\u00e1s activo en la tramitaci\u00f3n de este proyecto de ley para tener una informaci\u00f3n oportuna que les permita tener una relaci\u00f3n m\u00e1s expedita y directa con el Gobierno y otras instancias que intervengan.<\/p>\n<p>Finalmente, el Subsecretario de Miner\u00eda Pablo Wagner, junto con valorar la presencia de las autoridades locales y del parlamentario, manifest\u00f3 su total disposici\u00f3n a continuar con estas reuniones y a promover la incorporaci\u00f3n de los alcaldes de Aconcagua en todas las instancias que hoy existen para discutir sus contenidos. En su opini\u00f3n, consider\u00f3 valiosas las observaciones entregadas y, por lo mismo, acept\u00f3 la invitaci\u00f3n realizada por las autoridades aconcag\u00fcinas para reunirse en terreno con las asociaciones mineras de las comunas del valle de Aconcagua.<\/p>\n","protected":false},"excerpt":{"rendered":"<p>&nbsp; Los Andes, Calle Larga, San Esteban, Putaendo y Catemu ser\u00e1n finalmente las comunas del valle de Aconcagua que ser\u00e1n beneficiadas con los recursos del Fondo de Desarrollo de Comunas Mineras (Fondenor)&#8230;.<\/p>\n","protected":false},"author":482,"featured_media":18968,"comment_status":"open","ping_status":"closed","sticky":false,"template":"","format":"standard","meta":{"advanced_seo_description":"","jetpack_seo_html_title":"","jetpack_seo_noindex":false,"_jetpack_memberships_contains_paid_content":false,"footnotes":""},"categories":[1],"tags":[],"class_list":["post-18966","post","type-post","status-publish","format-standard","has-post-thumbnail","hentry","category-cronica"],"jetpack_featured_media_url":"https:\/\/i0.wp.com\/eltrabajo.cl\/portal\/wp-content\/uploads\/2012\/06\/diputadonunez-alcaldes-y-subsec-mineria1.jpg?fit=600%2C447&ssl=1","jetpack_sharing_enabled":true,"jetpack_likes_enabled":true,"jetpack-related-posts":[],"_links":{"self":[{"href":"https:\/\/eltrabajo.cl\/portal\/wp-json\/wp\/v2\/posts\/18966","targetHints":{"allow":["GET"]}}],"collection":[{"href":"https:\/\/eltrabajo.cl\/portal\/wp-json\/wp\/v2\/posts"}],"about":[{"href":"https:\/\/eltrabajo.cl\/portal\/wp-json\/wp\/v2\/types\/post"}],"author":[{"embeddable":true,"href":"https:\/\/eltrabajo.cl\/portal\/wp-json\/wp\/v2\/users\/482"}],"replies":[{"embeddable":true,"href":"https:\/\/eltrabajo.cl\/portal\/wp-json\/wp\/v2\/comments?post=18966"}],"version-history":[{"count":0,"href":"https:\/\/eltrabajo.cl\/portal\/wp-json\/wp\/v2\/posts\/18966\/revisions"}],"wp:featuredmedia":[{"embeddable":true,"href":"https:\/\/eltrabajo.cl\/portal\/wp-json\/wp\/v2\/media\/18968"}],"wp:attachment":[{"href":"https:\/\/eltrabajo.cl\/portal\/wp-json\/wp\/v2\/media?parent=18966"}],"wp:term":[{"taxonomy":"category","embeddable":true,"href":"https:\/\/eltrabajo.cl\/portal\/wp-json\/wp\/v2\/categories?post=18966"},{"taxonomy":"post_tag","embeddable":true,"href":"https:\/\/eltrabajo.cl\/portal\/wp-json\/wp\/v2\/tags?post=18966"}],"curies":[{"name":"wp","href":"https:\/\/api.w.org\/{rel}","templated":true}]}}