{"id":18971,"date":"2012-06-06T10:13:01","date_gmt":"2012-06-06T14:13:01","guid":{"rendered":"http:\/\/www.eltrabajo.cl\/portal\/?p=18971"},"modified":"2012-06-06T10:13:01","modified_gmt":"2012-06-06T14:13:01","slug":"baja-afluencia-de-afectados-se-registro-en-stand-instalado-por-sernac-para-estampar-denuncia-contra-chilquinta","status":"publish","type":"post","link":"https:\/\/eltrabajo.cl\/portal\/baja-afluencia-de-afectados-se-registro-en-stand-instalado-por-sernac-para-estampar-denuncia-contra-chilquinta\/","title":{"rendered":"Baja afluencia de afectados se registr\u00f3 en stand instalado por Sernac para estampar denuncia contra Chilquinta"},"content":{"rendered":"<figure id=\"attachment_18972\" aria-describedby=\"caption-attachment-18972\" style=\"width: 600px\" class=\"wp-caption alignnone\"><a href=\"http:\/\/www.eltrabajo.cl\/portal\/2012\/06\/baja-afluencia-de-afectados-se-registro-en-stand-instalado-por-sernac-para-estampar-denuncia-contra-chilquinta\/monica-vasquez-1\/\" rel=\"attachment wp-att-18972\"><img data-recalc-dims=\"1\" loading=\"lazy\" decoding=\"async\" class=\"size-full wp-image-18972\" title=\"monica vasquez (1)\" src=\"https:\/\/i0.wp.com\/www.eltrabajo.cl\/portal\/wp-content\/uploads\/2012\/06\/monica-vasquez-1.jpg?resize=600%2C450\" alt=\"\" width=\"600\" height=\"450\" srcset=\"https:\/\/i0.wp.com\/eltrabajo.cl\/portal\/wp-content\/uploads\/2012\/06\/monica-vasquez-1.jpg?w=600&amp;ssl=1 600w, https:\/\/i0.wp.com\/eltrabajo.cl\/portal\/wp-content\/uploads\/2012\/06\/monica-vasquez-1.jpg?resize=200%2C150&amp;ssl=1 200w, https:\/\/i0.wp.com\/eltrabajo.cl\/portal\/wp-content\/uploads\/2012\/06\/monica-vasquez-1.jpg?resize=300%2C225&amp;ssl=1 300w, https:\/\/i0.wp.com\/eltrabajo.cl\/portal\/wp-content\/uploads\/2012\/06\/monica-vasquez-1.jpg?resize=150%2C112&amp;ssl=1 150w, https:\/\/i0.wp.com\/eltrabajo.cl\/portal\/wp-content\/uploads\/2012\/06\/monica-vasquez-1.jpg?resize=400%2C300&amp;ssl=1 400w\" sizes=\"auto, (max-width: 600px) 100vw, 600px\" \/><\/a><figcaption id=\"caption-attachment-18972\" class=\"wp-caption-text\">M\u00f3nica V\u00e1squez lleg\u00f3 hasta el stand instalado por Sernac para estampar las denuncias contra Chilquinta por el extenso corte de energ\u00eda que se produjo durante el temporal pasado.<\/figcaption><\/figure>\n<p>Sylvia Vergara Gonz\u00e1lez &#8211; <a href=\"mailto:svergara@eltrabajo.cl\">svergara@eltrabajo.cl<\/a><\/p>\n<p>Aunque se hab\u00eda dicho que eran alrededor de 12 mil los clientes afectados por los cortes de energ\u00eda el\u00e9ctrica durante el temporal del pasado 26 y 27 de mayo, lo cierto es que s\u00f3lo una docena de personas se hab\u00edan acercado en horas de la ma\u00f1ana de este martes al stand que el Sernac Regional instal\u00f3 en la plaza de armas para recibir las denuncias.<\/p>\n<p>Lentamente comenzaron a acercarse algunas personas durante la ma\u00f1ana, y hasta las 11 horas s\u00f3lo hab\u00edan llegado unos doce clientes afectados.<\/p>\n<p>Una de las personas que lleg\u00f3 hasta el stand fue M\u00f3nica V\u00e1squez, integrante del Consejo de la Sociedad Civil.<\/p>\n<p>Para ella se torn\u00f3 una responsabilidad el acercarse a hacer la denuncia, sobre todo en representaci\u00f3n de los adultos mayores que se vieron afectados por el extenso corte.<\/p>\n<p>\u201cHemos estado tres d\u00edas sin luz, para los adultos mayores y uno que est\u00e1 trabando y dejarlos en la casa solos, con velas, porque todas las linternas se nos descargaron, el agua no es tanto, pero para ellos la luz es primordial, sobre todo si vivimos en casas de dos pisos\u201d.<\/p>\n<p>M\u00f3nica, tal como el resto de los afectados, tuvo que botar una importante cantidad de comida, la que se ech\u00f3 a perder al no estar expuestos a los niveles de fr\u00edo necesarios.<\/p>\n<p>Durante esos d\u00edas, los vecinos dicen haber llamado en varias oportunidades al tel\u00e9fono de emergencia de Chilquinta, pero no habr\u00edan tenido respuesta, por lo que califican como irresponsable a la empresa, a lo que se suma el hecho de no haberse adelantado a los hechos, sabiendo que se acercaba un temporal con fuertes vientos.<\/p>\n<p>\u201cEllos no se adelantaron, obviamente que se iban a caer \u00e1rboles, se iban a caer los cables, y si hab\u00edan contratado 70 profesionales, que se los llevaron a Catemu o Llay-Llay, donde se cayeron m\u00e1s \u00e1rboles, ten\u00edan que haber contratado 140\u201d, dijo M\u00f3nica.<\/p>\n<p>Esta afectada dice que el sector donde ella vive, la poblaci\u00f3n Pedro Aguirre Cerda, se vio bastante afectada con la situaci\u00f3n, por lo que esperan que de una vez por todas cambie la manera de pensar de los chilenos.<\/p>\n<p>\u201cQue no arreglemos la carga en el camino, que nos adelantemos a los hechos, m\u00e1s si estamos avisados, que se act\u00fae con m\u00e1s responsabilidad, que pensemos en los adultos mayores que est\u00e1n m\u00e1s desprotegidos\u201d, sostuvo enf\u00e1tica.<\/p>\n","protected":false},"excerpt":{"rendered":"<p>Sylvia Vergara Gonz\u00e1lez &#8211; svergara@eltrabajo.cl Aunque se hab\u00eda dicho que eran alrededor de 12 mil los clientes afectados por los cortes de energ\u00eda el\u00e9ctrica durante el temporal del pasado 26 y 27&#8230;<\/p>\n","protected":false},"author":482,"featured_media":18972,"comment_status":"open","ping_status":"closed","sticky":false,"template":"","format":"standard","meta":{"advanced_seo_description":"","jetpack_seo_html_title":"","jetpack_seo_noindex":false,"_jetpack_memberships_contains_paid_content":false,"footnotes":""},"categories":[1],"tags":[],"class_list":["post-18971","post","type-post","status-publish","format-standard","has-post-thumbnail","hentry","category-cronica"],"jetpack_featured_media_url":"https:\/\/i0.wp.com\/eltrabajo.cl\/portal\/wp-content\/uploads\/2012\/06\/monica-vasquez-1.jpg?fit=600%2C450&ssl=1","jetpack_sharing_enabled":true,"jetpack_likes_enabled":true,"jetpack-related-posts":[],"_links":{"self":[{"href":"https:\/\/eltrabajo.cl\/portal\/wp-json\/wp\/v2\/posts\/18971","targetHints":{"allow":["GET"]}}],"collection":[{"href":"https:\/\/eltrabajo.cl\/portal\/wp-json\/wp\/v2\/posts"}],"about":[{"href":"https:\/\/eltrabajo.cl\/portal\/wp-json\/wp\/v2\/types\/post"}],"author":[{"embeddable":true,"href":"https:\/\/eltrabajo.cl\/portal\/wp-json\/wp\/v2\/users\/482"}],"replies":[{"embeddable":true,"href":"https:\/\/eltrabajo.cl\/portal\/wp-json\/wp\/v2\/comments?post=18971"}],"version-history":[{"count":0,"href":"https:\/\/eltrabajo.cl\/portal\/wp-json\/wp\/v2\/posts\/18971\/revisions"}],"wp:featuredmedia":[{"embeddable":true,"href":"https:\/\/eltrabajo.cl\/portal\/wp-json\/wp\/v2\/media\/18972"}],"wp:attachment":[{"href":"https:\/\/eltrabajo.cl\/portal\/wp-json\/wp\/v2\/media?parent=18971"}],"wp:term":[{"taxonomy":"category","embeddable":true,"href":"https:\/\/eltrabajo.cl\/portal\/wp-json\/wp\/v2\/categories?post=18971"},{"taxonomy":"post_tag","embeddable":true,"href":"https:\/\/eltrabajo.cl\/portal\/wp-json\/wp\/v2\/tags?post=18971"}],"curies":[{"name":"wp","href":"https:\/\/api.w.org\/{rel}","templated":true}]}}