{"id":18987,"date":"2012-06-06T10:26:06","date_gmt":"2012-06-06T14:26:06","guid":{"rendered":"http:\/\/www.eltrabajo.cl\/portal\/?p=18987"},"modified":"2012-06-06T10:26:06","modified_gmt":"2012-06-06T14:26:06","slug":"suspenden-millonario-contrato-de-dos-centrales-hidroelectricas-en-putaendo","status":"publish","type":"post","link":"https:\/\/eltrabajo.cl\/portal\/suspenden-millonario-contrato-de-dos-centrales-hidroelectricas-en-putaendo\/","title":{"rendered":"Suspenden millonario contrato de dos centrales hidroel\u00e9ctricas en Putaendo"},"content":{"rendered":"<figure id=\"attachment_18988\" aria-describedby=\"caption-attachment-18988\" style=\"width: 600px\" class=\"wp-caption alignnone\"><a href=\"http:\/\/www.eltrabajo.cl\/portal\/2012\/06\/suspenden-millonario-contrato-de-dos-centrales-hidroelectricas-en-putaendo\/reunion-contratos-4\/\" rel=\"attachment wp-att-18988\"><img data-recalc-dims=\"1\" loading=\"lazy\" decoding=\"async\" class=\"size-full wp-image-18988\" title=\"reunion contratos (4)\" src=\"https:\/\/i0.wp.com\/www.eltrabajo.cl\/portal\/wp-content\/uploads\/2012\/06\/reunion-contratos-4.jpg?resize=600%2C450\" alt=\"\" width=\"600\" height=\"450\" srcset=\"https:\/\/i0.wp.com\/eltrabajo.cl\/portal\/wp-content\/uploads\/2012\/06\/reunion-contratos-4.jpg?w=600&amp;ssl=1 600w, https:\/\/i0.wp.com\/eltrabajo.cl\/portal\/wp-content\/uploads\/2012\/06\/reunion-contratos-4.jpg?resize=200%2C150&amp;ssl=1 200w, https:\/\/i0.wp.com\/eltrabajo.cl\/portal\/wp-content\/uploads\/2012\/06\/reunion-contratos-4.jpg?resize=300%2C225&amp;ssl=1 300w, https:\/\/i0.wp.com\/eltrabajo.cl\/portal\/wp-content\/uploads\/2012\/06\/reunion-contratos-4.jpg?resize=150%2C112&amp;ssl=1 150w, https:\/\/i0.wp.com\/eltrabajo.cl\/portal\/wp-content\/uploads\/2012\/06\/reunion-contratos-4.jpg?resize=400%2C300&amp;ssl=1 400w\" sizes=\"auto, (max-width: 600px) 100vw, 600px\" \/><\/a><figcaption id=\"caption-attachment-18988\" class=\"wp-caption-text\">En medio de la reuni\u00f3n donde se firmar\u00edan los contratos, se dio a conocer la situaci\u00f3n que oblig\u00f3 a suspender la actividad.<\/figcaption><\/figure>\n<ul>\n<li><strong>Junta de Vigilancia del R\u00edo Putaendo suspendi\u00f3 hist\u00f3rica firma de convenios, tras conocerse que Colb\u00fan tiene derechos asignados oficialmente sobre el R\u00edo Roc\u00edn.<\/strong><\/li>\n<\/ul>\n<p><strong>PUTAENDO.-<\/strong> La noticia que la hidroel\u00e9ctrica Guardia Vieja, subsidiaria de la empresa nacional Colb\u00fan, tiene derechos de agua consuntivos y permanentes en el R\u00edo Roc\u00edn, gener\u00f3 la suspensi\u00f3n de la firma de dos importantes proyectos que la Junta de Vigilancia del R\u00edo Putaendo firmar\u00eda la tarde de este d\u00eda martes.<\/p>\n<figure id=\"attachment_18989\" aria-describedby=\"caption-attachment-18989\" style=\"width: 300px\" class=\"wp-caption alignright\"><a href=\"http:\/\/www.eltrabajo.cl\/portal\/2012\/06\/suspenden-millonario-contrato-de-dos-centrales-hidroelectricas-en-putaendo\/miguel-vega\/\" rel=\"attachment wp-att-18989\"><img data-recalc-dims=\"1\" loading=\"lazy\" decoding=\"async\" class=\"size-medium wp-image-18989\" title=\"miguel vega\" src=\"https:\/\/i0.wp.com\/www.eltrabajo.cl\/portal\/wp-content\/uploads\/2012\/06\/miguel-vega-300x225.jpg?resize=300%2C225\" alt=\"\" width=\"300\" height=\"225\" srcset=\"https:\/\/i0.wp.com\/eltrabajo.cl\/portal\/wp-content\/uploads\/2012\/06\/miguel-vega.jpg?resize=300%2C225&amp;ssl=1 300w, https:\/\/i0.wp.com\/eltrabajo.cl\/portal\/wp-content\/uploads\/2012\/06\/miguel-vega.jpg?resize=200%2C150&amp;ssl=1 200w, https:\/\/i0.wp.com\/eltrabajo.cl\/portal\/wp-content\/uploads\/2012\/06\/miguel-vega.jpg?resize=150%2C112&amp;ssl=1 150w, https:\/\/i0.wp.com\/eltrabajo.cl\/portal\/wp-content\/uploads\/2012\/06\/miguel-vega.jpg?resize=400%2C300&amp;ssl=1 400w, https:\/\/i0.wp.com\/eltrabajo.cl\/portal\/wp-content\/uploads\/2012\/06\/miguel-vega.jpg?w=600&amp;ssl=1 600w\" sizes=\"auto, (max-width: 300px) 100vw, 300px\" \/><\/a><figcaption id=\"caption-attachment-18989\" class=\"wp-caption-text\">Miguel Vega, presidente de la Junta de Vigilancia del R\u00edo Putaendo.<\/figcaption><\/figure>\n<p>La ceremonia comprend\u00eda la firma definitiva de un millonario contrato con la empresa GPE para la construcci\u00f3n de dos centrales hidroel\u00e9ctricas y la firma con la Direcci\u00f3n de Obras Hidr\u00e1ulicas de un contrato para el ensanchamiento del tubo de evacuaci\u00f3n de las aguas del embalse Chacrillas, para lo cual estaban invitadas altas autoridades como la Gobernadora Patricia Boffa, el Director Regional de la DOH Cristian V\u00e9liz, el Director Regional de la Direcci\u00f3n General de Aguas Milton Ureta, representantes de la empresa GPE y otras importantes autoridades como el Ingeniero Carlos Sol\u00eds, encargado de la construcci\u00f3n del embalse Chacrillas, adem\u00e1s de la presencia del Alcalde Guillermo Reyes y el directorio completo de la Junta de Vigilancia del R\u00edo Putaendo, quienes asistir\u00edan a la firma de estos dos importantes convenios, los que finalmente no se firmaron ante el asombro de todos los presentes.<\/p>\n<p>Miguel Vega se\u00f1al\u00f3 a los presentes que se enteraron el d\u00eda lunes que la empresa Hidroel\u00e9ctrica Guardia Vieja, subsidiaria de la nacional Colb\u00fan, present\u00f3 oposici\u00f3n a derechos de aguas que la junta de vigilancia estaba solicitando, verificando que efectivamente esta empresa posee derechos permanentes y consuntivos por 4 metros c\u00fabicos, 6 kil\u00f3metros aguas arriba de la cola del embalse Chacrillas en el R\u00edo Roc\u00edn, y que los devolver\u00edan 3 kil\u00f3metros m\u00e1s abajo de la cortina del mismo embalse, transportando el agua a una altura superior a los 300 metros, lo que en palabra simples significar\u00eda que \u201cel embalse ser\u00eda baypaseado\u201d, incluso con la posibilidad que no pueda tener derechos de agua para ser llenado.<\/p>\n<figure id=\"attachment_18990\" aria-describedby=\"caption-attachment-18990\" style=\"width: 300px\" class=\"wp-caption alignleft\"><a href=\"http:\/\/www.eltrabajo.cl\/portal\/2012\/06\/suspenden-millonario-contrato-de-dos-centrales-hidroelectricas-en-putaendo\/cristian-veliz-director-regional-doh-2\/\" rel=\"attachment wp-att-18990\"><img data-recalc-dims=\"1\" loading=\"lazy\" decoding=\"async\" class=\"size-medium wp-image-18990\" title=\"cristian veliz director regional doh\" src=\"https:\/\/i0.wp.com\/www.eltrabajo.cl\/portal\/wp-content\/uploads\/2012\/06\/cristian-veliz-director-regional-doh-300x225.jpg?resize=300%2C225\" alt=\"\" width=\"300\" height=\"225\" srcset=\"https:\/\/i0.wp.com\/eltrabajo.cl\/portal\/wp-content\/uploads\/2012\/06\/cristian-veliz-director-regional-doh.jpg?resize=300%2C225&amp;ssl=1 300w, https:\/\/i0.wp.com\/eltrabajo.cl\/portal\/wp-content\/uploads\/2012\/06\/cristian-veliz-director-regional-doh.jpg?resize=200%2C150&amp;ssl=1 200w, https:\/\/i0.wp.com\/eltrabajo.cl\/portal\/wp-content\/uploads\/2012\/06\/cristian-veliz-director-regional-doh.jpg?resize=150%2C112&amp;ssl=1 150w, https:\/\/i0.wp.com\/eltrabajo.cl\/portal\/wp-content\/uploads\/2012\/06\/cristian-veliz-director-regional-doh.jpg?resize=400%2C300&amp;ssl=1 400w, https:\/\/i0.wp.com\/eltrabajo.cl\/portal\/wp-content\/uploads\/2012\/06\/cristian-veliz-director-regional-doh.jpg?w=600&amp;ssl=1 600w\" sizes=\"auto, (max-width: 300px) 100vw, 300px\" \/><\/a><figcaption id=\"caption-attachment-18990\" class=\"wp-caption-text\">Cristian V\u00e9liz, Director Regional de la Direcci\u00f3n de Obras Hidr\u00e1ulicas.<\/figcaption><\/figure>\n<p>El dirigente dijo que esto era una situaci\u00f3n de extrema gravedad y que no entend\u00eda como la Direcci\u00f3n General de Aguas hab\u00eda autorizado a esta empresa a tener derechos de aguas, si siempre se dijo que no se autorizar\u00edan, donde lamentablemente con fecha 14 de diciembre del a\u00f1o 2011 y mediante la resoluci\u00f3n n\u00famero 268 la Direcci\u00f3n General de Aguas entreg\u00f3 derechos de aguas permanentes y consuntivos a la Hidroel\u00e9ctrica Guardia Vieja, reiterando que era demasiado grave la situaci\u00f3n, pues en palabras simples el embalse se pod\u00eda quedar sin agua.<\/p>\n<p>El Alcalde Guillermo Reyes en tanto se\u00f1al\u00f3 que \u201calguien le hab\u00eda mentido al presidente Pi\u00f1era\u201d y que correspond\u00eda que el ministro de Obras P\u00fablicas Laurence Golborne Riveros, tomara cartas en el asunto, ya que tambi\u00e9n calific\u00f3 como grave la situaci\u00f3n.<\/p>\n<p>Por su parte la Gobernadora Patricia Boffa indic\u00f3 que hab\u00eda un inconveniente, pero que no hab\u00eda que alarmar a la comunidad, siendo tajante al se\u00f1alar que el embalse y su construcci\u00f3n no se detendr\u00e1n y que no est\u00e1 en peligro el agua para dicho embalse, agregando que este tema se viene arrastrando desde el a\u00f1o 1995 y que una vez mas ser\u00e1 este Gobierno el que solucione problemas que dej\u00f3 a medias la Concertaci\u00f3n, por lo que reiter\u00f3 el llamado a la tranquilidad, anticipando una reuni\u00f3n con la Directora Nacional de Obras Hidr\u00e1ulicas, Mariana Concha, y con el Director Nacional de Aguas, Mat\u00edas Desmadryl, la que se realizar\u00e1 el pr\u00f3ximo mi\u00e9rcoles en la Junta de Vigilancia del R\u00edo Putaendo.<\/p>\n<p>Cristian Veliz, Director Regional de Obras Hidr\u00e1ulicas, comparti\u00f3 el criterio de la gobernadora, reconociendo que pudo haber alg\u00fan error, pero que en ning\u00fan caso est\u00e1 en peligro la construcci\u00f3n del embalse y menos el agua para su llenado, agregando que hay varias instancias que permitir\u00e1n solucionar este inconveniente que tiene preocupados a los regantes, comprometi\u00e9ndose para la pr\u00f3xima reuni\u00f3n a tener una propuesta de soluci\u00f3n a esta problem\u00e1tica.<\/p>\n<p>Nuestro medio supo de una muy buena fuente que la preocupaci\u00f3n por este tema es tan grave que el mismo Presidente de la Rep\u00fablica, Sebasti\u00e1n Pi\u00f1era, fue informado telef\u00f3nicamente de esta situaci\u00f3n por un alto funcionario de la Junta de Vigilancia del R\u00edo Putaendo.<\/p>\n<p><strong>Patricio Gallardo M.<\/strong><\/p>\n","protected":false},"excerpt":{"rendered":"<p>Junta de Vigilancia del R\u00edo Putaendo suspendi\u00f3 hist\u00f3rica firma de convenios, tras conocerse que Colb\u00fan tiene derechos asignados oficialmente sobre el R\u00edo Roc\u00edn. PUTAENDO.- La noticia que la hidroel\u00e9ctrica Guardia Vieja, subsidiaria&#8230;<\/p>\n","protected":false},"author":482,"featured_media":18988,"comment_status":"open","ping_status":"closed","sticky":false,"template":"","format":"standard","meta":{"advanced_seo_description":"","jetpack_seo_html_title":"","jetpack_seo_noindex":false,"_jetpack_memberships_contains_paid_content":false,"footnotes":""},"categories":[1],"tags":[],"class_list":["post-18987","post","type-post","status-publish","format-standard","has-post-thumbnail","hentry","category-cronica"],"jetpack_featured_media_url":"https:\/\/i0.wp.com\/eltrabajo.cl\/portal\/wp-content\/uploads\/2012\/06\/reunion-contratos-4.jpg?fit=600%2C450&ssl=1","jetpack_sharing_enabled":true,"jetpack_likes_enabled":true,"jetpack-related-posts":[],"_links":{"self":[{"href":"https:\/\/eltrabajo.cl\/portal\/wp-json\/wp\/v2\/posts\/18987","targetHints":{"allow":["GET"]}}],"collection":[{"href":"https:\/\/eltrabajo.cl\/portal\/wp-json\/wp\/v2\/posts"}],"about":[{"href":"https:\/\/eltrabajo.cl\/portal\/wp-json\/wp\/v2\/types\/post"}],"author":[{"embeddable":true,"href":"https:\/\/eltrabajo.cl\/portal\/wp-json\/wp\/v2\/users\/482"}],"replies":[{"embeddable":true,"href":"https:\/\/eltrabajo.cl\/portal\/wp-json\/wp\/v2\/comments?post=18987"}],"version-history":[{"count":0,"href":"https:\/\/eltrabajo.cl\/portal\/wp-json\/wp\/v2\/posts\/18987\/revisions"}],"wp:featuredmedia":[{"embeddable":true,"href":"https:\/\/eltrabajo.cl\/portal\/wp-json\/wp\/v2\/media\/18988"}],"wp:attachment":[{"href":"https:\/\/eltrabajo.cl\/portal\/wp-json\/wp\/v2\/media?parent=18987"}],"wp:term":[{"taxonomy":"category","embeddable":true,"href":"https:\/\/eltrabajo.cl\/portal\/wp-json\/wp\/v2\/categories?post=18987"},{"taxonomy":"post_tag","embeddable":true,"href":"https:\/\/eltrabajo.cl\/portal\/wp-json\/wp\/v2\/tags?post=18987"}],"curies":[{"name":"wp","href":"https:\/\/api.w.org\/{rel}","templated":true}]}}