{"id":18994,"date":"2012-06-06T10:43:52","date_gmt":"2012-06-06T14:43:52","guid":{"rendered":"http:\/\/www.eltrabajo.cl\/portal\/?p=18994"},"modified":"2012-06-06T15:29:36","modified_gmt":"2012-06-06T19:29:36","slug":"nino-de-9-anos-vive-una-%e2%80%98pesadilla%e2%80%99-y-es-expulsado-de-varias-escuelas","status":"publish","type":"post","link":"https:\/\/eltrabajo.cl\/portal\/nino-de-9-anos-vive-una-%e2%80%98pesadilla%e2%80%99-y-es-expulsado-de-varias-escuelas\/","title":{"rendered":"Ni\u00f1o de 9 a\u00f1os vive una \u2018pesadilla\u2019 y es expulsado de varias escuelas"},"content":{"rendered":"<figure id=\"attachment_18995\" aria-describedby=\"caption-attachment-18995\" style=\"width: 300px\" class=\"wp-caption alignleft\"><a href=\"http:\/\/www.eltrabajo.cl\/portal\/2012\/06\/nino-de-9-anos-vive-una-%e2%80%98pesadilla%e2%80%99-y-es-expulsado-de-varias-escuelas\/yolanda-figueroa\/\" rel=\"attachment wp-att-18995\"><img data-recalc-dims=\"1\" loading=\"lazy\" decoding=\"async\" class=\"size-medium wp-image-18995\" title=\"Yolanda Figueroa\" src=\"https:\/\/i0.wp.com\/www.eltrabajo.cl\/portal\/wp-content\/uploads\/2012\/06\/Yolanda-Figueroa-300x270.jpg?resize=300%2C270\" alt=\"\" width=\"300\" height=\"270\" srcset=\"https:\/\/i0.wp.com\/eltrabajo.cl\/portal\/wp-content\/uploads\/2012\/06\/Yolanda-Figueroa.jpg?resize=300%2C270&amp;ssl=1 300w, https:\/\/i0.wp.com\/eltrabajo.cl\/portal\/wp-content\/uploads\/2012\/06\/Yolanda-Figueroa.jpg?resize=166%2C150&amp;ssl=1 166w, https:\/\/i0.wp.com\/eltrabajo.cl\/portal\/wp-content\/uploads\/2012\/06\/Yolanda-Figueroa.jpg?resize=150%2C135&amp;ssl=1 150w, https:\/\/i0.wp.com\/eltrabajo.cl\/portal\/wp-content\/uploads\/2012\/06\/Yolanda-Figueroa.jpg?resize=400%2C360&amp;ssl=1 400w, https:\/\/i0.wp.com\/eltrabajo.cl\/portal\/wp-content\/uploads\/2012\/06\/Yolanda-Figueroa.jpg?w=600&amp;ssl=1 600w\" sizes=\"auto, (max-width: 300px) 100vw, 300px\" \/><\/a><figcaption id=\"caption-attachment-18995\" class=\"wp-caption-text\">Yolanda Figueroa, madre de Sebasti\u00e1n.<\/figcaption><\/figure>\n<p>Roberto Gonz\u00e1lez S. &#8211; <a href=\"mailto:rgonzalez@eltrabajo.cl\">rgonzalez@eltrabajo.cl<\/a><\/p>\n<p>El dolor y sufrimiento que toc\u00f3 a la puerta a un hogar sanfelipe\u00f1o con el tr\u00e1gico suicidio de uno de sus miembros, Diego Le\u00f3n de apenas 15 a\u00f1os el jueves 28 de enero de 2010, parecieran a\u00fan no terminar para la madre y hermanito del fallecido, Sebasti\u00e1n Le\u00f3n, quien ese d\u00eda qued\u00f3 petrificado al encontrar a su hermano de 15 a\u00f1os, a\u00fan sufriendo los \u00faltimos estertores de la muerte, hoy contin\u00faa recibiendo castigo psicol\u00f3gico por un sistema educativo al que pareciera no importarle su status de \u2018Estudiante con Necesidades Especiales\u2019.<\/p>\n<p>Seg\u00fan nuestras investigaciones, el ni\u00f1o Sebasti\u00e1n Le\u00f3n Figueroa ha venido a convertirse en un estudiante con serios problemas de aprendizaje, aunque son dificultades que evidentemente han debido ser tratadas con mayor profesionalismo por parte de sus profesores, la verdad es que simplemente lo que recibe en respuesta a sus problemas, es el que le cierren puertas en distintas escuelas de la provincia.<\/p>\n<p>Gritar y mantener conflictos con sus compa\u00f1eritos de clases, as\u00ed como hacer sus \u2018berrinches\u2019 en la escuela, son los argumentos que varios docentes ofrecen a Diario El Trabajo para justificar el no permitir que Sebasti\u00e1n reciba clases en algunos centros educativos de la Daem.<\/p>\n<p><strong>FUERTES DEPRESIONES<\/strong><\/p>\n<p>\u00abYo quiero poner una queja con los profesores de la Escuela 65 de San Felipe, ellos echaron a mi hijo del colegio por un \u2018berrinche\u2019 del ni\u00f1o, lo que pas\u00f3 es que la profesora le tir\u00f3 la colaci\u00f3n a la basura porque estaba comiendo en clases\u00bb, coment\u00f3 Yolanda Figueroa, madre de Sebasti\u00e1n, a Diario El Trabajo.<\/p>\n<figure id=\"attachment_18996\" aria-describedby=\"caption-attachment-18996\" style=\"width: 300px\" class=\"wp-caption alignright\"><a href=\"http:\/\/www.eltrabajo.cl\/portal\/2012\/06\/nino-de-9-anos-vive-una-%e2%80%98pesadilla%e2%80%99-y-es-expulsado-de-varias-escuelas\/pedro-hidalgo\/\" rel=\"attachment wp-att-18996\"><img data-recalc-dims=\"1\" loading=\"lazy\" decoding=\"async\" class=\"size-medium wp-image-18996\" title=\"Pedro Hidalgo\" src=\"https:\/\/i0.wp.com\/www.eltrabajo.cl\/portal\/wp-content\/uploads\/2012\/06\/Pedro-Hidalgo-300x258.jpg?resize=300%2C258\" alt=\"\" width=\"300\" height=\"258\" srcset=\"https:\/\/i0.wp.com\/eltrabajo.cl\/portal\/wp-content\/uploads\/2012\/06\/Pedro-Hidalgo.jpg?resize=300%2C258&amp;ssl=1 300w, https:\/\/i0.wp.com\/eltrabajo.cl\/portal\/wp-content\/uploads\/2012\/06\/Pedro-Hidalgo.jpg?resize=174%2C150&amp;ssl=1 174w, https:\/\/i0.wp.com\/eltrabajo.cl\/portal\/wp-content\/uploads\/2012\/06\/Pedro-Hidalgo.jpg?resize=150%2C129&amp;ssl=1 150w, https:\/\/i0.wp.com\/eltrabajo.cl\/portal\/wp-content\/uploads\/2012\/06\/Pedro-Hidalgo.jpg?resize=400%2C344&amp;ssl=1 400w, https:\/\/i0.wp.com\/eltrabajo.cl\/portal\/wp-content\/uploads\/2012\/06\/Pedro-Hidalgo.jpg?w=600&amp;ssl=1 600w\" sizes=\"auto, (max-width: 300px) 100vw, 300px\" \/><\/a><figcaption id=\"caption-attachment-18996\" class=\"wp-caption-text\">El Director de la Escuela Jos\u00e9 Manso de Velasco, Pedro Hidalgo, muestra a Diario El Trabajo la \u2018Matr\u00edcula Condicional\u2019 firmada por Rommy Contreras, representante del Hogar de Menores y apoderada del menor.<\/figcaption><\/figure>\n<p>\u00abYo le compro las colaciones a mi hijo gracias a 40.000 pesos que su padre me da, \u00e9l est\u00e1 incapacitado y con ese dinero tengo tambi\u00e9n que pagar la luz y el agua (\u2026) a mi hijo Sebasti\u00e1n lo expulsaron del colegio y llamaron al Internado Pablo VI para que lo fueran a retirar, porque el ni\u00f1o ya no pertenec\u00eda a esa escuela, a mi ni\u00f1o no le dieron una expulsi\u00f3n temporal ni nada de eso\u00bb, agreg\u00f3 la madre del ni\u00f1o.<\/p>\n<p>Yolanda Figueroa reconoce que a su hijo le cuesta adaptarse al mundo estudiantil, pero que lo que Sebasti\u00e1n sufre son las consecuencias del impacto emocional recibido hace dos a\u00f1os.<\/p>\n<p>\u00abEn el 2010 mi otro hijo falleci\u00f3, y el Sebasti\u00e1n sufre de una fuerte depresi\u00f3n y \u2018berrinches\u2019 por la muerte de su hermano (\u2026) en la Escuela 65 ellos estaban informados de que a mi hijo deb\u00edan darle sus medicamentos, pero no se los daban a la hora indicada, me siento muy mal porque el ni\u00f1o me perder\u00e1 el a\u00f1o si no me ayudan con \u00e9l\u00bb, detall\u00f3 Figueroa.<\/p>\n<p>&nbsp;<\/p>\n<figure id=\"attachment_18998\" aria-describedby=\"caption-attachment-18998\" style=\"width: 300px\" class=\"wp-caption alignleft\"><a href=\"http:\/\/www.eltrabajo.cl\/portal\/2012\/06\/nino-de-9-anos-vive-una-%e2%80%98pesadilla%e2%80%99-y-es-expulsado-de-varias-escuelas\/portada-suicidio-2010-2\/\" rel=\"attachment wp-att-18998\"><img data-recalc-dims=\"1\" loading=\"lazy\" decoding=\"async\" class=\"size-medium wp-image-18998\" title=\"Portada suicidio 2010\" src=\"https:\/\/i0.wp.com\/www.eltrabajo.cl\/portal\/wp-content\/uploads\/2012\/06\/Portada-suicidio-20101-300x204.jpg?resize=300%2C204\" alt=\"\" width=\"300\" height=\"204\" srcset=\"https:\/\/i0.wp.com\/eltrabajo.cl\/portal\/wp-content\/uploads\/2012\/06\/Portada-suicidio-20101.jpg?resize=300%2C204&amp;ssl=1 300w, https:\/\/i0.wp.com\/eltrabajo.cl\/portal\/wp-content\/uploads\/2012\/06\/Portada-suicidio-20101.jpg?resize=200%2C136&amp;ssl=1 200w, https:\/\/i0.wp.com\/eltrabajo.cl\/portal\/wp-content\/uploads\/2012\/06\/Portada-suicidio-20101.jpg?resize=150%2C102&amp;ssl=1 150w, https:\/\/i0.wp.com\/eltrabajo.cl\/portal\/wp-content\/uploads\/2012\/06\/Portada-suicidio-20101.jpg?resize=400%2C272&amp;ssl=1 400w, https:\/\/i0.wp.com\/eltrabajo.cl\/portal\/wp-content\/uploads\/2012\/06\/Portada-suicidio-20101.jpg?w=600&amp;ssl=1 600w\" sizes=\"auto, (max-width: 300px) 100vw, 300px\" \/><\/a><figcaption id=\"caption-attachment-18998\" class=\"wp-caption-text\">Diario El Trabajo registr\u00f3 el impactante suicidio del hermano de Sebasti\u00e1n en 2010, las secuelas a\u00fan hoy contin\u00faan presentes en la vida del menor.<\/figcaption><\/figure>\n<p>&nbsp;<\/p>\n<p><strong>ESCUELA\u00a065<\/strong><\/p>\n<p>Diario El Trabajo habl\u00f3 con el Director de la Escuela Jos\u00e9 Manso de Velasco, Pedro Hidalgo.<\/p>\n<p><strong>&#8211; \u00bfSe han vulnerado los derechos del ni\u00f1o Sebasti\u00e1n Le\u00f3n?<\/strong><\/p>\n<p>&#8211; \u00abAqu\u00ed no se le han vulnerado los derechos de Sebasti\u00e1n, \u00e9l est\u00e1 vulnerando los derechos de los otros ni\u00f1os (\u2026) tengo tres hojas de Anotaciones llenas, \u00bfqui\u00e9n tiene tres hojas de Anotaciones en s\u00f3lo dos meses? (\u2026) la posici\u00f3n del colegio es que esto no es una expulsi\u00f3n, lo retir\u00f3 el Apoderado del ni\u00f1o, que es la representante del Internado Pablo VI, y el ni\u00f1o fue retirado voluntariamente porque con \u00e9l se hizo una \u2018Matr\u00edcula Condicional\u2019; el Apoderado se comprometi\u00f3 a que si el ni\u00f1o ten\u00eda mal comportamiento, lo retiraba\u00bb.<\/p>\n<p>&#8211; La madre de Sebasti\u00e1n se\u00f1ala que la profesora del ni\u00f1o le quit\u00f3 y tir\u00f3 a la basura su colaci\u00f3n, \u00bfes cierto?<\/p>\n<p><strong>&#8211; \u00abSobre eso que se\u00f1ala la madre, de que al ni\u00f1o se le quit\u00f3 la comida, eso es falso, si as\u00ed fuera, ya Sebasti\u00e1n hubiese sido retirado desde mucho antes\u00bb.<\/strong><\/p>\n<p>Seg\u00fan lo reportado por Hidalgo, el menor presenta un cuadro de agresividad hacia sus iguales al punto de propinar agresiones f\u00edsicas a compa\u00f1eros de estudio. Estos ataques registran golpes, pu\u00f1etazos en el rostro de los dem\u00e1s y \u2018zancadillas\u2019 a las ni\u00f1as. Sobre este asunto, nuestro medio habl\u00f3 con la Apoderada de Sebasti\u00e1n, Rommy Contreras, educadora de p\u00e1rvulos y Coordinadora de Educaci\u00f3n del Internado Pablo VI en Almendral, para indagar sobre las circunstancias en que vive o sobrevive el menor.<\/p>\n<p><strong>&#8211; \u00bfPor qu\u00e9 Sebasti\u00e1n ya no est\u00e1 estudiando en esta escuela?<\/strong><\/p>\n<p>&#8211; \u00abPor los problemas conductuales que tiene Sebasti\u00e1n, el Director de la Escuela Jos\u00e9 Manso de Velasco solicit\u00f3 el retiro del ni\u00f1o de forma voluntaria para que fuese llevado a otro colegio y que tuviese ah\u00ed una mejor atenci\u00f3n\u00bb.<\/p>\n<p><strong>&#8211; \u00bfEs la primera vez que esto ocurre?<\/strong><\/p>\n<p>&#8211; \u00abEs un peregrinar de escuela en escuela lo que se vive con Sebasti\u00e1n, es un ni\u00f1o que tiene una Resoluci\u00f3n del Ministerio de Educaci\u00f3n a ra\u00edz de su problem\u00e1tica de \u00edndole intelectual, nos hemos encontrado con que no hay cupos para que sea atendido adecuadamente\u00bb.<\/p>\n<p><strong>&#8211; \u00bfHan atendido bien a Sebasti\u00e1n con lo de sus medicamentos?<\/strong><\/p>\n<p>&#8211; \u00abA \u00e9l lo sacan de la escuela por una seguidilla de rabietas, creo que es falta de estrategias de los profesores con respecto a las conductas de Sebasti\u00e1n (\u2026) es un ni\u00f1o a quien no se le administr\u00f3 el medicamento que correspond\u00eda tomar a la una de la tarde, eso hace que el ni\u00f1o no est\u00e9 compensado, que se frustra con mucha facilidad y agrede a los dem\u00e1s compa\u00f1eros\u00bb.<\/p>\n<p><strong>&#8211; \u00bfQu\u00e9 le han respondido a usted las instituciones de Educaci\u00f3n?<\/strong><\/p>\n<p>&#8211; \u00abEn la Direcci\u00f3n Provincial de Educaci\u00f3n, han estado monitoreando para saber c\u00f3mo voy con este asunto, pero en ning\u00fan momento se han hecho cargo del problema, ellos no han buscado ni propiciado que alg\u00fan Director de escuela nos atienda de forma oportuna y r\u00e1pida, todo es muy burocr\u00e1tico\u00bb.<\/p>\n<p><strong>&#8211; \u00bfQu\u00e9 participaci\u00f3n ha tenido el Daem con este caso?<\/strong><\/p>\n<p>&#8211; \u00abEn el Daem es lo mismo, solamente nos han sugerido en qu\u00e9 colegio podr\u00eda haber cupo (\u2026) finalmente fuimos a varios lugares pero con resultados negativos\u00bb.<\/p>\n<p>Seg\u00fan nos indic\u00f3 Rommy, los Proyectos de Integraci\u00f3n son una modalidad que no siempre satisface las necesidades que pueda tener cada escuela con los ni\u00f1os.<\/p>\n<p>Al cierre de nuestra Edici\u00f3n, <strong>Diario El Trabajo<\/strong> supo que ya se estaba gestionando, por parte del Pablo VI, la eventual incorporaci\u00f3n del ni\u00f1o Sebasti\u00e1n a una escuela de la provincia.<\/p>\n<p>Lejos de encontrar \u2018culpables\u2019 en el \u2018V\u00eda crucis\u2019 que vive Sebasti\u00e1n, nuestro medio pretende hacer un llamado a las autoridades que tienen las herramientas para ayudarlo, pero que, hasta el momento, s\u00f3lo han preferido la v\u00eda menos complicada y han cerrado las puertas a un ser humano que lucha intensamente por ser auxiliado con el amor y la dedicaci\u00f3n indicada.<\/p>\n<p>&nbsp;<\/p>\n<p><strong>OPINI\u00d3N: Un poquito de amor ayudar\u00eda<\/strong><\/p>\n<p>El caso de Sebasti\u00e1n -y el de su familia- no puede dejar a nadie indiferente.<\/p>\n<p>Un peque\u00f1o e inocente ni\u00f1o de 7 a\u00f1os fue de la noche a la ma\u00f1ana sacudido por un terrible episodio que marcar\u00eda para siempre su vida: presenci\u00f3 a su hermano de 15 a\u00f1os colgando de una cuerda, sin vida.<\/p>\n<p>Desde ese momento la vida de Sebasti\u00e1n se fue literalmente por el ca\u00f1o. No solo perdi\u00f3 a su hermano, tambi\u00e9n perdi\u00f3 a su familia, ya que sus padres se separaron a ra\u00edz del mismo tr\u00e1gico y devastador suceso, pues inevitablemente se recriminaron uno a otro por la muerte del adolescente.<\/p>\n<p>Ya sin padres, el destino le guardaba a\u00fan m\u00e1s sorpresas.<\/p>\n<p>Su madre, sumida en la depresi\u00f3n, descuid\u00f3 a su hijo, no sabemos en qu\u00e9 grado, pero no falt\u00f3 el \u2018buen vecino\u2019 que la denunci\u00f3, por lo que un tribunal (ya sabemos que la Justicia es ciega) entreg\u00f3 un solemne pero lapidario dictamen: entr\u00e9guese el ni\u00f1o al cuidado de un hogar de menores. No es por menospreciar los hogares de menores, \u00bfpero a qui\u00e9n le cabe en la cabeza que pueden reemplazar a un hogar, a una madre?<\/p>\n<p>As\u00ed que a los 7 a\u00f1os de edad, cuando deber\u00edas estar sin ninguna otra preocupaci\u00f3n que jugar y disfrutar de la vida, de una plumada el destino te deja sin hermano, sin padres y sin el calor de tu hogar, y un funcionario a quien ni siquiera conoces decide que debes irte a vivir a una instituci\u00f3n donde no conoces a nadie&#8230;<\/p>\n<p>La realidad de Sebasti\u00e1n es tremenda, supera a la ficci\u00f3n, pues la vida que le ha tocado vivir es dura, dolorosa, y reci\u00e9n tiene 9 a\u00f1os&#8230;<\/p>\n<p>Pero por si todo lo anterior fuera poco, adem\u00e1s debe lidiar con profesores que no son capaces de darle sus medicamentos que le ayudan a sobrellevar este tremendo dolor que aplastar\u00eda a cualquier adulto; con directores que no entienden, que no comprenden que est\u00e1 lleno de odio y rabia, pero por razones m\u00e1s que justificadas; gente que abraz\u00f3 la carrera del Magisterio, pero que son incapaces de mirar al que est\u00e1 a su lado, sufriendo una vida de agon\u00eda, y solo ven al ni\u00f1o problema del que quieren deshacerse a como d\u00e9 lugar.<\/p>\n<p>Pues bien, desde esta tribuna, yo que no soy profesor, les digo que ese ni\u00f1o -y todos los ni\u00f1os en edad escolar- solo necesita un poquito de amor, de cari\u00f1o y comprensi\u00f3n, y el cambio llegar\u00e1 por a\u00f1adidura. En sus manos est\u00e1 el destino de un ser humano, si se convierte en delincuente o ciudadano, ser\u00e1 obra de ustedes&#8230;<\/p>\n<p>\u00bfQu\u00e9 pasar\u00e1 con Sebasti\u00e1n?<\/p>\n<p>Desde el cielo los Dioses miran y meditan, pero ellos no pueden hacer mucho, los que tienen el poder est\u00e1n aqu\u00ed, en la tierra.<\/p>\n<p><strong>Marco Antonio Juri<\/strong><\/p>\n<p><strong>Periodista<\/strong><\/p>\n","protected":false},"excerpt":{"rendered":"<p>Roberto Gonz\u00e1lez S. &#8211; rgonzalez@eltrabajo.cl El dolor y sufrimiento que toc\u00f3 a la puerta a un hogar sanfelipe\u00f1o con el tr\u00e1gico suicidio de uno de sus miembros, Diego Le\u00f3n de apenas 15&#8230;<\/p>\n","protected":false},"author":482,"featured_media":18995,"comment_status":"open","ping_status":"closed","sticky":false,"template":"","format":"standard","meta":{"advanced_seo_description":"","jetpack_seo_html_title":"","jetpack_seo_noindex":false,"_jetpack_memberships_contains_paid_content":false,"footnotes":""},"categories":[15],"tags":[],"class_list":["post-18994","post","type-post","status-publish","format-standard","has-post-thumbnail","hentry","category-comunidad"],"jetpack_featured_media_url":"https:\/\/i0.wp.com\/eltrabajo.cl\/portal\/wp-content\/uploads\/2012\/06\/Yolanda-Figueroa.jpg?fit=600%2C540&ssl=1","jetpack_sharing_enabled":true,"jetpack_likes_enabled":true,"jetpack-related-posts":[],"_links":{"self":[{"href":"https:\/\/eltrabajo.cl\/portal\/wp-json\/wp\/v2\/posts\/18994","targetHints":{"allow":["GET"]}}],"collection":[{"href":"https:\/\/eltrabajo.cl\/portal\/wp-json\/wp\/v2\/posts"}],"about":[{"href":"https:\/\/eltrabajo.cl\/portal\/wp-json\/wp\/v2\/types\/post"}],"author":[{"embeddable":true,"href":"https:\/\/eltrabajo.cl\/portal\/wp-json\/wp\/v2\/users\/482"}],"replies":[{"embeddable":true,"href":"https:\/\/eltrabajo.cl\/portal\/wp-json\/wp\/v2\/comments?post=18994"}],"version-history":[{"count":0,"href":"https:\/\/eltrabajo.cl\/portal\/wp-json\/wp\/v2\/posts\/18994\/revisions"}],"wp:featuredmedia":[{"embeddable":true,"href":"https:\/\/eltrabajo.cl\/portal\/wp-json\/wp\/v2\/media\/18995"}],"wp:attachment":[{"href":"https:\/\/eltrabajo.cl\/portal\/wp-json\/wp\/v2\/media?parent=18994"}],"wp:term":[{"taxonomy":"category","embeddable":true,"href":"https:\/\/eltrabajo.cl\/portal\/wp-json\/wp\/v2\/categories?post=18994"},{"taxonomy":"post_tag","embeddable":true,"href":"https:\/\/eltrabajo.cl\/portal\/wp-json\/wp\/v2\/tags?post=18994"}],"curies":[{"name":"wp","href":"https:\/\/api.w.org\/{rel}","templated":true}]}}