{"id":19013,"date":"2012-06-07T10:03:59","date_gmt":"2012-06-07T14:03:59","guid":{"rendered":"http:\/\/www.eltrabajo.cl\/portal\/?p=19013"},"modified":"2012-06-07T15:09:46","modified_gmt":"2012-06-07T19:09:46","slug":"musicos-universitarios-sacuden-el-dial-e-internet-con-%e2%80%98la-remontada%e2%80%99","status":"publish","type":"post","link":"https:\/\/eltrabajo.cl\/portal\/musicos-universitarios-sacuden-el-dial-e-internet-con-%e2%80%98la-remontada%e2%80%99\/","title":{"rendered":"M\u00fasicos universitarios sacuden el dial e Internet con \u2018La Remontada\u2019"},"content":{"rendered":"<figure id=\"attachment_19014\" aria-describedby=\"caption-attachment-19014\" style=\"width: 600px\" class=\"wp-caption alignnone\"><a href=\"http:\/\/www.eltrabajo.cl\/portal\/2012\/06\/musicos-universitarios-sacuden-el-dial-e-internet-con-%e2%80%98la-remontada%e2%80%99\/banda1-2\/\" rel=\"attachment wp-att-19014\"><img data-recalc-dims=\"1\" loading=\"lazy\" decoding=\"async\" class=\"size-full wp-image-19014\" title=\"Banda1\" src=\"https:\/\/i0.wp.com\/www.eltrabajo.cl\/portal\/wp-content\/uploads\/2012\/06\/Banda1.jpg?resize=600%2C400\" alt=\"\" width=\"600\" height=\"400\" srcset=\"https:\/\/i0.wp.com\/eltrabajo.cl\/portal\/wp-content\/uploads\/2012\/06\/Banda1.jpg?w=600&amp;ssl=1 600w, https:\/\/i0.wp.com\/eltrabajo.cl\/portal\/wp-content\/uploads\/2012\/06\/Banda1.jpg?resize=200%2C133&amp;ssl=1 200w, https:\/\/i0.wp.com\/eltrabajo.cl\/portal\/wp-content\/uploads\/2012\/06\/Banda1.jpg?resize=300%2C200&amp;ssl=1 300w, https:\/\/i0.wp.com\/eltrabajo.cl\/portal\/wp-content\/uploads\/2012\/06\/Banda1.jpg?resize=150%2C100&amp;ssl=1 150w, https:\/\/i0.wp.com\/eltrabajo.cl\/portal\/wp-content\/uploads\/2012\/06\/Banda1.jpg?resize=400%2C266&amp;ssl=1 400w\" sizes=\"auto, (max-width: 600px) 100vw, 600px\" \/><\/a><figcaption id=\"caption-attachment-19014\" class=\"wp-caption-text\">Ellos son: Klaus y Nicol\u00e1s Lehmann, Sebasti\u00e1n Flores, C\u00e9sar Parra, Mat\u00edas Placencio y Alfredo Heufemann y juntos dieron vida a \u2018Modesto Medio\u2019, impulsores de la nueva corriente \u2018Latin Rock\u2019.<\/figcaption><\/figure>\n<p>Roberto Gonz\u00e1lez Short &#8211; <a href=\"mailto:rgonzalez@eltrabajo.cl\">rgonzalez@eltrabajo.cl<\/a><\/p>\n<p>Si el talento de un sanfelipe\u00f1o le dio chispa y color a la naciente Banda \u2018Modesto Medio\u2019, imag\u00ednese entonces c\u00f3mo puede sonar con dos integrantes de nuestra provincia. Tenga cuidado con lo que suena ya en algunas radioemisoras de Chile, porque ya se escuchan \u2018Pisadas de animal grande\u2019 y, \u2018Cuando el r\u00edo suena, piedras trae\u2019, ya que con solo su primer EP, la nueva agrupaci\u00f3n musical, \u2018Modesto Medio\u2019, ya pone a muchos a bailar con su pegajoso tema revelaci\u00f3n \u2018La Remontada\u2019, una mezcla de g\u00e9neros musicales en un solo paquete, que ya est\u00e1 dando de qu\u00e9 hablar en Internet y en medios de Prensa.<\/p>\n<p>Se trata de seis j\u00f3venes que definitivamente son la gran sensaci\u00f3n del orbe universitario, pues el sexteto cursa distintas carreras en prestigiosas universidades del pa\u00eds, e iniciaron en enero de 2010 una aventura juvenil que ahora empieza a definirse como un eventual crack musical que s\u00f3lo espera el ingrediente final para reclamar su espacio entre las mejores bandas chilenas: La aprobaci\u00f3n del p\u00fablico.<\/p>\n<p>\u201c<strong>NOS FALTABA ALGO\u201d<\/strong><\/p>\n<p>\u201cCuando iniciamos Modesto Medio en 2010, s\u00f3lo \u00e9ramos cinco integrantes, sent\u00edamos que, aunque nos esforz\u00e1bamos en hacerlo muy bien, nos faltaba algo m\u00e1s para poder llegar a estar satisfechos. Al tiro notamos que mi hermano Nicol\u00e1s, quien no estaba en el grupo, ten\u00eda por pasatiempo tocar su saxof\u00f3n, lo invitamos a realizar una prueba con nosotros y se dispar\u00f3 la creatividad a nivel grupal, ahora s\u00ed est\u00e1bamos completos\u201d, indic\u00f3 a Diario El Trabajo el Baterista del grupo, Klaus Lehmann y estudiante de Sociolog\u00eda en la UC.<\/p>\n<p>Esta Banda emergente estar\u00e1 tambi\u00e9n teloneando a las 19:00 horas de este viernes en el Teatro Municipal, antes de la presentaci\u00f3n de la Banda Kafod, quien realiza una gira regional auspiciada por el Consejo Nacional de Las Artes.<\/p>\n<p>\u201cNosotros hacemos nuestras cr\u00edticas en lo pol\u00edtico, social, existencialismo en nuestras canciones, tambi\u00e9n cantamos al amor y nos oponemos al consumo de drogas; nuestra banda es pionera del \u2018Latin Rock\u2019 en nuestro pa\u00eds, no estamos copiando a nadie, somos una propuesta que arriesga todo por el todo\u201d, agreg\u00f3 Lehmann a Diario El Trabajo.<\/p>\n<p>Los interesados en contactar con Modesto Medio, pueden llamar al Fono: 947 88 305.<\/p>\n<p>&nbsp;<\/p>\n<p>&nbsp;<br \/>\n<iframe loading=\"lazy\" width=\"560\" height=\"315\" src=\"http:\/\/www.youtube.com\/embed\/Mhzz_yfNTXI\" frameborder=\"0\" allowfullscreen><\/iframe><\/p>\n","protected":false},"excerpt":{"rendered":"<p>Roberto Gonz\u00e1lez Short &#8211; rgonzalez@eltrabajo.cl Si el talento de un sanfelipe\u00f1o le dio chispa y color a la naciente Banda \u2018Modesto Medio\u2019, imag\u00ednese entonces c\u00f3mo puede sonar con dos integrantes de nuestra&#8230;<\/p>\n","protected":false},"author":482,"featured_media":19014,"comment_status":"open","ping_status":"closed","sticky":false,"template":"","format":"standard","meta":{"advanced_seo_description":"","jetpack_seo_html_title":"","jetpack_seo_noindex":false,"_jetpack_memberships_contains_paid_content":false,"footnotes":""},"categories":[15],"tags":[],"class_list":["post-19013","post","type-post","status-publish","format-standard","has-post-thumbnail","hentry","category-comunidad"],"jetpack_featured_media_url":"https:\/\/i0.wp.com\/eltrabajo.cl\/portal\/wp-content\/uploads\/2012\/06\/Banda1.jpg?fit=600%2C400&ssl=1","jetpack_sharing_enabled":true,"jetpack_likes_enabled":true,"jetpack-related-posts":[],"_links":{"self":[{"href":"https:\/\/eltrabajo.cl\/portal\/wp-json\/wp\/v2\/posts\/19013","targetHints":{"allow":["GET"]}}],"collection":[{"href":"https:\/\/eltrabajo.cl\/portal\/wp-json\/wp\/v2\/posts"}],"about":[{"href":"https:\/\/eltrabajo.cl\/portal\/wp-json\/wp\/v2\/types\/post"}],"author":[{"embeddable":true,"href":"https:\/\/eltrabajo.cl\/portal\/wp-json\/wp\/v2\/users\/482"}],"replies":[{"embeddable":true,"href":"https:\/\/eltrabajo.cl\/portal\/wp-json\/wp\/v2\/comments?post=19013"}],"version-history":[{"count":0,"href":"https:\/\/eltrabajo.cl\/portal\/wp-json\/wp\/v2\/posts\/19013\/revisions"}],"wp:featuredmedia":[{"embeddable":true,"href":"https:\/\/eltrabajo.cl\/portal\/wp-json\/wp\/v2\/media\/19014"}],"wp:attachment":[{"href":"https:\/\/eltrabajo.cl\/portal\/wp-json\/wp\/v2\/media?parent=19013"}],"wp:term":[{"taxonomy":"category","embeddable":true,"href":"https:\/\/eltrabajo.cl\/portal\/wp-json\/wp\/v2\/categories?post=19013"},{"taxonomy":"post_tag","embeddable":true,"href":"https:\/\/eltrabajo.cl\/portal\/wp-json\/wp\/v2\/tags?post=19013"}],"curies":[{"name":"wp","href":"https:\/\/api.w.org\/{rel}","templated":true}]}}