{"id":19020,"date":"2012-06-07T10:05:15","date_gmt":"2012-06-07T14:05:15","guid":{"rendered":"http:\/\/www.eltrabajo.cl\/portal\/?p=19020"},"modified":"2012-06-07T10:05:15","modified_gmt":"2012-06-07T14:05:15","slug":"senda-previene-santa-maria-pone-en-marcha-el-programa-actitud","status":"publish","type":"post","link":"https:\/\/eltrabajo.cl\/portal\/senda-previene-santa-maria-pone-en-marcha-el-programa-actitud\/","title":{"rendered":"Senda-Previene Santa Mar\u00eda pone en marcha el programa Actitud"},"content":{"rendered":"<figure id=\"attachment_19021\" aria-describedby=\"caption-attachment-19021\" style=\"width: 600px\" class=\"wp-caption alignnone\"><a href=\"http:\/\/www.eltrabajo.cl\/portal\/2012\/06\/senda-previene-santa-maria-pone-en-marcha-el-programa-actitud\/senda-actitud-santamaria\/\" rel=\"attachment wp-att-19021\"><img data-recalc-dims=\"1\" loading=\"lazy\" decoding=\"async\" class=\"size-full wp-image-19021\" title=\"senda actitud santamaria\" src=\"https:\/\/i0.wp.com\/www.eltrabajo.cl\/portal\/wp-content\/uploads\/2012\/06\/senda-actitud-santamaria.jpg?resize=600%2C450\" alt=\"\" width=\"600\" height=\"450\" srcset=\"https:\/\/i0.wp.com\/eltrabajo.cl\/portal\/wp-content\/uploads\/2012\/06\/senda-actitud-santamaria.jpg?w=600&amp;ssl=1 600w, https:\/\/i0.wp.com\/eltrabajo.cl\/portal\/wp-content\/uploads\/2012\/06\/senda-actitud-santamaria.jpg?resize=200%2C150&amp;ssl=1 200w, https:\/\/i0.wp.com\/eltrabajo.cl\/portal\/wp-content\/uploads\/2012\/06\/senda-actitud-santamaria.jpg?resize=300%2C225&amp;ssl=1 300w, https:\/\/i0.wp.com\/eltrabajo.cl\/portal\/wp-content\/uploads\/2012\/06\/senda-actitud-santamaria.jpg?resize=150%2C112&amp;ssl=1 150w, https:\/\/i0.wp.com\/eltrabajo.cl\/portal\/wp-content\/uploads\/2012\/06\/senda-actitud-santamaria.jpg?resize=400%2C300&amp;ssl=1 400w\" sizes=\"auto, (max-width: 600px) 100vw, 600px\" \/><\/a><figcaption id=\"caption-attachment-19021\" class=\"wp-caption-text\">Durante la actividad, los alumnos del establecimiento presentaron un n\u00famero art\u00edstico de danza y teatro relativo a la prevenci\u00f3n del uso de drogas.<\/figcaption><\/figure>\n<p>En la comuna de Santa Mar\u00eda, se dio el vamos al programa Actitud de Senda Previene, en una ceremonia que se llev\u00f3 a cabo en la escuela Mar\u00eda Esp\u00ednola de San Fernando, en la que participaron representantes de los distintos colegios de la comuna, el alcalde Claudio Zurita, concejales, docentes, directores, alumnos y la coordinadora regional de Senda, Mar\u00eda Ester Munnier.<\/p>\n<p>En la actividad, los alumnos del establecimiento participaron con gran entusiasmo presentando un n\u00famero art\u00edstico de danza y teatro relativo a la prevenci\u00f3n del uso de drogas, y la alumna Soledad Chinch\u00f3n interpret\u00f3 una melod\u00eda en flauta traversa.<\/p>\n<p>Respecto al programa Actitud, que es un acr\u00f3nimo de \u2018Activa tu desarrollo\u2019, la coordinadora comunal de este servicio, Claudia Herrera, indic\u00f3 que \u201cesta iniciativa consta de un set de textos escolares que van desde 1\u00ba b\u00e1sico hasta ense\u00f1anza media, con una gr\u00e1fica m\u00e1s moderna y actualizada, incorporando y manteniendo el material en \u2018Busca del Tesoro\u2019, en ense\u00f1anza pre-b\u00e1sica de a\u00f1os anteriores. Es un material m\u00e1s breve, adaptado a la realidad actual de los ni\u00f1os y j\u00f3venes, y que incorpora el lenguaje pedag\u00f3gico, de manera tal que facilite la labor del docente y que pueda incluirlo f\u00e1cilmente en el curriculum escolar\u201d.<\/p>\n<p>Agreg\u00f3 la coordinadora comunal que el programa adem\u00e1s considera sesiones para trabajar con los apoderados, ya que el rol de los padres y adultos significativos es esencial para prevenir, en conjunto, el consumo de drogas y alcohol en los alumnos.<\/p>\n<p>La directora de la escuela Mar\u00eda Esp\u00ednola de San Fernando, M\u00f3nica Moyano, manifest\u00f3 que \u201ccomo equipo de trabajo, nosotros, no solamente queremos entregar los contenidos formales que nos exige el Ministerio de Educaci\u00f3n, sino, tambi\u00e9n entregar herramientas a nuestros ni\u00f1os y ni\u00f1as para que puedan decidir por s\u00ed mismos, no consumir drogas, y as\u00ed evitar que este flagelo se instale en las afueras y al interior del colegio. Queremos ni\u00f1os y j\u00f3venes felices, alegres y sanos, que tengan la oportunidad de crecer y desarrollarse intelectual, social y emocionalmente, en una comuna libre de la amenaza de las drogas y el exceso de alcohol\u201d.<\/p>\n<p>Para el alcalde de Santa Mar\u00eda, Claudio Zurita, el tema de la prevenci\u00f3n es muy importante: \u201cLes cuento que estoy haciendo todos los esfuerzos para que podamos cumplir con el desaf\u00edo de tener ni\u00f1os, ni\u00f1as, j\u00f3venes y familias sanas y con espacios p\u00fablicos de recreaci\u00f3n. Por ello no es casualidad que estemos en estos momentos construyendo nuestro Teatro Municipal, que pronto inauguraremos; que nos encontremos instalando maquinarias de ejercicios en distintos sectores de la comuna; pronto remodelaremos nuestra plaza de armas y tenemos proyectos de nuevas multicanchas\u201d.<\/p>\n<p>Finalmente la coordinadora regional de Senda Previene, Mar\u00eda Ester Munnier, se\u00f1al\u00f3 estar \u201cmuy contenta porque el trabajo desarrollado en la comuna, por el alcalde, por los concejales y especialmente por la coordinadora, que nos ha permitido hoy d\u00eda, estar implementando este programa escolar, en los establecimientos municipalizados, particulares subvencionados y por supuesto, eso nos va a hacer desarrollar habilidades en los ni\u00f1os que tienen que ver b\u00e1sicamente con el conocer su cuerpo, conocer su entorno, luego en una etapa m\u00e1s avanzada desarrollar la capacidad de analizar situaciones y posteriormente reflexionar al respecto en la toma de decisiones (&#8230;). \u201cEste es un programa que est\u00e1 dise\u00f1ado para entregarse dentro de los horarios de clases, porque tiene una metodolog\u00eda que permite al profesor desarrollar las actividades sin mayor dificultad. No solo tiene tem\u00e1tica de drogas sino que tambi\u00e9n tiene metodolog\u00edas para desarrollar investigaciones\u201d.<\/p>\n","protected":false},"excerpt":{"rendered":"<p>En la comuna de Santa Mar\u00eda, se dio el vamos al programa Actitud de Senda Previene, en una ceremonia que se llev\u00f3 a cabo en la escuela Mar\u00eda Esp\u00ednola de San Fernando,&#8230;<\/p>\n","protected":false},"author":482,"featured_media":19021,"comment_status":"open","ping_status":"closed","sticky":false,"template":"","format":"standard","meta":{"advanced_seo_description":"","jetpack_seo_html_title":"","jetpack_seo_noindex":false,"_jetpack_memberships_contains_paid_content":false,"footnotes":""},"categories":[1],"tags":[],"class_list":["post-19020","post","type-post","status-publish","format-standard","has-post-thumbnail","hentry","category-cronica"],"jetpack_featured_media_url":"https:\/\/i0.wp.com\/eltrabajo.cl\/portal\/wp-content\/uploads\/2012\/06\/senda-actitud-santamaria.jpg?fit=600%2C450&ssl=1","jetpack_sharing_enabled":true,"jetpack_likes_enabled":true,"jetpack-related-posts":[],"_links":{"self":[{"href":"https:\/\/eltrabajo.cl\/portal\/wp-json\/wp\/v2\/posts\/19020","targetHints":{"allow":["GET"]}}],"collection":[{"href":"https:\/\/eltrabajo.cl\/portal\/wp-json\/wp\/v2\/posts"}],"about":[{"href":"https:\/\/eltrabajo.cl\/portal\/wp-json\/wp\/v2\/types\/post"}],"author":[{"embeddable":true,"href":"https:\/\/eltrabajo.cl\/portal\/wp-json\/wp\/v2\/users\/482"}],"replies":[{"embeddable":true,"href":"https:\/\/eltrabajo.cl\/portal\/wp-json\/wp\/v2\/comments?post=19020"}],"version-history":[{"count":0,"href":"https:\/\/eltrabajo.cl\/portal\/wp-json\/wp\/v2\/posts\/19020\/revisions"}],"wp:featuredmedia":[{"embeddable":true,"href":"https:\/\/eltrabajo.cl\/portal\/wp-json\/wp\/v2\/media\/19021"}],"wp:attachment":[{"href":"https:\/\/eltrabajo.cl\/portal\/wp-json\/wp\/v2\/media?parent=19020"}],"wp:term":[{"taxonomy":"category","embeddable":true,"href":"https:\/\/eltrabajo.cl\/portal\/wp-json\/wp\/v2\/categories?post=19020"},{"taxonomy":"post_tag","embeddable":true,"href":"https:\/\/eltrabajo.cl\/portal\/wp-json\/wp\/v2\/tags?post=19020"}],"curies":[{"name":"wp","href":"https:\/\/api.w.org\/{rel}","templated":true}]}}