{"id":19024,"date":"2012-06-07T10:06:47","date_gmt":"2012-06-07T14:06:47","guid":{"rendered":"http:\/\/www.eltrabajo.cl\/portal\/?p=19024"},"modified":"2012-06-07T10:06:47","modified_gmt":"2012-06-07T14:06:47","slug":"profesores-y-paradocentes-de-colegios-particulares-y-subvencionados-en-curso-de-primeros-auxilios","status":"publish","type":"post","link":"https:\/\/eltrabajo.cl\/portal\/profesores-y-paradocentes-de-colegios-particulares-y-subvencionados-en-curso-de-primeros-auxilios\/","title":{"rendered":"Profesores y paradocentes de colegios particulares y subvencionados en Curso de Primeros Auxilios"},"content":{"rendered":"<figure id=\"attachment_19025\" aria-describedby=\"caption-attachment-19025\" style=\"width: 600px\" class=\"wp-caption alignnone\"><a href=\"http:\/\/www.eltrabajo.cl\/portal\/2012\/06\/profesores-y-paradocentes-de-colegios-particulares-y-subvencionados-en-curso-de-primeros-auxilios\/curso-gratuito\/\" rel=\"attachment wp-att-19025\"><img data-recalc-dims=\"1\" loading=\"lazy\" decoding=\"async\" class=\"size-full wp-image-19025\" title=\"curso gratuito\" src=\"https:\/\/i0.wp.com\/www.eltrabajo.cl\/portal\/wp-content\/uploads\/2012\/06\/curso-gratuito.jpg?resize=600%2C450\" alt=\"\" width=\"600\" height=\"450\" srcset=\"https:\/\/i0.wp.com\/eltrabajo.cl\/portal\/wp-content\/uploads\/2012\/06\/curso-gratuito.jpg?w=600&amp;ssl=1 600w, https:\/\/i0.wp.com\/eltrabajo.cl\/portal\/wp-content\/uploads\/2012\/06\/curso-gratuito.jpg?resize=200%2C150&amp;ssl=1 200w, https:\/\/i0.wp.com\/eltrabajo.cl\/portal\/wp-content\/uploads\/2012\/06\/curso-gratuito.jpg?resize=300%2C225&amp;ssl=1 300w, https:\/\/i0.wp.com\/eltrabajo.cl\/portal\/wp-content\/uploads\/2012\/06\/curso-gratuito.jpg?resize=150%2C112&amp;ssl=1 150w, https:\/\/i0.wp.com\/eltrabajo.cl\/portal\/wp-content\/uploads\/2012\/06\/curso-gratuito.jpg?resize=400%2C300&amp;ssl=1 400w\" sizes=\"auto, (max-width: 600px) 100vw, 600px\" \/><\/a><figcaption id=\"caption-attachment-19025\" class=\"wp-caption-text\">El curso contempla la entrega de conocimientos acerca de primeros auxilios b\u00e1sicos, adem\u00e1s de cuidados especiales a ni\u00f1os diab\u00e9ticos, con d\u00e9ficit atencional, que son bastante recurrentes en los establecimientos educacionales.<\/figcaption><\/figure>\n<p>M\u00e1s de veinte son los profesores que est\u00e1n participando del Curso de Primeros Auxilios y Cuidados del Ni\u00f1o, que dicta la carrera de Enfermer\u00eda de la Universidad de Valpara\u00edso, Campus San Felipe.<\/p>\n<p>Mientras el segundo semestre de 2011 se dict\u00f3 el mismo curso a profesores y asistentes de la educaci\u00f3n pertenecientes al sistema municipalizado de San Felipe, este a\u00f1o se opt\u00f3 por favorecer a docentes y paradocentes de establecimientos particulares subvencionados, adem\u00e1s de jardines infantiles.<\/p>\n<p>El curso considera generalidades de un accidente y primeros auxilios, traumas, heridas, reanimaci\u00f3n cardiopulmonar, cuidados generales del ni\u00f1o diab\u00e9tico, ni\u00f1o con enfermedades respiratorias, d\u00e9ficit atencional, entre otros temas.<\/p>\n<p>Seg\u00fan explic\u00f3 la profesora encargada del \u00e1rea de extensi\u00f3n de la carrera de Enfermer\u00eda, Cynthia Y\u00e1\u00f1ez, \u00abcada d\u00eda tenemos m\u00e1s peque\u00f1os que est\u00e1n con muchas enfermedades que son en el fondo de larga data o cr\u00f3nicas, y la idea es que los profesores est\u00e9n preparados para brindarles las primeras atenciones, pero que adem\u00e1s puedan replicar los conocimientos adquiridos a sus pares\u00bb, puntualiz\u00f3 Cynthia Y\u00e1\u00f1ez.<\/p>\n","protected":false},"excerpt":{"rendered":"<p>M\u00e1s de veinte son los profesores que est\u00e1n participando del Curso de Primeros Auxilios y Cuidados del Ni\u00f1o, que dicta la carrera de Enfermer\u00eda de la Universidad de Valpara\u00edso, Campus San Felipe&#8230;.<\/p>\n","protected":false},"author":482,"featured_media":19025,"comment_status":"open","ping_status":"closed","sticky":false,"template":"","format":"standard","meta":{"advanced_seo_description":"","jetpack_seo_html_title":"","jetpack_seo_noindex":false,"_jetpack_memberships_contains_paid_content":false,"footnotes":""},"categories":[15],"tags":[],"class_list":["post-19024","post","type-post","status-publish","format-standard","has-post-thumbnail","hentry","category-comunidad"],"jetpack_featured_media_url":"https:\/\/i0.wp.com\/eltrabajo.cl\/portal\/wp-content\/uploads\/2012\/06\/curso-gratuito.jpg?fit=600%2C450&ssl=1","jetpack_sharing_enabled":true,"jetpack_likes_enabled":true,"jetpack-related-posts":[],"_links":{"self":[{"href":"https:\/\/eltrabajo.cl\/portal\/wp-json\/wp\/v2\/posts\/19024","targetHints":{"allow":["GET"]}}],"collection":[{"href":"https:\/\/eltrabajo.cl\/portal\/wp-json\/wp\/v2\/posts"}],"about":[{"href":"https:\/\/eltrabajo.cl\/portal\/wp-json\/wp\/v2\/types\/post"}],"author":[{"embeddable":true,"href":"https:\/\/eltrabajo.cl\/portal\/wp-json\/wp\/v2\/users\/482"}],"replies":[{"embeddable":true,"href":"https:\/\/eltrabajo.cl\/portal\/wp-json\/wp\/v2\/comments?post=19024"}],"version-history":[{"count":0,"href":"https:\/\/eltrabajo.cl\/portal\/wp-json\/wp\/v2\/posts\/19024\/revisions"}],"wp:featuredmedia":[{"embeddable":true,"href":"https:\/\/eltrabajo.cl\/portal\/wp-json\/wp\/v2\/media\/19025"}],"wp:attachment":[{"href":"https:\/\/eltrabajo.cl\/portal\/wp-json\/wp\/v2\/media?parent=19024"}],"wp:term":[{"taxonomy":"category","embeddable":true,"href":"https:\/\/eltrabajo.cl\/portal\/wp-json\/wp\/v2\/categories?post=19024"},{"taxonomy":"post_tag","embeddable":true,"href":"https:\/\/eltrabajo.cl\/portal\/wp-json\/wp\/v2\/tags?post=19024"}],"curies":[{"name":"wp","href":"https:\/\/api.w.org\/{rel}","templated":true}]}}