{"id":19028,"date":"2012-06-07T10:08:32","date_gmt":"2012-06-07T14:08:32","guid":{"rendered":"http:\/\/www.eltrabajo.cl\/portal\/?p=19028"},"modified":"2012-06-07T10:09:42","modified_gmt":"2012-06-07T14:09:42","slug":"el-30-vence-plazo-para-cambiar-domicilio-y-participar-en-las-elecciones-municipales","status":"publish","type":"post","link":"https:\/\/eltrabajo.cl\/portal\/el-30-vence-plazo-para-cambiar-domicilio-y-participar-en-las-elecciones-municipales\/","title":{"rendered":"El 30 vence plazo para cambiar domicilio y participar en las elecciones municipales"},"content":{"rendered":"<figure id=\"attachment_19029\" aria-describedby=\"caption-attachment-19029\" style=\"width: 300px\" class=\"wp-caption alignleft\"><a href=\"http:\/\/www.eltrabajo.cl\/portal\/2012\/06\/el-30-vence-plazo-para-cambiar-domicilio-y-participar-en-las-elecciones-municipales\/grecia-pulgar-presidenta-junta-inscriptora-san-felipe-2\/\" rel=\"attachment wp-att-19029\"><img data-recalc-dims=\"1\" loading=\"lazy\" decoding=\"async\" class=\"size-medium wp-image-19029\" title=\"Grecia Pulgar Presidenta Junta Inscriptora San Felipe (2)\" src=\"https:\/\/i0.wp.com\/www.eltrabajo.cl\/portal\/wp-content\/uploads\/2012\/06\/Grecia-Pulgar-Presidenta-Junta-Inscriptora-San-Felipe-2-300x225.jpg?resize=300%2C225\" alt=\"\" width=\"300\" height=\"225\" srcset=\"https:\/\/i0.wp.com\/eltrabajo.cl\/portal\/wp-content\/uploads\/2012\/06\/Grecia-Pulgar-Presidenta-Junta-Inscriptora-San-Felipe-2.jpg?resize=300%2C225&amp;ssl=1 300w, https:\/\/i0.wp.com\/eltrabajo.cl\/portal\/wp-content\/uploads\/2012\/06\/Grecia-Pulgar-Presidenta-Junta-Inscriptora-San-Felipe-2.jpg?resize=200%2C150&amp;ssl=1 200w, https:\/\/i0.wp.com\/eltrabajo.cl\/portal\/wp-content\/uploads\/2012\/06\/Grecia-Pulgar-Presidenta-Junta-Inscriptora-San-Felipe-2.jpg?resize=150%2C112&amp;ssl=1 150w, https:\/\/i0.wp.com\/eltrabajo.cl\/portal\/wp-content\/uploads\/2012\/06\/Grecia-Pulgar-Presidenta-Junta-Inscriptora-San-Felipe-2.jpg?resize=400%2C300&amp;ssl=1 400w, https:\/\/i0.wp.com\/eltrabajo.cl\/portal\/wp-content\/uploads\/2012\/06\/Grecia-Pulgar-Presidenta-Junta-Inscriptora-San-Felipe-2.jpg?w=600&amp;ssl=1 600w\" sizes=\"auto, (max-width: 300px) 100vw, 300px\" \/><\/a><figcaption id=\"caption-attachment-19029\" class=\"wp-caption-text\">Grecia Pulgar se\u00f1al\u00f3 que la Junta Inscriptora se mantendr\u00e1 abierta hasta el 30 de junio para realizar el tr\u00e1mite.<\/figcaption><\/figure>\n<p>Hasta el 30 de junio pr\u00f3ximo se mantendr\u00e1n abiertas las Juntas Inscriptoras, entidades que estar\u00e1n recibiendo las solicitudes de cambio de domicilio para poder votar en las pr\u00f3ximas elecciones municipales.<\/p>\n<p>As\u00ed lo dio a conocer Grecia Pulgar, Presidenta de la Junta Inscriptora de San Felipe, quien adem\u00e1s despej\u00f3 algunas dudas que han manifestado las personas con respecto al nuevo sistema de Inscripci\u00f3n autom\u00e1tica y voto voluntario.<\/p>\n<p>Seg\u00fan explic\u00f3 Pulgar, en esta nueva elecci\u00f3n no es obligatorio el voto y a todos los nuevos inscritos les debe llegar el registro de la mesa donde ellos sacaron o renovaron por \u00faltima vez la c\u00e9dula de identidad.<\/p>\n<p>\u201cEse ni\u00f1o que sac\u00f3 su carn\u00e9 de identidad en Valpara\u00edso tiene que venir, si quiere votar aqu\u00ed en San Felipe\u201d.<\/p>\n<p>Para realizar este tr\u00e1mite, las juntas inscriptoras atender\u00e1n de lunes a viernes, de 9 a 13 horas y de 15 a 19 horas, mientras que los s\u00e1bados se atiende de 10 a 14 horas.<\/p>\n<p>Adem\u00e1s los nuevos inscritos se asignar\u00e1n a las mesas actualmente vigentes de la circunscripci\u00f3n electoral que corresponda, hasta completar los 350 electores por mesas, y en el caso de que en alguna circunscripci\u00f3n falten mesas de votaci\u00f3n, se crear\u00e1n nuevas.<\/p>\n<p>En tanto aquellas personas que resulten elegidas como vocales de mesa, la asistencia es obligatoria, debe presentarse y dar las disculpas del caso si no puede, y comprobar que est\u00e1 imposibilitado de cumplir con esa obligaci\u00f3n.<\/p>\n<p>Para excusarse debe dirigirse a la Junta Electoral que estar\u00e1 ubicada en el Conservador de Bienes Ra\u00edces, luego que la Junta Inscriptora cierre sus puertas el pr\u00f3ximo 30 de junio.<\/p>\n","protected":false},"excerpt":{"rendered":"<p>Hasta el 30 de junio pr\u00f3ximo se mantendr\u00e1n abiertas las Juntas Inscriptoras, entidades que estar\u00e1n recibiendo las solicitudes de cambio de domicilio para poder votar en las pr\u00f3ximas elecciones municipales. As\u00ed lo&#8230;<\/p>\n","protected":false},"author":482,"featured_media":19029,"comment_status":"open","ping_status":"closed","sticky":false,"template":"","format":"standard","meta":{"advanced_seo_description":"","jetpack_seo_html_title":"","jetpack_seo_noindex":false,"_jetpack_memberships_contains_paid_content":false,"footnotes":""},"categories":[15],"tags":[],"class_list":["post-19028","post","type-post","status-publish","format-standard","has-post-thumbnail","hentry","category-comunidad"],"jetpack_featured_media_url":"https:\/\/i0.wp.com\/eltrabajo.cl\/portal\/wp-content\/uploads\/2012\/06\/Grecia-Pulgar-Presidenta-Junta-Inscriptora-San-Felipe-2.jpg?fit=600%2C450&ssl=1","jetpack_sharing_enabled":true,"jetpack_likes_enabled":true,"jetpack-related-posts":[],"_links":{"self":[{"href":"https:\/\/eltrabajo.cl\/portal\/wp-json\/wp\/v2\/posts\/19028","targetHints":{"allow":["GET"]}}],"collection":[{"href":"https:\/\/eltrabajo.cl\/portal\/wp-json\/wp\/v2\/posts"}],"about":[{"href":"https:\/\/eltrabajo.cl\/portal\/wp-json\/wp\/v2\/types\/post"}],"author":[{"embeddable":true,"href":"https:\/\/eltrabajo.cl\/portal\/wp-json\/wp\/v2\/users\/482"}],"replies":[{"embeddable":true,"href":"https:\/\/eltrabajo.cl\/portal\/wp-json\/wp\/v2\/comments?post=19028"}],"version-history":[{"count":0,"href":"https:\/\/eltrabajo.cl\/portal\/wp-json\/wp\/v2\/posts\/19028\/revisions"}],"wp:featuredmedia":[{"embeddable":true,"href":"https:\/\/eltrabajo.cl\/portal\/wp-json\/wp\/v2\/media\/19029"}],"wp:attachment":[{"href":"https:\/\/eltrabajo.cl\/portal\/wp-json\/wp\/v2\/media?parent=19028"}],"wp:term":[{"taxonomy":"category","embeddable":true,"href":"https:\/\/eltrabajo.cl\/portal\/wp-json\/wp\/v2\/categories?post=19028"},{"taxonomy":"post_tag","embeddable":true,"href":"https:\/\/eltrabajo.cl\/portal\/wp-json\/wp\/v2\/tags?post=19028"}],"curies":[{"name":"wp","href":"https:\/\/api.w.org\/{rel}","templated":true}]}}