{"id":19034,"date":"2012-06-07T10:12:20","date_gmt":"2012-06-07T14:12:20","guid":{"rendered":"http:\/\/www.eltrabajo.cl\/portal\/?p=19034"},"modified":"2012-06-07T10:12:20","modified_gmt":"2012-06-07T14:12:20","slug":"autoridades-recorren-el-centro-para-conocer-inquietudes-del-comercio","status":"publish","type":"post","link":"https:\/\/eltrabajo.cl\/portal\/autoridades-recorren-el-centro-para-conocer-inquietudes-del-comercio\/","title":{"rendered":"Autoridades recorren el centro para conocer inquietudes del comercio"},"content":{"rendered":"<figure id=\"attachment_19035\" aria-describedby=\"caption-attachment-19035\" style=\"width: 600px\" class=\"wp-caption alignnone\"><a href=\"http:\/\/www.eltrabajo.cl\/portal\/2012\/06\/autoridades-recorren-el-centro-para-conocer-inquietudes-del-comercio\/caminata\/\" rel=\"attachment wp-att-19035\"><img data-recalc-dims=\"1\" loading=\"lazy\" decoding=\"async\" class=\"size-full wp-image-19035\" title=\"caminata\" src=\"https:\/\/i0.wp.com\/www.eltrabajo.cl\/portal\/wp-content\/uploads\/2012\/06\/caminata.jpg?resize=600%2C430\" alt=\"\" width=\"600\" height=\"430\" srcset=\"https:\/\/i0.wp.com\/eltrabajo.cl\/portal\/wp-content\/uploads\/2012\/06\/caminata.jpg?w=600&amp;ssl=1 600w, https:\/\/i0.wp.com\/eltrabajo.cl\/portal\/wp-content\/uploads\/2012\/06\/caminata.jpg?resize=200%2C143&amp;ssl=1 200w, https:\/\/i0.wp.com\/eltrabajo.cl\/portal\/wp-content\/uploads\/2012\/06\/caminata.jpg?resize=300%2C215&amp;ssl=1 300w, https:\/\/i0.wp.com\/eltrabajo.cl\/portal\/wp-content\/uploads\/2012\/06\/caminata.jpg?resize=150%2C107&amp;ssl=1 150w, https:\/\/i0.wp.com\/eltrabajo.cl\/portal\/wp-content\/uploads\/2012\/06\/caminata.jpg?resize=400%2C286&amp;ssl=1 400w\" sizes=\"auto, (max-width: 600px) 100vw, 600px\" \/><\/a><figcaption id=\"caption-attachment-19035\" class=\"wp-caption-text\">Las autoridades de la provincia realizaron una caminata por el centro de la comuna, con el objetivo de recoger las inquietudes de los comerciantes.<\/figcaption><\/figure>\n<p>En horas de la ma\u00f1ana y al conmemorarse el d\u00eda nacional del comercio, las autoridades de la provincia, encabezadas por la Gobernadora Patricia Boffa, realizaron una caminata de seguridad p\u00fablica enmarcada en el programa \u2018Barrio Comercial en Paz\u2019.<\/p>\n<p>Las autoridades recorrieron las principales calles de la comuna de San Felipe, partiendo en calle Prat, desde Portus hasta Traslavi\u00f1a, oportunidad donde junto con hacer entrega de folletos del programa Chile Seguro, se pudieron recoger las inquietudes de los comerciantes, las que dicen relaci\u00f3n con mejorar las medidas de seguridad y la vigilancia policial.<\/p>\n<p>En ese sentido la Gobernadora destac\u00f3 el trabajo desarrollado especialmente los \u00faltimos d\u00edas por Carabineros, quienes han logrado la detenci\u00f3n de los delincuentes que han ingresado a distintos locales comerciales, sustrayendo especies.<\/p>\n<p>Adem\u00e1s destac\u00f3 la participaci\u00f3n de la comunidad, quienes han denunciado hechos delictuales.<\/p>\n<p>Consultada adem\u00e1s por la presencia de antisociales que llegan desde Santiago a cometer hechos delictuales, la Gobernadora dijo que las polic\u00edas mantendr\u00e1n los operativos para poder neutralizar esta situaci\u00f3n.<\/p>\n<p>Julio Hardoy, presidente de la C\u00e1mara de Comercio de San Felipe, tambi\u00e9n particip\u00f3 de la caminata, destacando que este tipo de actividades se suman al trabajo que ha establecido Carabineros y la Polic\u00eda de Investigaciones para tratar de controlar una situaci\u00f3n que al comercio le preocupa.<\/p>\n<p>\u201cYa hemos hecho a nivel nacional nuestras aprehensiones a las autoridades, nosotros creemos que pese a todos estos esfuerzos, es sumamente importante que haya una modificaci\u00f3n fundamental en la ley, porque no es posible, no logramos entender c\u00f3mo despu\u00e9s de un tremendo esfuerzo que hacen las polic\u00edas, se detiene a los delincuentes y a las horas est\u00e1n en libertad, eso hay que corregirlo\u201d.<\/p>\n<p>El Prefecto de Carabineros, Coronel Manuel Letelier, dijo que la preocupaci\u00f3n por los delitos en el centro de la comuna siempre est\u00e1 presente y por eso se despliegan diferentes estrategias que se han estado implementando, lo que ha permitido la detenci\u00f3n de los delincuentes en los \u00faltimos hechos que se han registrado en San Felipe.<\/p>\n<p>El Subprefecto de Investigaciones, Iv\u00e1n L\u00f3pez, se\u00f1al\u00f3 que la instituci\u00f3n tambi\u00e9n ha intensificado los patrullajes, a lo que se suma un trabajo en conjunto que se est\u00e1 desarrollando con los comerciantes para prevenir la ocurrencia de delitos.<\/p>\n","protected":false},"excerpt":{"rendered":"<p>En horas de la ma\u00f1ana y al conmemorarse el d\u00eda nacional del comercio, las autoridades de la provincia, encabezadas por la Gobernadora Patricia Boffa, realizaron una caminata de seguridad p\u00fablica enmarcada en&#8230;<\/p>\n","protected":false},"author":482,"featured_media":19035,"comment_status":"open","ping_status":"closed","sticky":false,"template":"","format":"standard","meta":{"advanced_seo_description":"","jetpack_seo_html_title":"","jetpack_seo_noindex":false,"_jetpack_memberships_contains_paid_content":false,"footnotes":""},"categories":[1],"tags":[],"class_list":["post-19034","post","type-post","status-publish","format-standard","has-post-thumbnail","hentry","category-cronica"],"jetpack_featured_media_url":"https:\/\/i0.wp.com\/eltrabajo.cl\/portal\/wp-content\/uploads\/2012\/06\/caminata.jpg?fit=600%2C430&ssl=1","jetpack_sharing_enabled":true,"jetpack_likes_enabled":true,"jetpack-related-posts":[],"_links":{"self":[{"href":"https:\/\/eltrabajo.cl\/portal\/wp-json\/wp\/v2\/posts\/19034","targetHints":{"allow":["GET"]}}],"collection":[{"href":"https:\/\/eltrabajo.cl\/portal\/wp-json\/wp\/v2\/posts"}],"about":[{"href":"https:\/\/eltrabajo.cl\/portal\/wp-json\/wp\/v2\/types\/post"}],"author":[{"embeddable":true,"href":"https:\/\/eltrabajo.cl\/portal\/wp-json\/wp\/v2\/users\/482"}],"replies":[{"embeddable":true,"href":"https:\/\/eltrabajo.cl\/portal\/wp-json\/wp\/v2\/comments?post=19034"}],"version-history":[{"count":0,"href":"https:\/\/eltrabajo.cl\/portal\/wp-json\/wp\/v2\/posts\/19034\/revisions"}],"wp:featuredmedia":[{"embeddable":true,"href":"https:\/\/eltrabajo.cl\/portal\/wp-json\/wp\/v2\/media\/19035"}],"wp:attachment":[{"href":"https:\/\/eltrabajo.cl\/portal\/wp-json\/wp\/v2\/media?parent=19034"}],"wp:term":[{"taxonomy":"category","embeddable":true,"href":"https:\/\/eltrabajo.cl\/portal\/wp-json\/wp\/v2\/categories?post=19034"},{"taxonomy":"post_tag","embeddable":true,"href":"https:\/\/eltrabajo.cl\/portal\/wp-json\/wp\/v2\/tags?post=19034"}],"curies":[{"name":"wp","href":"https:\/\/api.w.org\/{rel}","templated":true}]}}