{"id":19038,"date":"2012-06-07T10:13:30","date_gmt":"2012-06-07T14:13:30","guid":{"rendered":"http:\/\/www.eltrabajo.cl\/portal\/?p=19038"},"modified":"2012-06-07T10:13:31","modified_gmt":"2012-06-07T14:13:31","slug":"fallecio-paciente-de-hospital-de-llay-llay-que-tenia-bacteria-clostridium-difficile","status":"publish","type":"post","link":"https:\/\/eltrabajo.cl\/portal\/fallecio-paciente-de-hospital-de-llay-llay-que-tenia-bacteria-clostridium-difficile\/","title":{"rendered":"Falleci\u00f3 paciente de hospital de Llay-Llay que ten\u00eda bacteria Clostridium Difficile"},"content":{"rendered":"<figure id=\"attachment_19039\" aria-describedby=\"caption-attachment-19039\" style=\"width: 300px\" class=\"wp-caption alignleft\"><a href=\"http:\/\/www.eltrabajo.cl\/portal\/2012\/06\/fallecio-paciente-de-hospital-de-llay-llay-que-tenia-bacteria-clostridium-difficile\/rodrigo-infante-9\/\" rel=\"attachment wp-att-19039\"><img data-recalc-dims=\"1\" loading=\"lazy\" decoding=\"async\" class=\"size-medium wp-image-19039\" title=\"rodrigo infante\" src=\"https:\/\/i0.wp.com\/www.eltrabajo.cl\/portal\/wp-content\/uploads\/2012\/06\/rodrigo-infante1-300x225.jpg?resize=300%2C225\" alt=\"\" width=\"300\" height=\"225\" srcset=\"https:\/\/i0.wp.com\/eltrabajo.cl\/portal\/wp-content\/uploads\/2012\/06\/rodrigo-infante1.jpg?resize=300%2C225&amp;ssl=1 300w, https:\/\/i0.wp.com\/eltrabajo.cl\/portal\/wp-content\/uploads\/2012\/06\/rodrigo-infante1.jpg?resize=200%2C150&amp;ssl=1 200w, https:\/\/i0.wp.com\/eltrabajo.cl\/portal\/wp-content\/uploads\/2012\/06\/rodrigo-infante1.jpg?resize=150%2C112&amp;ssl=1 150w, https:\/\/i0.wp.com\/eltrabajo.cl\/portal\/wp-content\/uploads\/2012\/06\/rodrigo-infante1.jpg?resize=400%2C300&amp;ssl=1 400w, https:\/\/i0.wp.com\/eltrabajo.cl\/portal\/wp-content\/uploads\/2012\/06\/rodrigo-infante1.jpg?w=600&amp;ssl=1 600w\" sizes=\"auto, (max-width: 300px) 100vw, 300px\" \/><\/a><figcaption id=\"caption-attachment-19039\" class=\"wp-caption-text\">El director del Servicio de Salud, Rodrigo Infante, confirm\u00f3 la muerte de Mario Guti\u00e9rrez, el paciente que llevaba dos a\u00f1os internado en hospital de Llay-Llay y que se presume podr\u00eda tener la bacteria Clostridium Difficile.<\/figcaption><\/figure>\n<p>Sylvia Vergara Gonz\u00e1lez &#8211; <a href=\"mailto:svergara@eltrabajo.cl\">svergara@eltrabajo.cl<\/a><\/p>\n<p>En horas de la ma\u00f1ana de este mi\u00e9rcoles muri\u00f3 el paciente de 81 a\u00f1os que se encontraba presumiblemente con la bacteria Clostridium Difficile y que hab\u00eda permanecido internado por dos a\u00f1os en el hospital San Francisco de Llay-Llay.<\/p>\n<p>As\u00ed lo dio a conocer el director del Servicio de Salud, Rodrigo Infante, quien se\u00f1al\u00f3 que se trataba de un paciente bastante complejo por la cantidad de patolog\u00edas que hab\u00eda presentado en estos dos a\u00f1os mientras estuvo internado.<\/p>\n<p>\u201cHoy falleci\u00f3 este paciente, no sabemos las causas fehacientes, porque la verdad que \u00e9l era hipertenso, cr\u00f3nico renal, por lo tanto ten\u00eda mucha complejidad propias del paciente y fue enviado al hospital San Camilo para hacer la autopsia cl\u00ednica, donde podremos dilucidar a qu\u00e9 obedeci\u00f3 la causa de su fallecimiento. Era un hecho bastante esperable debido a sus patolog\u00edas asociadas y la evoluci\u00f3n que hab\u00eda tenido como paciente\u201d.<\/p>\n<p>El paciente identificado como Mario Guti\u00e9rrez, de 81 a\u00f1os de edad, hab\u00eda desarrollado desde hace unas semanas la bacteria Clostridium Difficile, por lo que sus an\u00e1lisis hab\u00edan sido enviados al Instituto de Salud P\u00fablica, y todav\u00eda las autoridades de salud de la zona se encuentran a la espera de los resultados, por lo que no existe certeza de que esa condici\u00f3n haya desencadenado su muerte. De hecho el paciente presentaba m\u00faltiples patolog\u00edas, entre las que se cuentan insuficiencia renal, hipertensi\u00f3n, y hace poco hab\u00eda desarrollado una neumon\u00eda, por lo que su condici\u00f3n era de bastante cuidado.<\/p>\n<p>\u201cEra un paciente muy complejo, que ten\u00eda muchas patolog\u00edas asociadas, de una edad relativamente avanzada, un paciente sociosanitario, ya m\u00e1s de dos a\u00f1os postrado en el propio hospital, por tanto era una consecuencia l\u00f3gica su estado de salud completo, ahora fue una consecuencia l\u00f3gica tambi\u00e9n que desarrollara este tipo de bacteria porque hab\u00eda sido tratado con antibi\u00f3ticos\u201d.<\/p>\n<p>Asimismo Infante dijo que ante cualquier duda, se le realizar\u00e1 una autopsia cl\u00ednica en el hospital San Camilo, donde se establecer\u00e1 la causa de muerte.<\/p>\n","protected":false},"excerpt":{"rendered":"<p>Sylvia Vergara Gonz\u00e1lez &#8211; svergara@eltrabajo.cl En horas de la ma\u00f1ana de este mi\u00e9rcoles muri\u00f3 el paciente de 81 a\u00f1os que se encontraba presumiblemente con la bacteria Clostridium Difficile y que hab\u00eda permanecido&#8230;<\/p>\n","protected":false},"author":482,"featured_media":19039,"comment_status":"open","ping_status":"closed","sticky":false,"template":"","format":"standard","meta":{"advanced_seo_description":"","jetpack_seo_html_title":"","jetpack_seo_noindex":false,"_jetpack_memberships_contains_paid_content":false,"footnotes":""},"categories":[1],"tags":[],"class_list":["post-19038","post","type-post","status-publish","format-standard","has-post-thumbnail","hentry","category-cronica"],"jetpack_featured_media_url":"https:\/\/i0.wp.com\/eltrabajo.cl\/portal\/wp-content\/uploads\/2012\/06\/rodrigo-infante1.jpg?fit=600%2C450&ssl=1","jetpack_sharing_enabled":true,"jetpack_likes_enabled":true,"jetpack-related-posts":[],"_links":{"self":[{"href":"https:\/\/eltrabajo.cl\/portal\/wp-json\/wp\/v2\/posts\/19038","targetHints":{"allow":["GET"]}}],"collection":[{"href":"https:\/\/eltrabajo.cl\/portal\/wp-json\/wp\/v2\/posts"}],"about":[{"href":"https:\/\/eltrabajo.cl\/portal\/wp-json\/wp\/v2\/types\/post"}],"author":[{"embeddable":true,"href":"https:\/\/eltrabajo.cl\/portal\/wp-json\/wp\/v2\/users\/482"}],"replies":[{"embeddable":true,"href":"https:\/\/eltrabajo.cl\/portal\/wp-json\/wp\/v2\/comments?post=19038"}],"version-history":[{"count":0,"href":"https:\/\/eltrabajo.cl\/portal\/wp-json\/wp\/v2\/posts\/19038\/revisions"}],"wp:featuredmedia":[{"embeddable":true,"href":"https:\/\/eltrabajo.cl\/portal\/wp-json\/wp\/v2\/media\/19039"}],"wp:attachment":[{"href":"https:\/\/eltrabajo.cl\/portal\/wp-json\/wp\/v2\/media?parent=19038"}],"wp:term":[{"taxonomy":"category","embeddable":true,"href":"https:\/\/eltrabajo.cl\/portal\/wp-json\/wp\/v2\/categories?post=19038"},{"taxonomy":"post_tag","embeddable":true,"href":"https:\/\/eltrabajo.cl\/portal\/wp-json\/wp\/v2\/tags?post=19038"}],"curies":[{"name":"wp","href":"https:\/\/api.w.org\/{rel}","templated":true}]}}