{"id":19091,"date":"2012-06-08T09:29:24","date_gmt":"2012-06-08T13:29:24","guid":{"rendered":"http:\/\/www.eltrabajo.cl\/portal\/?p=19091"},"modified":"2012-06-08T09:29:24","modified_gmt":"2012-06-08T13:29:24","slug":"peques-siembran-arboles-celebrando-el-dia-del-medio-ambiente","status":"publish","type":"post","link":"https:\/\/eltrabajo.cl\/portal\/peques-siembran-arboles-celebrando-el-dia-del-medio-ambiente\/","title":{"rendered":"Peques siembran \u00e1rboles celebrando el D\u00eda del Medio Ambiente"},"content":{"rendered":"<figure id=\"attachment_19092\" aria-describedby=\"caption-attachment-19092\" style=\"width: 600px\" class=\"wp-caption alignnone\"><a href=\"http:\/\/www.eltrabajo.cl\/portal\/2012\/06\/peques-siembran-arboles-celebrando-el-dia-del-medio-ambiente\/arbolito1\/\" rel=\"attachment wp-att-19092\"><img data-recalc-dims=\"1\" loading=\"lazy\" decoding=\"async\" class=\"size-full wp-image-19092\" title=\"Arbolito1\" src=\"https:\/\/i0.wp.com\/www.eltrabajo.cl\/portal\/wp-content\/uploads\/2012\/06\/Arbolito1.jpg?resize=600%2C424\" alt=\"\" width=\"600\" height=\"424\" srcset=\"https:\/\/i0.wp.com\/eltrabajo.cl\/portal\/wp-content\/uploads\/2012\/06\/Arbolito1.jpg?w=600&amp;ssl=1 600w, https:\/\/i0.wp.com\/eltrabajo.cl\/portal\/wp-content\/uploads\/2012\/06\/Arbolito1.jpg?resize=200%2C141&amp;ssl=1 200w, https:\/\/i0.wp.com\/eltrabajo.cl\/portal\/wp-content\/uploads\/2012\/06\/Arbolito1.jpg?resize=300%2C212&amp;ssl=1 300w, https:\/\/i0.wp.com\/eltrabajo.cl\/portal\/wp-content\/uploads\/2012\/06\/Arbolito1.jpg?resize=150%2C106&amp;ssl=1 150w, https:\/\/i0.wp.com\/eltrabajo.cl\/portal\/wp-content\/uploads\/2012\/06\/Arbolito1.jpg?resize=400%2C282&amp;ssl=1 400w\" sizes=\"auto, (max-width: 600px) 100vw, 600px\" \/><\/a><figcaption id=\"caption-attachment-19092\" class=\"wp-caption-text\">Los peque\u00f1ines sembraron decenas de \u00e1rboles durante la 39\u00aa celebraci\u00f3n del D\u00eda Mundial del Medio Ambiente. Carabineros y el Alcalde Claudio Zurita, participaron tambi\u00e9n en la siembra de \u00e1rboles.<\/figcaption><\/figure>\n<p>Roberto Gonz\u00e1lez Short &#8211; <a href=\"mailto:rgonzalez@eltrabajo.cl\">rgonzalez@eltrabajo.cl<\/a><\/p>\n<p><strong>SANTA MAR\u00cdA.-<\/strong> Alumnos de Preb\u00e1sica y B\u00e1sica del Liceo Dar\u00edo Salas, junto a Claudio Zurita Ibarra, Alcalde de la comuna; Carabineros de Santa Mar\u00eda representados por el Suboficial Mayor Walter Rivas Torres, y miembros del Concejo Municipal, celebraron en conjunto con los alumnos \u2018El D\u00eda Internacional del Medio Ambiente\u2019.<\/p>\n<p>Esta actividad se desarroll\u00f3 en villa \u2018Los Robles\u2019, desde las 11:30 horas en adelante, momento en que los alumnos y autoridades realizaron la plantaci\u00f3n de \u00e1rboles ornamentales donados a dicho conjunto habitacional.<\/p>\n<figure id=\"attachment_19093\" aria-describedby=\"caption-attachment-19093\" style=\"width: 300px\" class=\"wp-caption alignright\"><a href=\"http:\/\/www.eltrabajo.cl\/portal\/2012\/06\/peques-siembran-arboles-celebrando-el-dia-del-medio-ambiente\/arbolito2\/\" rel=\"attachment wp-att-19093\"><img data-recalc-dims=\"1\" loading=\"lazy\" decoding=\"async\" class=\"size-medium wp-image-19093\" title=\"Arbolito2\" src=\"https:\/\/i0.wp.com\/www.eltrabajo.cl\/portal\/wp-content\/uploads\/2012\/06\/Arbolito2-300x225.jpg?resize=300%2C225\" alt=\"\" width=\"300\" height=\"225\" srcset=\"https:\/\/i0.wp.com\/eltrabajo.cl\/portal\/wp-content\/uploads\/2012\/06\/Arbolito2.jpg?resize=300%2C225&amp;ssl=1 300w, https:\/\/i0.wp.com\/eltrabajo.cl\/portal\/wp-content\/uploads\/2012\/06\/Arbolito2.jpg?resize=200%2C150&amp;ssl=1 200w, https:\/\/i0.wp.com\/eltrabajo.cl\/portal\/wp-content\/uploads\/2012\/06\/Arbolito2.jpg?resize=150%2C112&amp;ssl=1 150w, https:\/\/i0.wp.com\/eltrabajo.cl\/portal\/wp-content\/uploads\/2012\/06\/Arbolito2.jpg?resize=400%2C300&amp;ssl=1 400w, https:\/\/i0.wp.com\/eltrabajo.cl\/portal\/wp-content\/uploads\/2012\/06\/Arbolito2.jpg?w=600&amp;ssl=1 600w\" sizes=\"auto, (max-width: 300px) 100vw, 300px\" \/><\/a><figcaption id=\"caption-attachment-19093\" class=\"wp-caption-text\">Profesores y estudiantes del Liceo Dar\u00edo Salas, posaron orgullosos para Diario El Trabajo junto a sus \u00e1rboles reci\u00e9n plantados.<\/figcaption><\/figure>\n<p>El Alcalde Zurita expres\u00f3 su alegr\u00eda al ver que alumnos tan peque\u00f1os estuviesen motivados en cuidar el Medio Ambiente, y que desde peque\u00f1os comenzaran a desarrollar Conciencia Social a trav\u00e9s de esta actividad.<\/p>\n<p>El Director del establecimiento, Walter Arancibia, indic\u00f3 a Diario El Trabajo que los docentes planificaron en sus actividades curriculares, la celebraci\u00f3n del D\u00eda Internacional del Medio Ambiente, en la cual se realizaron dibujos, collage y la plantaci\u00f3n de \u00e1rboles.<\/p>\n<p>Arancibia destac\u00f3 la participaci\u00f3n de Carabineros de Santa Mar\u00eda en esta oportunidad, quienes motivaron a los alumnos para desarrollar dicha actividad de plantar \u00e1rboles en la Villa Los Robles.<\/p>\n<p>El D\u00eda Mundial del Medio Ambiente fue establecido por la Asamblea General de Naciones Unidas, en su 27\u00aa Resoluci\u00f3n del 15 de diciembre de 1972, con la que se dio inicio a la Conferencia de Estocolmo, Suecia, cuyo tema central fue el Ambiente. Se celebra el 5 de junio desde 1973.<\/p>\n","protected":false},"excerpt":{"rendered":"<p>Roberto Gonz\u00e1lez Short &#8211; rgonzalez@eltrabajo.cl SANTA MAR\u00cdA.- Alumnos de Preb\u00e1sica y B\u00e1sica del Liceo Dar\u00edo Salas, junto a Claudio Zurita Ibarra, Alcalde de la comuna; Carabineros de Santa Mar\u00eda representados por el&#8230;<\/p>\n","protected":false},"author":482,"featured_media":19092,"comment_status":"open","ping_status":"closed","sticky":false,"template":"","format":"standard","meta":{"advanced_seo_description":"","jetpack_seo_html_title":"","jetpack_seo_noindex":false,"_jetpack_memberships_contains_paid_content":false,"footnotes":""},"categories":[15],"tags":[],"class_list":["post-19091","post","type-post","status-publish","format-standard","has-post-thumbnail","hentry","category-comunidad"],"jetpack_featured_media_url":"https:\/\/i0.wp.com\/eltrabajo.cl\/portal\/wp-content\/uploads\/2012\/06\/Arbolito1.jpg?fit=600%2C424&ssl=1","jetpack_sharing_enabled":true,"jetpack_likes_enabled":true,"jetpack-related-posts":[],"_links":{"self":[{"href":"https:\/\/eltrabajo.cl\/portal\/wp-json\/wp\/v2\/posts\/19091","targetHints":{"allow":["GET"]}}],"collection":[{"href":"https:\/\/eltrabajo.cl\/portal\/wp-json\/wp\/v2\/posts"}],"about":[{"href":"https:\/\/eltrabajo.cl\/portal\/wp-json\/wp\/v2\/types\/post"}],"author":[{"embeddable":true,"href":"https:\/\/eltrabajo.cl\/portal\/wp-json\/wp\/v2\/users\/482"}],"replies":[{"embeddable":true,"href":"https:\/\/eltrabajo.cl\/portal\/wp-json\/wp\/v2\/comments?post=19091"}],"version-history":[{"count":0,"href":"https:\/\/eltrabajo.cl\/portal\/wp-json\/wp\/v2\/posts\/19091\/revisions"}],"wp:featuredmedia":[{"embeddable":true,"href":"https:\/\/eltrabajo.cl\/portal\/wp-json\/wp\/v2\/media\/19092"}],"wp:attachment":[{"href":"https:\/\/eltrabajo.cl\/portal\/wp-json\/wp\/v2\/media?parent=19091"}],"wp:term":[{"taxonomy":"category","embeddable":true,"href":"https:\/\/eltrabajo.cl\/portal\/wp-json\/wp\/v2\/categories?post=19091"},{"taxonomy":"post_tag","embeddable":true,"href":"https:\/\/eltrabajo.cl\/portal\/wp-json\/wp\/v2\/tags?post=19091"}],"curies":[{"name":"wp","href":"https:\/\/api.w.org\/{rel}","templated":true}]}}