{"id":19096,"date":"2012-06-08T09:30:47","date_gmt":"2012-06-08T13:30:47","guid":{"rendered":"http:\/\/www.eltrabajo.cl\/portal\/?p=19096"},"modified":"2012-06-08T09:30:47","modified_gmt":"2012-06-08T13:30:47","slug":"certifican-a-13-alumnos-del-roberto-humeres-para-asumir-mediacion-escolar","status":"publish","type":"post","link":"https:\/\/eltrabajo.cl\/portal\/certifican-a-13-alumnos-del-roberto-humeres-para-asumir-mediacion-escolar\/","title":{"rendered":"Certifican a 13 alumnos del Roberto Humeres para asumir Mediaci\u00f3n Escolar"},"content":{"rendered":"<figure id=\"attachment_19097\" aria-describedby=\"caption-attachment-19097\" style=\"width: 600px\" class=\"wp-caption alignnone\"><a href=\"http:\/\/www.eltrabajo.cl\/portal\/2012\/06\/certifican-a-13-alumnos-del-roberto-humeres-para-asumir-mediacion-escolar\/certifican-a-13-alumnos-del-roberto-humeres\/\" rel=\"attachment wp-att-19097\"><img data-recalc-dims=\"1\" loading=\"lazy\" decoding=\"async\" class=\"size-full wp-image-19097\" title=\"certifican a 13 alumnos del Roberto Humeres\" src=\"https:\/\/i0.wp.com\/www.eltrabajo.cl\/portal\/wp-content\/uploads\/2012\/06\/certifican-a-13-alumnos-del-Roberto-Humeres.jpg?resize=600%2C376\" alt=\"\" width=\"600\" height=\"376\" srcset=\"https:\/\/i0.wp.com\/eltrabajo.cl\/portal\/wp-content\/uploads\/2012\/06\/certifican-a-13-alumnos-del-Roberto-Humeres.jpg?w=600&amp;ssl=1 600w, https:\/\/i0.wp.com\/eltrabajo.cl\/portal\/wp-content\/uploads\/2012\/06\/certifican-a-13-alumnos-del-Roberto-Humeres.jpg?resize=200%2C125&amp;ssl=1 200w, https:\/\/i0.wp.com\/eltrabajo.cl\/portal\/wp-content\/uploads\/2012\/06\/certifican-a-13-alumnos-del-Roberto-Humeres.jpg?resize=300%2C188&amp;ssl=1 300w, https:\/\/i0.wp.com\/eltrabajo.cl\/portal\/wp-content\/uploads\/2012\/06\/certifican-a-13-alumnos-del-Roberto-Humeres.jpg?resize=150%2C94&amp;ssl=1 150w, https:\/\/i0.wp.com\/eltrabajo.cl\/portal\/wp-content\/uploads\/2012\/06\/certifican-a-13-alumnos-del-Roberto-Humeres.jpg?resize=400%2C250&amp;ssl=1 400w\" sizes=\"auto, (max-width: 600px) 100vw, 600px\" \/><\/a><figcaption id=\"caption-attachment-19097\" class=\"wp-caption-text\">Los alumnos certificados fueron \u00c1lvaro Tapia Tejos, de 7\u00b0 B\u00e1sico; Camila N\u00fa\u00f1ez Guerrero, Sandra Castillo Fern\u00e1ndez y Francisco Urquieta Molina, de 1\u00b0 Medio; Victoria Cort\u00e9s Herrera, Allison Campos y Erick Aguilera Reinoso, de 2\u00b0 Medio; Dorian Ramos Ahumada, Nicol\u00e1s Fuentes \u00c1lvarez, Oscar Lobos Salinas y Mat\u00edas Ibacache Palacios, de 3\u00b0 Medio; y Jesabel L\u00f3pez Pino y Mat\u00edas Vergara, de 4\u00b0 Medio.<\/figcaption><\/figure>\n<p>Un total de trece alumnos del Liceo Dr. Roberto Humeres Oyaneder fueron certificados tras participar de un Taller de Resoluci\u00f3n de Conflictos y de Convivencia Escolar, quienes pasar\u00e1n a formar el equipo de Mediaci\u00f3n Escolar del Establecimiento en la Segunda Etapa del Proyecto.<\/p>\n<p>La certificaci\u00f3n se realiz\u00f3 el martes pasado en el marco del acto central de celebraci\u00f3n de los 174 a\u00f1os del establecimiento, ocasi\u00f3n en que los alumnos recibieron los reconocimientos de participaci\u00f3n de manos de la Directora del Liceo, Graciela Far\u00edas Hurtado, y de la Orientadora Beatriz Gald\u00e1mez Reyes.<\/p>\n<p>El taller fue realizado entre el 18 de abril y el 23 de mayo del presente a\u00f1o y fue dictado por el Orientador del Liceo, Waldo Marcelo Silva Herrera, quien a su vez es Diplomado en Mediaci\u00f3n Familiar. Las tem\u00e1ticas abordadas trataron desde el concepto de conflicto hasta el de mediaci\u00f3n, dividi\u00e9ndose en 4 sesiones te\u00f3ricas y 2 sesiones pr\u00e1cticas, donde los alumnos enfrentaron situaciones simuladas de conflictos escolares.<\/p>\n<p>Cabe mencionar que las metodolog\u00edas y conceptos fueron los que sugiere el Ministerio de Educaci\u00f3n a trav\u00e9s de su portal de Convivencia Escolar.<\/p>\n","protected":false},"excerpt":{"rendered":"<p>Un total de trece alumnos del Liceo Dr. Roberto Humeres Oyaneder fueron certificados tras participar de un Taller de Resoluci\u00f3n de Conflictos y de Convivencia Escolar, quienes pasar\u00e1n a formar el equipo&#8230;<\/p>\n","protected":false},"author":482,"featured_media":19097,"comment_status":"open","ping_status":"closed","sticky":false,"template":"","format":"standard","meta":{"advanced_seo_description":"","jetpack_seo_html_title":"","jetpack_seo_noindex":false,"_jetpack_memberships_contains_paid_content":false,"footnotes":""},"categories":[15],"tags":[],"class_list":["post-19096","post","type-post","status-publish","format-standard","has-post-thumbnail","hentry","category-comunidad"],"jetpack_featured_media_url":"https:\/\/i0.wp.com\/eltrabajo.cl\/portal\/wp-content\/uploads\/2012\/06\/certifican-a-13-alumnos-del-Roberto-Humeres.jpg?fit=600%2C376&ssl=1","jetpack_sharing_enabled":true,"jetpack_likes_enabled":true,"jetpack-related-posts":[],"_links":{"self":[{"href":"https:\/\/eltrabajo.cl\/portal\/wp-json\/wp\/v2\/posts\/19096","targetHints":{"allow":["GET"]}}],"collection":[{"href":"https:\/\/eltrabajo.cl\/portal\/wp-json\/wp\/v2\/posts"}],"about":[{"href":"https:\/\/eltrabajo.cl\/portal\/wp-json\/wp\/v2\/types\/post"}],"author":[{"embeddable":true,"href":"https:\/\/eltrabajo.cl\/portal\/wp-json\/wp\/v2\/users\/482"}],"replies":[{"embeddable":true,"href":"https:\/\/eltrabajo.cl\/portal\/wp-json\/wp\/v2\/comments?post=19096"}],"version-history":[{"count":0,"href":"https:\/\/eltrabajo.cl\/portal\/wp-json\/wp\/v2\/posts\/19096\/revisions"}],"wp:featuredmedia":[{"embeddable":true,"href":"https:\/\/eltrabajo.cl\/portal\/wp-json\/wp\/v2\/media\/19097"}],"wp:attachment":[{"href":"https:\/\/eltrabajo.cl\/portal\/wp-json\/wp\/v2\/media?parent=19096"}],"wp:term":[{"taxonomy":"category","embeddable":true,"href":"https:\/\/eltrabajo.cl\/portal\/wp-json\/wp\/v2\/categories?post=19096"},{"taxonomy":"post_tag","embeddable":true,"href":"https:\/\/eltrabajo.cl\/portal\/wp-json\/wp\/v2\/tags?post=19096"}],"curies":[{"name":"wp","href":"https:\/\/api.w.org\/{rel}","templated":true}]}}