{"id":19100,"date":"2012-06-08T09:34:30","date_gmt":"2012-06-08T13:34:30","guid":{"rendered":"http:\/\/www.eltrabajo.cl\/portal\/?p=19100"},"modified":"2012-06-08T09:35:23","modified_gmt":"2012-06-08T13:35:23","slug":"mas-de-600-camiones-no-serian-revisados-mensualmente-por-el-sag","status":"publish","type":"post","link":"https:\/\/eltrabajo.cl\/portal\/mas-de-600-camiones-no-serian-revisados-mensualmente-por-el-sag\/","title":{"rendered":"M\u00e1s de 600 camiones no ser\u00edan revisados mensualmente por el SAG"},"content":{"rendered":"<figure id=\"attachment_19101\" aria-describedby=\"caption-attachment-19101\" style=\"width: 300px\" class=\"wp-caption alignleft\"><a href=\"http:\/\/www.eltrabajo.cl\/portal\/2012\/06\/mas-de-600-camiones-no-serian-revisados-mensualmente-por-el-sag\/dirigente-ptla\/\" rel=\"attachment wp-att-19101\"><img data-recalc-dims=\"1\" loading=\"lazy\" decoding=\"async\" class=\"size-medium wp-image-19101\" title=\"dirigente-ptla\" src=\"https:\/\/i0.wp.com\/www.eltrabajo.cl\/portal\/wp-content\/uploads\/2012\/06\/dirigente-ptla-300x225.jpg?resize=300%2C225\" alt=\"\" width=\"300\" height=\"225\" srcset=\"https:\/\/i0.wp.com\/eltrabajo.cl\/portal\/wp-content\/uploads\/2012\/06\/dirigente-ptla.jpg?resize=300%2C225&amp;ssl=1 300w, https:\/\/i0.wp.com\/eltrabajo.cl\/portal\/wp-content\/uploads\/2012\/06\/dirigente-ptla.jpg?resize=200%2C150&amp;ssl=1 200w, https:\/\/i0.wp.com\/eltrabajo.cl\/portal\/wp-content\/uploads\/2012\/06\/dirigente-ptla.jpg?resize=150%2C112&amp;ssl=1 150w, https:\/\/i0.wp.com\/eltrabajo.cl\/portal\/wp-content\/uploads\/2012\/06\/dirigente-ptla.jpg?resize=400%2C300&amp;ssl=1 400w, https:\/\/i0.wp.com\/eltrabajo.cl\/portal\/wp-content\/uploads\/2012\/06\/dirigente-ptla.jpg?w=600&amp;ssl=1 600w\" sizes=\"auto, (max-width: 300px) 100vw, 300px\" \/><\/a><figcaption id=\"caption-attachment-19101\" class=\"wp-caption-text\">An\u00edbal Silva, Presidente de la Federaci\u00f3n de Trabajadores Portuarios de Los Andes.<\/figcaption><\/figure>\n<ul>\n<li>\u00a0<strong>Trabajadores portuarios advierten sobre los riesgos fitozoosanitarios que implica esta medida adoptada en virtud de convenios con pa\u00edses vecinos.<\/strong><\/li>\n<\/ul>\n<p><strong>LOS ANDES.-<\/strong> Como un grave riesgo para el patrimonio fitozoosanitario del pa\u00eds calific\u00f3 el Presidente de la reci\u00e9n creada Federaci\u00f3n de Trabajadores Portuarios de Los Andes, An\u00edbal Silva, la medida impuesta por el SAG que elimina una cantidad importante de inspecciones a camiones que ingresan a territorio nacional a trav\u00e9s del paso Cristo Redentor.<\/p>\n<p>El dirigente dijo que con esta medida ser\u00edan m\u00e1s de 600 camiones mensuales lo que no ser\u00edan revisados y que contienen cargas como arroz, az\u00facar, soya y maderas tratadas.<\/p>\n<p>Silva afirm\u00f3 que esta situaci\u00f3n pone en riesgo el ingreso de plagas, pestes o semillas cuarentenarias que ser\u00edan perjudiciales para la agricultura local.<\/p>\n<p>\u201cAdem\u00e1s, al haber menos inspecciones de camiones, la concesionaria del Puerto Terrestre puede disminuir el personal y con ello poner en riesgo nuestra estabilidad laboral\u201d, expres\u00f3.<\/p>\n<p>Agreg\u00f3 que son m\u00e1s de 200 las personas que perder\u00edan su fuente de empleo por culpa de una medida que descuida el rol contralor que tiene el Servicio Agr\u00edcola y Ganadero.<\/p>\n<p>An\u00edbal Silva precis\u00f3 que esta problem\u00e1tica se la hicieron saber al Ministro de Agricultura Luis Mayol, \u201cpero \u00e9l no nos dio ninguna soluci\u00f3n y s\u00f3lo mand\u00f3 a una experta a explicarnos que hab\u00edan hecho un convenio con pa\u00edses hermanos, donde ellos est\u00e1n infectados de plagas, y resulta que hacen una alianza para abrir las fronteras que en nada favorece a Chile\u201d.<\/p>\n<p>A modo de ejemplo record\u00f3 que una situaci\u00f3n similar se produjo hace algunos a\u00f1os con la internaci\u00f3n de durmientes de madera que no fueron fiscalizados e ingres\u00f3 una plaga que oblig\u00f3 a cortar muchos \u00e1rboles en la zona, \u201ce incluso una vez puestos los durmientes del ferrocarril, hubo que sacarlos para quemarlos\u201d.<\/p>\n<p>An\u00edbal Silva advirti\u00f3 que si esta situaci\u00f3n no es revertida, llevar\u00e1n adelante movilizaciones para alertar a la comunidad sobre lo que est\u00e1 ocurriendo y el riesgo que implica esta medida del SAG.<\/p>\n","protected":false},"excerpt":{"rendered":"<p>\u00a0Trabajadores portuarios advierten sobre los riesgos fitozoosanitarios que implica esta medida adoptada en virtud de convenios con pa\u00edses vecinos. LOS ANDES.- Como un grave riesgo para el patrimonio fitozoosanitario del pa\u00eds calific\u00f3&#8230;<\/p>\n","protected":false},"author":482,"featured_media":19101,"comment_status":"open","ping_status":"closed","sticky":false,"template":"","format":"standard","meta":{"advanced_seo_description":"","jetpack_seo_html_title":"","jetpack_seo_noindex":false,"_jetpack_memberships_contains_paid_content":false,"footnotes":""},"categories":[1],"tags":[],"class_list":["post-19100","post","type-post","status-publish","format-standard","has-post-thumbnail","hentry","category-cronica"],"jetpack_featured_media_url":"https:\/\/i0.wp.com\/eltrabajo.cl\/portal\/wp-content\/uploads\/2012\/06\/dirigente-ptla.jpg?fit=600%2C450&ssl=1","jetpack_sharing_enabled":true,"jetpack_likes_enabled":true,"jetpack-related-posts":[],"_links":{"self":[{"href":"https:\/\/eltrabajo.cl\/portal\/wp-json\/wp\/v2\/posts\/19100","targetHints":{"allow":["GET"]}}],"collection":[{"href":"https:\/\/eltrabajo.cl\/portal\/wp-json\/wp\/v2\/posts"}],"about":[{"href":"https:\/\/eltrabajo.cl\/portal\/wp-json\/wp\/v2\/types\/post"}],"author":[{"embeddable":true,"href":"https:\/\/eltrabajo.cl\/portal\/wp-json\/wp\/v2\/users\/482"}],"replies":[{"embeddable":true,"href":"https:\/\/eltrabajo.cl\/portal\/wp-json\/wp\/v2\/comments?post=19100"}],"version-history":[{"count":0,"href":"https:\/\/eltrabajo.cl\/portal\/wp-json\/wp\/v2\/posts\/19100\/revisions"}],"wp:featuredmedia":[{"embeddable":true,"href":"https:\/\/eltrabajo.cl\/portal\/wp-json\/wp\/v2\/media\/19101"}],"wp:attachment":[{"href":"https:\/\/eltrabajo.cl\/portal\/wp-json\/wp\/v2\/media?parent=19100"}],"wp:term":[{"taxonomy":"category","embeddable":true,"href":"https:\/\/eltrabajo.cl\/portal\/wp-json\/wp\/v2\/categories?post=19100"},{"taxonomy":"post_tag","embeddable":true,"href":"https:\/\/eltrabajo.cl\/portal\/wp-json\/wp\/v2\/tags?post=19100"}],"curies":[{"name":"wp","href":"https:\/\/api.w.org\/{rel}","templated":true}]}}