{"id":19115,"date":"2012-06-08T10:08:28","date_gmt":"2012-06-08T14:08:28","guid":{"rendered":"http:\/\/www.eltrabajo.cl\/portal\/?p=19115"},"modified":"2012-06-08T10:08:28","modified_gmt":"2012-06-08T14:08:28","slug":"piden-que-poda-de-arboles-de-la-calle-sea-realizada-por-personas-aptas","status":"publish","type":"post","link":"https:\/\/eltrabajo.cl\/portal\/piden-que-poda-de-arboles-de-la-calle-sea-realizada-por-personas-aptas\/","title":{"rendered":"Piden que poda de \u00e1rboles de la calle sea realizada por personas aptas"},"content":{"rendered":"<figure id=\"attachment_19116\" aria-describedby=\"caption-attachment-19116\" style=\"width: 600px\" class=\"wp-caption alignnone\"><a href=\"http:\/\/www.eltrabajo.cl\/portal\/2012\/06\/piden-que-poda-de-arboles-de-la-calle-sea-realizada-por-personas-aptas\/arboles\/\" rel=\"attachment wp-att-19116\"><img data-recalc-dims=\"1\" loading=\"lazy\" decoding=\"async\" class=\"size-full wp-image-19116\" title=\"Arboles\" src=\"https:\/\/i0.wp.com\/www.eltrabajo.cl\/portal\/wp-content\/uploads\/2012\/06\/Arboles.jpg?resize=600%2C437\" alt=\"\" width=\"600\" height=\"437\" srcset=\"https:\/\/i0.wp.com\/eltrabajo.cl\/portal\/wp-content\/uploads\/2012\/06\/Arboles.jpg?w=600&amp;ssl=1 600w, https:\/\/i0.wp.com\/eltrabajo.cl\/portal\/wp-content\/uploads\/2012\/06\/Arboles.jpg?resize=200%2C145&amp;ssl=1 200w, https:\/\/i0.wp.com\/eltrabajo.cl\/portal\/wp-content\/uploads\/2012\/06\/Arboles.jpg?resize=300%2C218&amp;ssl=1 300w, https:\/\/i0.wp.com\/eltrabajo.cl\/portal\/wp-content\/uploads\/2012\/06\/Arboles.jpg?resize=150%2C109&amp;ssl=1 150w, https:\/\/i0.wp.com\/eltrabajo.cl\/portal\/wp-content\/uploads\/2012\/06\/Arboles.jpg?resize=400%2C291&amp;ssl=1 400w\" sizes=\"auto, (max-width: 600px) 100vw, 600px\" \/><\/a><figcaption id=\"caption-attachment-19116\" class=\"wp-caption-text\">La pr\u00f3xima semana podr\u00eda comenzar el proceso de podas en el damero central, el que estar\u00e1 a cargo de una empresa especializada.<\/figcaption><\/figure>\n<p>Sylvia Vergara Gonz\u00e1lez &#8211; <a href=\"mailto:svergara@eltrabajo.cl\">svergara@eltrabajo.cl<\/a><\/p>\n<p>En proceso de adjudicaci\u00f3n de la empresa que estar\u00e1 a cargo de las podas, se encuentra el Programa de Poda en su versi\u00f3n 2012, que se realiza en la comuna de San Felipe. Este es el segundo a\u00f1o consecutivo que se realiza a trav\u00e9s de la licitaci\u00f3n de una empresa, el proceso de podas de todos los \u00e1rboles que se ubican en el damero central de la comuna y que busca que la poda se produzca de forma ordenada y sin da\u00f1os a los \u00e1rboles.<\/p>\n<p>\u201cLo que se ha querido, es facilitar y aminorar un poco el trato con los \u00e1rboles, ya que es sabido que en nuestra comuna normalmente las podas son bastante poco asertivas y terminan da\u00f1ando los \u00e1rboles\u201d, dijo Edwin Mart\u00ednez, Director del Departamento de Protecci\u00f3n y Medio Ambiente (Dipma).<\/p>\n<p><strong>CAPACITACI\u00d3N<\/strong><\/p>\n<p>En el caso de los sectores perif\u00e9ricos, son los vecinos los que deben encargarse de este proceso, para el retiro de las ramas se ha contratado adicionalmente camiones, que desde hace unos d\u00eda se encuentran retirando los excesos de ramas.<\/p>\n<p>Para realizar las podas en estos sectores perif\u00e9ricos y residenciales, el municipio ha dictado cursos de podas a los que han asistido distintas personas que se encuentran capacitados y cuentan con un carnet que los acredita como Podadores.<\/p>\n<p>\u201cEsperamos que los vecinos se apoyen en ellos y no en podadores for\u00e1neos y que lo que buscan es ganar dinero en esta fecha, lo que en realidad hacen no es una poda, sino que una mutilaci\u00f3n de los \u00e1rboles\u201d, dijo Mart\u00ednez.<\/p>\n<p>Para evitar esa situaci\u00f3n, el municipio cuenta con fiscalizadores que se encuentran viendo este tema, adem\u00e1s de contar con la fiscalizaci\u00f3n ciudadana, donde los mismos vecinos informan de podas indiscriminadas o mal hechas.<\/p>\n<p>En el caso de ser sorprendidos, estos podadores sufren sanciones y se paralizan los trabajos.<\/p>\n<p>\u201cEs importante que estos podadores, si realmente quieren hacer poda y generar recursos se dirijan a la Dipma, donde est\u00e1n estos cursos para aprender a podar, son gratuitos y lo que buscamos justamente es tener gente certificada y que en estas fechas todos podamos tener nuestros \u00e1rboles podados y de buena manera\u201d, indic\u00f3 el funcionario.<\/p>\n<p>De hecho, Mart\u00ednez se\u00f1al\u00f3 que ya se han cursado multas, las que ascienden a los 50 mil pesos, por el acto en si, la que se ir\u00e1 incrementando si la situaci\u00f3n se mantiene, siendo bastante m\u00e1s dura si se vuelve a producir. La idea es; que los vecinos exijan al podador su credencial y as\u00ed tenga la certeza de que los \u00e1rboles ser\u00e1n bien tratados.<\/p>\n<p>En tanto la poda en el damero central, se podr\u00eda comenzar a producir durante la pr\u00f3xima semana, proceso que se realizar\u00e1 lo m\u00e1s ordenado posible y por calles, para no generar problemas entre los vecinos y transe\u00fantes.<\/p>\n","protected":false},"excerpt":{"rendered":"<p>Sylvia Vergara Gonz\u00e1lez &#8211; svergara@eltrabajo.cl En proceso de adjudicaci\u00f3n de la empresa que estar\u00e1 a cargo de las podas, se encuentra el Programa de Poda en su versi\u00f3n 2012, que se realiza&#8230;<\/p>\n","protected":false},"author":482,"featured_media":19116,"comment_status":"open","ping_status":"closed","sticky":false,"template":"","format":"standard","meta":{"advanced_seo_description":"","jetpack_seo_html_title":"","jetpack_seo_noindex":false,"_jetpack_memberships_contains_paid_content":false,"footnotes":""},"categories":[1],"tags":[],"class_list":["post-19115","post","type-post","status-publish","format-standard","has-post-thumbnail","hentry","category-cronica"],"jetpack_featured_media_url":"https:\/\/i0.wp.com\/eltrabajo.cl\/portal\/wp-content\/uploads\/2012\/06\/Arboles.jpg?fit=600%2C437&ssl=1","jetpack_sharing_enabled":true,"jetpack_likes_enabled":true,"jetpack-related-posts":[],"_links":{"self":[{"href":"https:\/\/eltrabajo.cl\/portal\/wp-json\/wp\/v2\/posts\/19115","targetHints":{"allow":["GET"]}}],"collection":[{"href":"https:\/\/eltrabajo.cl\/portal\/wp-json\/wp\/v2\/posts"}],"about":[{"href":"https:\/\/eltrabajo.cl\/portal\/wp-json\/wp\/v2\/types\/post"}],"author":[{"embeddable":true,"href":"https:\/\/eltrabajo.cl\/portal\/wp-json\/wp\/v2\/users\/482"}],"replies":[{"embeddable":true,"href":"https:\/\/eltrabajo.cl\/portal\/wp-json\/wp\/v2\/comments?post=19115"}],"version-history":[{"count":0,"href":"https:\/\/eltrabajo.cl\/portal\/wp-json\/wp\/v2\/posts\/19115\/revisions"}],"wp:featuredmedia":[{"embeddable":true,"href":"https:\/\/eltrabajo.cl\/portal\/wp-json\/wp\/v2\/media\/19116"}],"wp:attachment":[{"href":"https:\/\/eltrabajo.cl\/portal\/wp-json\/wp\/v2\/media?parent=19115"}],"wp:term":[{"taxonomy":"category","embeddable":true,"href":"https:\/\/eltrabajo.cl\/portal\/wp-json\/wp\/v2\/categories?post=19115"},{"taxonomy":"post_tag","embeddable":true,"href":"https:\/\/eltrabajo.cl\/portal\/wp-json\/wp\/v2\/tags?post=19115"}],"curies":[{"name":"wp","href":"https:\/\/api.w.org\/{rel}","templated":true}]}}