{"id":19123,"date":"2012-06-08T10:11:30","date_gmt":"2012-06-08T14:11:30","guid":{"rendered":"http:\/\/www.eltrabajo.cl\/portal\/?p=19123"},"modified":"2012-06-08T10:11:30","modified_gmt":"2012-06-08T14:11:30","slug":"core-aprueba-500-millones-para-diseno-de-nuevo-estadio-para-san-felipe","status":"publish","type":"post","link":"https:\/\/eltrabajo.cl\/portal\/core-aprueba-500-millones-para-diseno-de-nuevo-estadio-para-san-felipe\/","title":{"rendered":"Core aprueba 500 millones para dise\u00f1o de nuevo estadio para San Felipe"},"content":{"rendered":"<figure id=\"attachment_19124\" aria-describedby=\"caption-attachment-19124\" style=\"width: 600px\" class=\"wp-caption alignnone\"><a href=\"http:\/\/www.eltrabajo.cl\/portal\/2012\/06\/core-aprueba-500-millones-para-diseno-de-nuevo-estadio-para-san-felipe\/sesion-consejo-regional\/\" rel=\"attachment wp-att-19124\"><img data-recalc-dims=\"1\" loading=\"lazy\" decoding=\"async\" class=\"size-full wp-image-19124\" title=\"sesion consejo regional\" src=\"https:\/\/i0.wp.com\/www.eltrabajo.cl\/portal\/wp-content\/uploads\/2012\/06\/sesion-consejo-regional.jpg?resize=600%2C450\" alt=\"\" width=\"600\" height=\"450\" srcset=\"https:\/\/i0.wp.com\/eltrabajo.cl\/portal\/wp-content\/uploads\/2012\/06\/sesion-consejo-regional.jpg?w=600&amp;ssl=1 600w, https:\/\/i0.wp.com\/eltrabajo.cl\/portal\/wp-content\/uploads\/2012\/06\/sesion-consejo-regional.jpg?resize=200%2C150&amp;ssl=1 200w, https:\/\/i0.wp.com\/eltrabajo.cl\/portal\/wp-content\/uploads\/2012\/06\/sesion-consejo-regional.jpg?resize=300%2C225&amp;ssl=1 300w, https:\/\/i0.wp.com\/eltrabajo.cl\/portal\/wp-content\/uploads\/2012\/06\/sesion-consejo-regional.jpg?resize=150%2C112&amp;ssl=1 150w, https:\/\/i0.wp.com\/eltrabajo.cl\/portal\/wp-content\/uploads\/2012\/06\/sesion-consejo-regional.jpg?resize=400%2C300&amp;ssl=1 400w\" sizes=\"auto, (max-width: 600px) 100vw, 600px\" \/><\/a><figcaption id=\"caption-attachment-19124\" class=\"wp-caption-text\">En sesi\u00f3n extraordinaria a la que asistieron el Alcalde Jaime Amar y barristas de Uni\u00f3n San Felipe, el Consejo Regional aprob\u00f3 500 millones de pesos para el estudio de dise\u00f1o de un nuevo estadio para San Felipe.<\/figcaption><\/figure>\n<ul>\n<li><strong>Alcalde Jaime Amar asisti\u00f3 a sesi\u00f3n extraordinaria del Consejo Regional donde se comprometi\u00f3 adem\u00e1s el financiamiento de la construcci\u00f3n de un nuevo campo deportivo.<\/strong><\/li>\n<\/ul>\n<p>Fue en el marco de una sesi\u00f3n extraordinaria presidida por el Intendente Regional Ra\u00fal Celis, donde particip\u00f3 el alcalde Jaime Amar y barristas de Uni\u00f3n San Felipe, que el Consejo Regional aprob\u00f3 500 millones de pesos para la realizaci\u00f3n del estudio de dise\u00f1o de un nuevo estadio para San Felipe.<\/p>\n<p>Por 25 votos a favor y 2 abstenciones, el CORE respald\u00f3 esta iniciativa que est\u00e1 inserta en un programa de estadios que favoreci\u00f3 a Vi\u00f1a del Mar y Valpara\u00edso, con la reconstrucci\u00f3n de sus reductos deportivos, y donde junto al nuevo recinto sanfelipe\u00f1o se beneficia a La Calera, San Antonio y Los Andes.<\/p>\n<p>Seg\u00fan explic\u00f3 el intendente Ra\u00fal Celis, \u201cse ha aprobado la ejecuci\u00f3n del dise\u00f1o de un nuevo estadio que va a ser financiado por el Instituto Nacional del Deporte, por la suma de 500 millones de pesos. Ese dise\u00f1o tiene que estar listo entre 2012 y 2013 y cuando una iniciativa queda en esa posici\u00f3n, con el dise\u00f1o definitivo, es inevitable que el pr\u00f3ximo paso sea la construcci\u00f3n\u201d.<\/p>\n<p>Precisamente, para la construcci\u00f3n del estadio, el Consejo Regional firm\u00f3 un protocolo de acuerdo para colaborar con el financiamiento, es decir, ser un cofinanciador del mismo proyecto.<\/p>\n<p>En tanto, el consejero regional Iv\u00e1n Reyes record\u00f3 que hace un tiempo, junto al Alcalde Amar, expresaron su compromiso de trabajar por un nuevo estadio.<\/p>\n<p>\u201cTrabajamos en forma seria para poder lograr un nuevo estadio para San Felipe. Hoy d\u00eda y tras una serie de negociaciones, hemos logrado el compromiso del IND en cuanto a financiar el dise\u00f1o del proyecto\u201d, precis\u00f3 el Core Reyes.<\/p>\n<p>En este sentido, el Alcalde Jaime Amar expres\u00f3 su agradecimiento al intendente Celis, al director del IND Carlos Oliver, s\u00ed como a los consejeros regionales, particularmente a Iv\u00e1n Reyes, por esta gesti\u00f3n que permitir\u00e1 iniciar un proceso tendiente a lograr un nuevo recinto deportivo.<\/p>\n<p>\u201cHoy d\u00eda se ha dado una se\u00f1al republicana, cuando el Consejo Regional pr\u00e1cticamente en pleno ha aprobado estos dos estadios (de Vi\u00f1a del Mar y Valpara\u00edso) y fundamentalmente el de nosotros. Somos afortunados, pues San Felipe podr\u00e1 contar con dos estadios\u201d, dijo la autoridad.<\/p>\n<p>Finalmente Amar dijo que \u201ccreo que se ha dado un avance sustancialmente y en el caso nuestro un doble triunfo, ya que no es la remodelaci\u00f3n del actual estadio, sino la construcci\u00f3n de uno nuevo\u201d.<\/p>\n","protected":false},"excerpt":{"rendered":"<p>Alcalde Jaime Amar asisti\u00f3 a sesi\u00f3n extraordinaria del Consejo Regional donde se comprometi\u00f3 adem\u00e1s el financiamiento de la construcci\u00f3n de un nuevo campo deportivo. Fue en el marco de una sesi\u00f3n extraordinaria&#8230;<\/p>\n","protected":false},"author":482,"featured_media":19124,"comment_status":"open","ping_status":"closed","sticky":false,"template":"","format":"standard","meta":{"advanced_seo_description":"","jetpack_seo_html_title":"","jetpack_seo_noindex":false,"_jetpack_memberships_contains_paid_content":false,"footnotes":""},"categories":[1],"tags":[],"class_list":["post-19123","post","type-post","status-publish","format-standard","has-post-thumbnail","hentry","category-cronica"],"jetpack_featured_media_url":"https:\/\/i0.wp.com\/eltrabajo.cl\/portal\/wp-content\/uploads\/2012\/06\/sesion-consejo-regional.jpg?fit=600%2C450&ssl=1","jetpack_sharing_enabled":true,"jetpack_likes_enabled":true,"jetpack-related-posts":[],"_links":{"self":[{"href":"https:\/\/eltrabajo.cl\/portal\/wp-json\/wp\/v2\/posts\/19123","targetHints":{"allow":["GET"]}}],"collection":[{"href":"https:\/\/eltrabajo.cl\/portal\/wp-json\/wp\/v2\/posts"}],"about":[{"href":"https:\/\/eltrabajo.cl\/portal\/wp-json\/wp\/v2\/types\/post"}],"author":[{"embeddable":true,"href":"https:\/\/eltrabajo.cl\/portal\/wp-json\/wp\/v2\/users\/482"}],"replies":[{"embeddable":true,"href":"https:\/\/eltrabajo.cl\/portal\/wp-json\/wp\/v2\/comments?post=19123"}],"version-history":[{"count":0,"href":"https:\/\/eltrabajo.cl\/portal\/wp-json\/wp\/v2\/posts\/19123\/revisions"}],"wp:featuredmedia":[{"embeddable":true,"href":"https:\/\/eltrabajo.cl\/portal\/wp-json\/wp\/v2\/media\/19124"}],"wp:attachment":[{"href":"https:\/\/eltrabajo.cl\/portal\/wp-json\/wp\/v2\/media?parent=19123"}],"wp:term":[{"taxonomy":"category","embeddable":true,"href":"https:\/\/eltrabajo.cl\/portal\/wp-json\/wp\/v2\/categories?post=19123"},{"taxonomy":"post_tag","embeddable":true,"href":"https:\/\/eltrabajo.cl\/portal\/wp-json\/wp\/v2\/tags?post=19123"}],"curies":[{"name":"wp","href":"https:\/\/api.w.org\/{rel}","templated":true}]}}