{"id":19127,"date":"2012-06-08T10:18:31","date_gmt":"2012-06-08T14:18:31","guid":{"rendered":"http:\/\/www.eltrabajo.cl\/portal\/?p=19127"},"modified":"2012-06-08T10:18:31","modified_gmt":"2012-06-08T14:18:31","slug":"con-los-brazos-abiertos-reciben-a-sebastian-en-escuelita-de-el-escorial","status":"publish","type":"post","link":"https:\/\/eltrabajo.cl\/portal\/con-los-brazos-abiertos-reciben-a-sebastian-en-escuelita-de-el-escorial\/","title":{"rendered":"Con los brazos abiertos reciben a Sebasti\u00e1n en escuelita de El Escorial"},"content":{"rendered":"<figure id=\"attachment_19128\" aria-describedby=\"caption-attachment-19128\" style=\"width: 600px\" class=\"wp-caption alignnone\"><a href=\"http:\/\/www.eltrabajo.cl\/portal\/2012\/06\/con-los-brazos-abiertos-reciben-a-sebastian-en-escuelita-de-el-escorial\/con-flecha\/\" rel=\"attachment wp-att-19128\"><img data-recalc-dims=\"1\" loading=\"lazy\" decoding=\"async\" class=\"size-full wp-image-19128\" title=\"Con Flecha\" src=\"https:\/\/i0.wp.com\/www.eltrabajo.cl\/portal\/wp-content\/uploads\/2012\/06\/Con-Flecha.jpg?resize=600%2C409\" alt=\"\" width=\"600\" height=\"409\" srcset=\"https:\/\/i0.wp.com\/eltrabajo.cl\/portal\/wp-content\/uploads\/2012\/06\/Con-Flecha.jpg?w=600&amp;ssl=1 600w, https:\/\/i0.wp.com\/eltrabajo.cl\/portal\/wp-content\/uploads\/2012\/06\/Con-Flecha.jpg?resize=200%2C136&amp;ssl=1 200w, https:\/\/i0.wp.com\/eltrabajo.cl\/portal\/wp-content\/uploads\/2012\/06\/Con-Flecha.jpg?resize=300%2C204&amp;ssl=1 300w, https:\/\/i0.wp.com\/eltrabajo.cl\/portal\/wp-content\/uploads\/2012\/06\/Con-Flecha.jpg?resize=150%2C102&amp;ssl=1 150w, https:\/\/i0.wp.com\/eltrabajo.cl\/portal\/wp-content\/uploads\/2012\/06\/Con-Flecha.jpg?resize=400%2C272&amp;ssl=1 400w\" sizes=\"auto, (max-width: 600px) 100vw, 600px\" \/><\/a><figcaption id=\"caption-attachment-19128\" class=\"wp-caption-text\">De polera blanca, al centro de esta explosiva carrera por alcanzar sus sue\u00f1os, vemos a Sebasti\u00e1n Le\u00f3n, un ni\u00f1o que sigue creciendo al lado de sus nuevos amiguitos de escuela.<\/figcaption><\/figure>\n<ul>\n<li><strong>S\u00ed hubo un \u2018final feliz\u2019 para el ni\u00f1o a quien le negaban su derecho a la educaci\u00f3n.<\/strong><\/li>\n<\/ul>\n<p>Roberto Gonz\u00e1lez Short &#8211; <a href=\"mailto:rgonzalez@eltrabajo.cl\">rgonzalez@eltrabajo.cl<\/a><\/p>\n<p>Pocas veces, en las historias que en Diario El Trabajo publicamos, se puede llegar a conocer un \u2018final feliz\u2019 para los protagonistas de las mismas. Sin embargo, para quienes se preguntaron sobre el destino final del ni\u00f1o Sebasti\u00e1n Le\u00f3n, de nueve a\u00f1os y quien ha sido rechazado en varias escuelas de la provincia, ampar\u00e1ndose a veces los profesores en tecnicismos poco usuales para no responsabilizarse de la educaci\u00f3n de Sebasti\u00e1n, hoy s\u00ed podemos compartir con nuestros lectores ese \u2018final feliz\u00bb para alegr\u00eda de todos y del protagonista principal tambi\u00e9n.<\/p>\n<figure id=\"attachment_19130\" aria-describedby=\"caption-attachment-19130\" style=\"width: 210px\" class=\"wp-caption alignright\"><a href=\"http:\/\/www.eltrabajo.cl\/portal\/2012\/06\/con-los-brazos-abiertos-reciben-a-sebastian-en-escuelita-de-el-escorial\/directora1-2\/\" rel=\"attachment wp-att-19130\"><img data-recalc-dims=\"1\" loading=\"lazy\" decoding=\"async\" class=\"size-medium wp-image-19130 \" title=\"Directora1\" src=\"https:\/\/i0.wp.com\/www.eltrabajo.cl\/portal\/wp-content\/uploads\/2012\/06\/Directora1-300x255.jpg?resize=210%2C179\" alt=\"\" width=\"210\" height=\"179\" srcset=\"https:\/\/i0.wp.com\/eltrabajo.cl\/portal\/wp-content\/uploads\/2012\/06\/Directora1.jpg?resize=300%2C255&amp;ssl=1 300w, https:\/\/i0.wp.com\/eltrabajo.cl\/portal\/wp-content\/uploads\/2012\/06\/Directora1.jpg?resize=176%2C150&amp;ssl=1 176w, https:\/\/i0.wp.com\/eltrabajo.cl\/portal\/wp-content\/uploads\/2012\/06\/Directora1.jpg?resize=150%2C127&amp;ssl=1 150w, https:\/\/i0.wp.com\/eltrabajo.cl\/portal\/wp-content\/uploads\/2012\/06\/Directora1.jpg?resize=400%2C340&amp;ssl=1 400w, https:\/\/i0.wp.com\/eltrabajo.cl\/portal\/wp-content\/uploads\/2012\/06\/Directora1.jpg?w=600&amp;ssl=1 600w\" sizes=\"auto, (max-width: 210px) 100vw, 210px\" \/><\/a><figcaption id=\"caption-attachment-19130\" class=\"wp-caption-text\">Fabiola Castillo, Directora de la G-78 El Escorial, Panquehue.<\/figcaption><\/figure>\n<p>La ma\u00f1ana de ayer jueves nuestro medio habl\u00f3 con Rommy Contreras para saber sobre el destino del ni\u00f1o Sebasti\u00e1n.<\/p>\n<p>\u201cLuego de que Diario El Trabajo public\u00f3 la historia de Sebasti\u00e1n, me llamaron por tel\u00e9fono personeros de la Daem, as\u00ed como de la Direcci\u00f3n Regional de Educaci\u00f3n, para pedir antecedentes del caso. Sin embargo, para cuando ellos llamaron, ya Sebasti\u00e1n hab\u00eda sido recibido en la Escuela G-78 de El Escorial en Panquehue. Yo estoy muy feliz, porque siento que esta ha sido una misi\u00f3n cumplida, pues pudimos reincorporar a Sebasti\u00e1n al mundo escolar que \u00e9l pertenece (\u2026) los Directores de escuelas deben estar m\u00e1s receptivos con casos como \u00e9ste y no le dan la oportunidad a quienes la necesitan\u201d, respondi\u00f3 Contreras.<\/p>\n<figure id=\"attachment_19132\" aria-describedby=\"caption-attachment-19132\" style=\"width: 300px\" class=\"wp-caption alignleft\"><a href=\"http:\/\/www.eltrabajo.cl\/portal\/2012\/06\/con-los-brazos-abiertos-reciben-a-sebastian-en-escuelita-de-el-escorial\/profesores1-4\/\" rel=\"attachment wp-att-19132\"><img data-recalc-dims=\"1\" loading=\"lazy\" decoding=\"async\" class=\"size-medium wp-image-19132\" title=\"Profesores1\" src=\"https:\/\/i0.wp.com\/www.eltrabajo.cl\/portal\/wp-content\/uploads\/2012\/06\/Profesores1-300x209.jpg?resize=300%2C209\" alt=\"\" width=\"300\" height=\"209\" srcset=\"https:\/\/i0.wp.com\/eltrabajo.cl\/portal\/wp-content\/uploads\/2012\/06\/Profesores1.jpg?resize=300%2C209&amp;ssl=1 300w, https:\/\/i0.wp.com\/eltrabajo.cl\/portal\/wp-content\/uploads\/2012\/06\/Profesores1.jpg?resize=200%2C139&amp;ssl=1 200w, https:\/\/i0.wp.com\/eltrabajo.cl\/portal\/wp-content\/uploads\/2012\/06\/Profesores1.jpg?resize=150%2C104&amp;ssl=1 150w, https:\/\/i0.wp.com\/eltrabajo.cl\/portal\/wp-content\/uploads\/2012\/06\/Profesores1.jpg?resize=400%2C278&amp;ssl=1 400w, https:\/\/i0.wp.com\/eltrabajo.cl\/portal\/wp-content\/uploads\/2012\/06\/Profesores1.jpg?w=600&amp;ssl=1 600w\" sizes=\"auto, (max-width: 300px) 100vw, 300px\" \/><\/a><figcaption id=\"caption-attachment-19132\" class=\"wp-caption-text\">Ellos son los profesores que aceptaron el desaf\u00edo de brindar Formaci\u00f3n B\u00e1sica a nuestro amiguito Sebasti\u00e1n Le\u00f3n.<\/figcaption><\/figure>\n<p><strong>EXPLOSIVAMENTE FELIZ<\/strong><\/p>\n<p>Diario El Trabajo realiz\u00f3 una visita al establecimiento educativo para as\u00ed conocer el ambiente en el que ahora Sebasti\u00e1n fue recibido para continuar sus estudios. Se trata de una peque\u00f1a escuela que cuenta con casi 80 a\u00f1os de existencia. Actualmente es liderada por la profesora Fabiola Castillo como Directora y nueve docentes m\u00e1s, quienes dan Formaci\u00f3n Preb\u00e1sica y B\u00e1sica a unos 46 ni\u00f1os. Lo que nos sorprendi\u00f3 a la entrada al gimnasio escolar, fue ver a un pu\u00f1ado de ni\u00f1os corriendo y jugando alegremente con Sebasti\u00e1n, una nueva etapa de su desarrollo escolar que de seguro le cambi\u00f3 la vida. Fabiola Castillo, Directora de la G-78, habl\u00f3 con Diario El Trabajo.<\/p>\n<figure id=\"attachment_19131\" aria-describedby=\"caption-attachment-19131\" style=\"width: 210px\" class=\"wp-caption alignright\"><a href=\"http:\/\/www.eltrabajo.cl\/portal\/2012\/06\/con-los-brazos-abiertos-reciben-a-sebastian-en-escuelita-de-el-escorial\/gloria1-2\/\" rel=\"attachment wp-att-19131\"><img data-recalc-dims=\"1\" loading=\"lazy\" decoding=\"async\" class=\"size-medium wp-image-19131 \" title=\"Gloria1\" src=\"https:\/\/i0.wp.com\/www.eltrabajo.cl\/portal\/wp-content\/uploads\/2012\/06\/Gloria11-300x234.jpg?resize=210%2C164\" alt=\"\" width=\"210\" height=\"164\" srcset=\"https:\/\/i0.wp.com\/eltrabajo.cl\/portal\/wp-content\/uploads\/2012\/06\/Gloria11.jpg?resize=300%2C234&amp;ssl=1 300w, https:\/\/i0.wp.com\/eltrabajo.cl\/portal\/wp-content\/uploads\/2012\/06\/Gloria11.jpg?resize=191%2C150&amp;ssl=1 191w, https:\/\/i0.wp.com\/eltrabajo.cl\/portal\/wp-content\/uploads\/2012\/06\/Gloria11.jpg?resize=150%2C117&amp;ssl=1 150w, https:\/\/i0.wp.com\/eltrabajo.cl\/portal\/wp-content\/uploads\/2012\/06\/Gloria11.jpg?resize=400%2C312&amp;ssl=1 400w, https:\/\/i0.wp.com\/eltrabajo.cl\/portal\/wp-content\/uploads\/2012\/06\/Gloria11.jpg?w=600&amp;ssl=1 600w\" sizes=\"auto, (max-width: 210px) 100vw, 210px\" \/><\/a><figcaption id=\"caption-attachment-19131\" class=\"wp-caption-text\">Gloria Villegas, profesora a cargo del curso en que Sebasti\u00e1n recibe lecciones.<\/figcaption><\/figure>\n<p><strong>&#8211; \u00bfC\u00f3mo lleg\u00f3 Sebasti\u00e1n a su escuela?<\/strong><\/p>\n<p>&#8211; \u201cRommy Contreras nos llam\u00f3 para solicitar matr\u00edcula para Sebasti\u00e1n, aqu\u00ed no hubo inconveniente para aceptar la responsabilidad de atenderlo, pues realmente vemos en el peque\u00f1o a un ni\u00f1o \u2018normal\u2019 y quien tiene mucho potencial\u201d.<\/p>\n<p><strong>&#8211; \u00bfQu\u00e9 ventajas ofrece esta escuela en comparaci\u00f3n con otras de la provincia?<\/strong><\/p>\n<p>&#8211; \u201cLas ventajas de nuestra escuela, es que aqu\u00ed no hay tantos estudiantes como en muchas otras, por lo tanto son pocos los peque\u00f1os por curso, pero lo principal ac\u00e1, es que Sebasti\u00e1n y cualquier ni\u00f1o, se sienta bien, que sepa y que sienta que aqu\u00ed se le aprecia, sin necesidad de estar dici\u00e9ndole \u2018yo te amo\u2019 con palabras\u201d.<\/p>\n<p><strong>&#8211; \u00bfEspec\u00edficamente con qu\u00e9 herramientas cuenta el alumnado?<\/strong><\/p>\n<p>&#8211; \u201cBueno, en nuestra escuelita contamos con Programa de Integraci\u00f3n, impartimos Talleres de Geometr\u00eda, Lenguaje, Ciencias y Deportes, a la vez que brindamos elementos extra como los Talleres de Aikido y Danza, estas disciplinas dirigidas a lograr armonizar la mente con el cuerpo\u201d.<\/p>\n<p><strong>&#8211; \u00bfY sobre el amor de los profesores hacia los estudiantes?<\/strong><\/p>\n<p>&#8211; \u201cEn la parte emocional, puedo asegurar que nuestros profesores son muy cari\u00f1osos con todos sus estudiantes, cuentan con excelente preparaci\u00f3n acad\u00e9mica as\u00ed como una actitud mental positiva, de seguro que este peque\u00f1o llegar\u00e1 lejos con nosotros si aprovecha las oportunidades que aqu\u00ed tiene\u201d.<\/p>\n<p>Tambi\u00e9n quisimos hablar con la profesora encargada del curso de Sebasti\u00e1n, Gloria Villegas, quien asegur\u00f3 a Diario El Trabajo estar muy animada con su trabajo y el saber que puede ayudar a un ni\u00f1o m\u00e1s.<\/p>\n<p>\u201cVeo a Sebasti\u00e1n lleno de energ\u00eda, es una tremenda responsabilidad el tener que equilibrar todos los estudiantes a un nivel de sana convivencia, para mis alumnos yo tengo mucho amor que dar, compromiso, sabr\u00e9 dar la caricia oportuna cuando se necesite y tambi\u00e9n escucharlo si me trae penas\u201d, explic\u00f3 Villegas.<\/p>\n<p>Como lo se\u00f1alamos en nuestra primera entrega informativa sobre este caso, lejos de buscar \u2018culpables\u2019, en Diario El Trabajo nos abanderamos con las buenas intenciones de Rommy Contreras del Internado Pablo VI, en su b\u00fasqueda del tan anhelado \u2018final feliz\u2019 para Sebasti\u00e1n.<\/p>\n","protected":false},"excerpt":{"rendered":"<p>S\u00ed hubo un \u2018final feliz\u2019 para el ni\u00f1o a quien le negaban su derecho a la educaci\u00f3n. Roberto Gonz\u00e1lez Short &#8211; rgonzalez@eltrabajo.cl Pocas veces, en las historias que en Diario El Trabajo&#8230;<\/p>\n","protected":false},"author":482,"featured_media":19128,"comment_status":"open","ping_status":"closed","sticky":false,"template":"","format":"standard","meta":{"advanced_seo_description":"","jetpack_seo_html_title":"","jetpack_seo_noindex":false,"_jetpack_memberships_contains_paid_content":false,"footnotes":""},"categories":[15],"tags":[],"class_list":["post-19127","post","type-post","status-publish","format-standard","has-post-thumbnail","hentry","category-comunidad"],"jetpack_featured_media_url":"https:\/\/i0.wp.com\/eltrabajo.cl\/portal\/wp-content\/uploads\/2012\/06\/Con-Flecha.jpg?fit=600%2C409&ssl=1","jetpack_sharing_enabled":true,"jetpack_likes_enabled":true,"jetpack-related-posts":[],"_links":{"self":[{"href":"https:\/\/eltrabajo.cl\/portal\/wp-json\/wp\/v2\/posts\/19127","targetHints":{"allow":["GET"]}}],"collection":[{"href":"https:\/\/eltrabajo.cl\/portal\/wp-json\/wp\/v2\/posts"}],"about":[{"href":"https:\/\/eltrabajo.cl\/portal\/wp-json\/wp\/v2\/types\/post"}],"author":[{"embeddable":true,"href":"https:\/\/eltrabajo.cl\/portal\/wp-json\/wp\/v2\/users\/482"}],"replies":[{"embeddable":true,"href":"https:\/\/eltrabajo.cl\/portal\/wp-json\/wp\/v2\/comments?post=19127"}],"version-history":[{"count":0,"href":"https:\/\/eltrabajo.cl\/portal\/wp-json\/wp\/v2\/posts\/19127\/revisions"}],"wp:featuredmedia":[{"embeddable":true,"href":"https:\/\/eltrabajo.cl\/portal\/wp-json\/wp\/v2\/media\/19128"}],"wp:attachment":[{"href":"https:\/\/eltrabajo.cl\/portal\/wp-json\/wp\/v2\/media?parent=19127"}],"wp:term":[{"taxonomy":"category","embeddable":true,"href":"https:\/\/eltrabajo.cl\/portal\/wp-json\/wp\/v2\/categories?post=19127"},{"taxonomy":"post_tag","embeddable":true,"href":"https:\/\/eltrabajo.cl\/portal\/wp-json\/wp\/v2\/tags?post=19127"}],"curies":[{"name":"wp","href":"https:\/\/api.w.org\/{rel}","templated":true}]}}