{"id":19176,"date":"2012-06-11T10:24:39","date_gmt":"2012-06-11T14:24:39","guid":{"rendered":"http:\/\/www.eltrabajo.cl\/portal\/?p=19176"},"modified":"2012-06-11T10:24:39","modified_gmt":"2012-06-11T14:24:39","slug":"profesores-se-fueron-a-retiro-con-importante-incentivo-economico","status":"publish","type":"post","link":"https:\/\/eltrabajo.cl\/portal\/profesores-se-fueron-a-retiro-con-importante-incentivo-economico\/","title":{"rendered":"Profesores se fueron a retiro con importante incentivo econ\u00f3mico"},"content":{"rendered":"<p>&nbsp;<\/p>\n<figure id=\"attachment_19177\" aria-describedby=\"caption-attachment-19177\" style=\"width: 600px\" class=\"wp-caption alignnone\"><a href=\"http:\/\/www.eltrabajo.cl\/portal\/2012\/06\/profesores-se-fueron-a-retiro-con-importante-incentivo-economico\/grupo1-profesores\/\" rel=\"attachment wp-att-19177\"><img data-recalc-dims=\"1\" loading=\"lazy\" decoding=\"async\" class=\"size-full wp-image-19177\" title=\"Grupo1 profesores\" src=\"https:\/\/i0.wp.com\/www.eltrabajo.cl\/portal\/wp-content\/uploads\/2012\/06\/Grupo1-profesores.jpg?resize=600%2C450\" alt=\"\" width=\"600\" height=\"450\" srcset=\"https:\/\/i0.wp.com\/eltrabajo.cl\/portal\/wp-content\/uploads\/2012\/06\/Grupo1-profesores.jpg?w=600&amp;ssl=1 600w, https:\/\/i0.wp.com\/eltrabajo.cl\/portal\/wp-content\/uploads\/2012\/06\/Grupo1-profesores.jpg?resize=200%2C150&amp;ssl=1 200w, https:\/\/i0.wp.com\/eltrabajo.cl\/portal\/wp-content\/uploads\/2012\/06\/Grupo1-profesores.jpg?resize=300%2C225&amp;ssl=1 300w, https:\/\/i0.wp.com\/eltrabajo.cl\/portal\/wp-content\/uploads\/2012\/06\/Grupo1-profesores.jpg?resize=150%2C112&amp;ssl=1 150w, https:\/\/i0.wp.com\/eltrabajo.cl\/portal\/wp-content\/uploads\/2012\/06\/Grupo1-profesores.jpg?resize=400%2C300&amp;ssl=1 400w\" sizes=\"auto, (max-width: 600px) 100vw, 600px\" \/><\/a><figcaption id=\"caption-attachment-19177\" class=\"wp-caption-text\">Veinticuatro fueron los profesores que se fueron a retiro el viernes pasado, en una ceremonia que cont\u00f3 con la participaci\u00f3n de las autoridades.<\/figcaption><\/figure>\n<p>Sylvia Vergara &#8211; <a href=\"mailto:svergara@eltrabajo.cl\">svergara@eltrabajo.cl<\/a><\/p>\n<p>Veinticuatro profesores que entregaron toda su vida a la ense\u00f1anza en distintos colegios de la comuna, se acogieron a retiro, los que fueron despedidos en una ceremonia realizada el viernes en el Teatro Municipal de San Felipe.<\/p>\n<p>Los docentes se retiran con un importante aporte econ\u00f3mico, fondos que este a\u00f1o se obtuvieron de parte del Municipio desde el Ministerio de Educaci\u00f3n, constituyendo un aporte fiscal extraordinario, que permiti\u00f3 entregar la posibilidad a estos docentes a retirarse con un incentivo.<\/p>\n<p>\u201cSomos el primer municipio del pa\u00eds que ha logrado completar los tr\u00e1mites para la firma del convenio, y eso nos tiene orgullosos y estamos prestando asesor\u00eda a otras comunas que est\u00e1n empezando a caminar en los mismos tr\u00e1mites\u201d, se\u00f1al\u00f3 el Director de la Daem de San Felipe, Jorge Sep\u00falveda.<\/p>\n<p>A estos 24 profesores, durante el a\u00f1o se sumar\u00e1n otros 24 que ya tienen sus recursos asegurados, por lo que no tendr\u00e1n que esperar a contar con esos dineros para cumplir el tr\u00e1mite de retiro.<\/p>\n<p><strong>MILLONARIOS<\/strong><\/p>\n<p>\u201cEllos van a poder ir acogi\u00e9ndose a medida que vayan cumpliendo la edad hasta fines de a\u00f1o\u201d, dijo Sep\u00falveda.<\/p>\n<p>Seg\u00fan explic\u00f3 el Director, est\u00e1 establecido que para los docentes que cumplieron jornada completa de 44 horas, el incentivo en dinero es de 20 millones y es proporcional por hora va disminuyendo. En este caso fluctuaron entre 16 y 20 millones de pesos.<\/p>\n<p>Los recursos ya hab\u00edan sido entregados la semana pasada en las oficinas de la Daem, en un desayuno de despedida que se les ofreci\u00f3 a los profesores y este viernes se hizo la ceremonia oficial de parte de las autoridades.<\/p>\n","protected":false},"excerpt":{"rendered":"<p>&nbsp; Sylvia Vergara &#8211; svergara@eltrabajo.cl Veinticuatro profesores que entregaron toda su vida a la ense\u00f1anza en distintos colegios de la comuna, se acogieron a retiro, los que fueron despedidos en una ceremonia&#8230;<\/p>\n","protected":false},"author":482,"featured_media":19177,"comment_status":"open","ping_status":"closed","sticky":false,"template":"","format":"standard","meta":{"advanced_seo_description":"","jetpack_seo_html_title":"","jetpack_seo_noindex":false,"_jetpack_memberships_contains_paid_content":false,"footnotes":""},"categories":[15],"tags":[],"class_list":["post-19176","post","type-post","status-publish","format-standard","has-post-thumbnail","hentry","category-comunidad"],"jetpack_featured_media_url":"https:\/\/i0.wp.com\/eltrabajo.cl\/portal\/wp-content\/uploads\/2012\/06\/Grupo1-profesores.jpg?fit=600%2C450&ssl=1","jetpack_sharing_enabled":true,"jetpack_likes_enabled":true,"jetpack-related-posts":[],"_links":{"self":[{"href":"https:\/\/eltrabajo.cl\/portal\/wp-json\/wp\/v2\/posts\/19176","targetHints":{"allow":["GET"]}}],"collection":[{"href":"https:\/\/eltrabajo.cl\/portal\/wp-json\/wp\/v2\/posts"}],"about":[{"href":"https:\/\/eltrabajo.cl\/portal\/wp-json\/wp\/v2\/types\/post"}],"author":[{"embeddable":true,"href":"https:\/\/eltrabajo.cl\/portal\/wp-json\/wp\/v2\/users\/482"}],"replies":[{"embeddable":true,"href":"https:\/\/eltrabajo.cl\/portal\/wp-json\/wp\/v2\/comments?post=19176"}],"version-history":[{"count":0,"href":"https:\/\/eltrabajo.cl\/portal\/wp-json\/wp\/v2\/posts\/19176\/revisions"}],"wp:featuredmedia":[{"embeddable":true,"href":"https:\/\/eltrabajo.cl\/portal\/wp-json\/wp\/v2\/media\/19177"}],"wp:attachment":[{"href":"https:\/\/eltrabajo.cl\/portal\/wp-json\/wp\/v2\/media?parent=19176"}],"wp:term":[{"taxonomy":"category","embeddable":true,"href":"https:\/\/eltrabajo.cl\/portal\/wp-json\/wp\/v2\/categories?post=19176"},{"taxonomy":"post_tag","embeddable":true,"href":"https:\/\/eltrabajo.cl\/portal\/wp-json\/wp\/v2\/tags?post=19176"}],"curies":[{"name":"wp","href":"https:\/\/api.w.org\/{rel}","templated":true}]}}