{"id":19180,"date":"2012-06-11T10:31:18","date_gmt":"2012-06-11T14:31:18","guid":{"rendered":"http:\/\/www.eltrabajo.cl\/portal\/?p=19180"},"modified":"2012-06-11T10:36:32","modified_gmt":"2012-06-11T14:36:32","slug":"charla-cientifica-recuerda-dia-del-medio-ambiente-en-el-buen-pastor","status":"publish","type":"post","link":"https:\/\/eltrabajo.cl\/portal\/charla-cientifica-recuerda-dia-del-medio-ambiente-en-el-buen-pastor\/","title":{"rendered":"Charla cient\u00edfica recuerda D\u00eda del Medio Ambiente en el Buen Pastor"},"content":{"rendered":"<p>&nbsp;<\/p>\n<figure id=\"attachment_19187\" aria-describedby=\"caption-attachment-19187\" style=\"width: 530px\" class=\"wp-caption alignnone\"><a href=\"http:\/\/www.eltrabajo.cl\/portal\/2012\/06\/charla-cientifica-recuerda-dia-del-medio-ambiente-en-el-buen-pastor\/flores1-8\/\" rel=\"attachment wp-att-19187\"><img data-recalc-dims=\"1\" loading=\"lazy\" decoding=\"async\" class=\"size-full wp-image-19187\" title=\"Flores1\" src=\"https:\/\/i0.wp.com\/www.eltrabajo.cl\/portal\/wp-content\/uploads\/2012\/06\/Flores16.jpg?resize=530%2C384\" alt=\"\" width=\"530\" height=\"384\" srcset=\"https:\/\/i0.wp.com\/eltrabajo.cl\/portal\/wp-content\/uploads\/2012\/06\/Flores16.jpg?w=530&amp;ssl=1 530w, https:\/\/i0.wp.com\/eltrabajo.cl\/portal\/wp-content\/uploads\/2012\/06\/Flores16.jpg?resize=200%2C144&amp;ssl=1 200w, https:\/\/i0.wp.com\/eltrabajo.cl\/portal\/wp-content\/uploads\/2012\/06\/Flores16.jpg?resize=300%2C217&amp;ssl=1 300w, https:\/\/i0.wp.com\/eltrabajo.cl\/portal\/wp-content\/uploads\/2012\/06\/Flores16.jpg?resize=150%2C108&amp;ssl=1 150w, https:\/\/i0.wp.com\/eltrabajo.cl\/portal\/wp-content\/uploads\/2012\/06\/Flores16.jpg?resize=400%2C289&amp;ssl=1 400w\" sizes=\"auto, (max-width: 530px) 100vw, 530px\" \/><\/a><figcaption id=\"caption-attachment-19187\" class=\"wp-caption-text\">El Subdirector del establecimiento Patricio Contreras, junto con entregar un presente a la Dra. Romina \u00c1lvarez, quien ofreci\u00f3 su charla al alumnado de la Buen Pastor.<\/figcaption><\/figure>\n<p>Con una charla de la Dra. Romina \u00c1lvarez, quien es Ingeniero Bioqu\u00edmico y con un Doctorado en Biotecnolog\u00eda, la Escuela del Buen Pastor conmemor\u00f3 el D\u00eda Mundial del Medio Ambiente. El Subdirector del establecimiento Patricio Contreras, junto con entregar un presente a la expositora, agradeci\u00f3 su charla que \u201ces de gran utilidad para los alumnos\u201d, se\u00f1al\u00f3.<\/p>\n<p>La doctora \u00c1lvarez se refiri\u00f3 en su exposici\u00f3n a las fuentes de contaminaci\u00f3n de los suelos y los elementos qu\u00edmicos que afectan al medio ambiente, tales como los pesticidas, herbicidas y desechos industriales. La galena expuso que los microorganismos y las bacterias son de gran ayuda en la recuperaci\u00f3n de suelos contaminados, t\u00e9cnica llamada biorreparaci\u00f3n, que se utiliza en Chile y en muchos pa\u00edses del mundo para recuperar suelos. \u00c1lvarez, quien trabaja en Investigaci\u00f3n Cient\u00edfica en la Universidad Cat\u00f3lica de Valpara\u00edso y en programas de Conicyt, se\u00f1al\u00f3 que \u201cel rol de los microorganismos es muy importante para recuperar suelos contaminados y es bueno que los alumnos sepan, que no todos los microorganismos son pat\u00f3genos y causan enfermedades, sino que tambi\u00e9n los podemos utilizar con fines ben\u00e9ficos para recuperar el medio ambiente\u201d.<\/p>\n<p>En su exposici\u00f3n tambi\u00e9n se refiri\u00f3 a las formas de evitar la contaminaci\u00f3n a trav\u00e9s de la adecuada eliminaci\u00f3n de desechos no degradables como son, por ejemplo, las pilas.<\/p>\n","protected":false},"excerpt":{"rendered":"<p>&nbsp; Con una charla de la Dra. Romina \u00c1lvarez, quien es Ingeniero Bioqu\u00edmico y con un Doctorado en Biotecnolog\u00eda, la Escuela del Buen Pastor conmemor\u00f3 el D\u00eda Mundial del Medio Ambiente. El&#8230;<\/p>\n","protected":false},"author":482,"featured_media":19187,"comment_status":"open","ping_status":"closed","sticky":false,"template":"","format":"standard","meta":{"advanced_seo_description":"","jetpack_seo_html_title":"","jetpack_seo_noindex":false,"_jetpack_memberships_contains_paid_content":false,"footnotes":""},"categories":[15],"tags":[],"class_list":["post-19180","post","type-post","status-publish","format-standard","has-post-thumbnail","hentry","category-comunidad"],"jetpack_featured_media_url":"https:\/\/i0.wp.com\/eltrabajo.cl\/portal\/wp-content\/uploads\/2012\/06\/Flores16.jpg?fit=530%2C384&ssl=1","jetpack_sharing_enabled":true,"jetpack_likes_enabled":true,"jetpack-related-posts":[],"_links":{"self":[{"href":"https:\/\/eltrabajo.cl\/portal\/wp-json\/wp\/v2\/posts\/19180","targetHints":{"allow":["GET"]}}],"collection":[{"href":"https:\/\/eltrabajo.cl\/portal\/wp-json\/wp\/v2\/posts"}],"about":[{"href":"https:\/\/eltrabajo.cl\/portal\/wp-json\/wp\/v2\/types\/post"}],"author":[{"embeddable":true,"href":"https:\/\/eltrabajo.cl\/portal\/wp-json\/wp\/v2\/users\/482"}],"replies":[{"embeddable":true,"href":"https:\/\/eltrabajo.cl\/portal\/wp-json\/wp\/v2\/comments?post=19180"}],"version-history":[{"count":0,"href":"https:\/\/eltrabajo.cl\/portal\/wp-json\/wp\/v2\/posts\/19180\/revisions"}],"wp:featuredmedia":[{"embeddable":true,"href":"https:\/\/eltrabajo.cl\/portal\/wp-json\/wp\/v2\/media\/19187"}],"wp:attachment":[{"href":"https:\/\/eltrabajo.cl\/portal\/wp-json\/wp\/v2\/media?parent=19180"}],"wp:term":[{"taxonomy":"category","embeddable":true,"href":"https:\/\/eltrabajo.cl\/portal\/wp-json\/wp\/v2\/categories?post=19180"},{"taxonomy":"post_tag","embeddable":true,"href":"https:\/\/eltrabajo.cl\/portal\/wp-json\/wp\/v2\/tags?post=19180"}],"curies":[{"name":"wp","href":"https:\/\/api.w.org\/{rel}","templated":true}]}}