{"id":19195,"date":"2012-06-11T10:37:57","date_gmt":"2012-06-11T14:37:57","guid":{"rendered":"http:\/\/www.eltrabajo.cl\/portal\/?p=19195"},"modified":"2012-06-11T10:37:57","modified_gmt":"2012-06-11T14:37:57","slug":"medio-centenar-de-especialistas-en-soldadura-reciben-su-titulo-profesional","status":"publish","type":"post","link":"https:\/\/eltrabajo.cl\/portal\/medio-centenar-de-especialistas-en-soldadura-reciben-su-titulo-profesional\/","title":{"rendered":"Medio centenar de Especialistas en Soldadura reciben su t\u00edtulo profesional"},"content":{"rendered":"<figure id=\"attachment_19196\" aria-describedby=\"caption-attachment-19196\" style=\"width: 600px\" class=\"wp-caption alignnone\"><a href=\"http:\/\/www.eltrabajo.cl\/portal\/2012\/06\/medio-centenar-de-especialistas-en-soldadura-reciben-su-titulo-profesional\/curso-soldadores1\/\" rel=\"attachment wp-att-19196\"><img data-recalc-dims=\"1\" loading=\"lazy\" decoding=\"async\" class=\"size-full wp-image-19196\" title=\"Curso-soldadores1\" src=\"https:\/\/i0.wp.com\/www.eltrabajo.cl\/portal\/wp-content\/uploads\/2012\/06\/Curso-soldadores1.jpg?resize=600%2C400\" alt=\"\" width=\"600\" height=\"400\" srcset=\"https:\/\/i0.wp.com\/eltrabajo.cl\/portal\/wp-content\/uploads\/2012\/06\/Curso-soldadores1.jpg?w=600&amp;ssl=1 600w, https:\/\/i0.wp.com\/eltrabajo.cl\/portal\/wp-content\/uploads\/2012\/06\/Curso-soldadores1.jpg?resize=200%2C133&amp;ssl=1 200w, https:\/\/i0.wp.com\/eltrabajo.cl\/portal\/wp-content\/uploads\/2012\/06\/Curso-soldadores1.jpg?resize=300%2C200&amp;ssl=1 300w, https:\/\/i0.wp.com\/eltrabajo.cl\/portal\/wp-content\/uploads\/2012\/06\/Curso-soldadores1.jpg?resize=150%2C100&amp;ssl=1 150w, https:\/\/i0.wp.com\/eltrabajo.cl\/portal\/wp-content\/uploads\/2012\/06\/Curso-soldadores1.jpg?resize=400%2C266&amp;ssl=1 400w\" sizes=\"auto, (max-width: 600px) 100vw, 600px\" \/><\/a><figcaption id=\"caption-attachment-19196\" class=\"wp-caption-text\">Unos 50 rinconadinos se convirtieron en Soldadores profesionales y figuran desde este jueves como \u2018especialistas\u2019 para el Mercado Laboral del pa\u00eds.<\/figcaption><\/figure>\n<p><strong>LOS ANDES.-<\/strong> Medio centenar de personas de la comuna, recibieron sus t\u00edtulos que los confirma como profesionales del Proceso de Capacitaci\u00f3n Comunal que impulsa el Alcalde Juan Galdames Carmona, en el convenio Asiva y Universidad Federico Santa Mar\u00eda, el pasado jueves 7 de junio en el Sal\u00f3n Municipal de Rinconada.<\/p>\n<p>En la ocasi\u00f3n los vecinos que fluctuaban entre los 18 y 55 a\u00f1os, el Gerente de Asiva, Rodolfo D\u00edaz, destac\u00f3 que este convenio ha permitido sacar una nueva camada de soldadores calificados y ayudantes el\u00e9ctricos para el mundo laboral, destacando que conforme a lo conversado con la autoridad, se crear\u00e1n nuevas oportunidades para grupos que se implementar\u00e1n durante este a\u00f1o 2012. Al mismo tiempo D\u00edaz destac\u00f3 que se implementar\u00e1 una fase superior para potenciar a los titulados como especialistas en soldaduras especiales, lo que es muy cotizado en el Mercado debido a la escasez de este tipo de profesionales.<\/p>\n<p>El Alcalde de Rinconada, Juan Galdames, asegur\u00f3 que seguir\u00e1 con el proceso de preparaci\u00f3n de la gente, porque est\u00e1n convencidos junto al Concejo Municipal, que esta es una forma de mejorar las remuneraciones de los trabajadores, entregando oportunidades que le abrir\u00e1n nuevas perspectivas laborales, con capacitaciones de calidad, con organismos de prestigio que ayuden a potenciar sus capacidades para enfrentar la vida del trabajo.<\/p>\n<p>Los Alumnos iniciaron el proceso de clases durante el a\u00f1o 2011, traslad\u00e1ndose todos los s\u00e1bados a Valpara\u00edso con la finalidad de ampliar sus conocimientos en clases practicas, gener\u00e1ndose todas las clases te\u00f3ricas en las dependencias de la Escuela Perfecto de la Fuente de Rinconada. Cabe destacar que el Municipio entreg\u00f3 a los Alumnos gratuitamente todo el curso, como tambi\u00e9n los materiales requeridos para la ense\u00f1anza exigido por la Universidad Federico Santa Mar\u00eda.<\/p>\n","protected":false},"excerpt":{"rendered":"<p>LOS ANDES.- Medio centenar de personas de la comuna, recibieron sus t\u00edtulos que los confirma como profesionales del Proceso de Capacitaci\u00f3n Comunal que impulsa el Alcalde Juan Galdames Carmona, en el convenio&#8230;<\/p>\n","protected":false},"author":482,"featured_media":19196,"comment_status":"open","ping_status":"closed","sticky":false,"template":"","format":"standard","meta":{"advanced_seo_description":"","jetpack_seo_html_title":"","jetpack_seo_noindex":false,"_jetpack_memberships_contains_paid_content":false,"footnotes":""},"categories":[1],"tags":[],"class_list":["post-19195","post","type-post","status-publish","format-standard","has-post-thumbnail","hentry","category-cronica"],"jetpack_featured_media_url":"https:\/\/i0.wp.com\/eltrabajo.cl\/portal\/wp-content\/uploads\/2012\/06\/Curso-soldadores1.jpg?fit=600%2C400&ssl=1","jetpack_sharing_enabled":true,"jetpack_likes_enabled":true,"jetpack-related-posts":[],"_links":{"self":[{"href":"https:\/\/eltrabajo.cl\/portal\/wp-json\/wp\/v2\/posts\/19195","targetHints":{"allow":["GET"]}}],"collection":[{"href":"https:\/\/eltrabajo.cl\/portal\/wp-json\/wp\/v2\/posts"}],"about":[{"href":"https:\/\/eltrabajo.cl\/portal\/wp-json\/wp\/v2\/types\/post"}],"author":[{"embeddable":true,"href":"https:\/\/eltrabajo.cl\/portal\/wp-json\/wp\/v2\/users\/482"}],"replies":[{"embeddable":true,"href":"https:\/\/eltrabajo.cl\/portal\/wp-json\/wp\/v2\/comments?post=19195"}],"version-history":[{"count":0,"href":"https:\/\/eltrabajo.cl\/portal\/wp-json\/wp\/v2\/posts\/19195\/revisions"}],"wp:featuredmedia":[{"embeddable":true,"href":"https:\/\/eltrabajo.cl\/portal\/wp-json\/wp\/v2\/media\/19196"}],"wp:attachment":[{"href":"https:\/\/eltrabajo.cl\/portal\/wp-json\/wp\/v2\/media?parent=19195"}],"wp:term":[{"taxonomy":"category","embeddable":true,"href":"https:\/\/eltrabajo.cl\/portal\/wp-json\/wp\/v2\/categories?post=19195"},{"taxonomy":"post_tag","embeddable":true,"href":"https:\/\/eltrabajo.cl\/portal\/wp-json\/wp\/v2\/tags?post=19195"}],"curies":[{"name":"wp","href":"https:\/\/api.w.org\/{rel}","templated":true}]}}