{"id":19199,"date":"2012-06-11T10:40:33","date_gmt":"2012-06-11T14:40:33","guid":{"rendered":"http:\/\/www.eltrabajo.cl\/portal\/?p=19199"},"modified":"2012-06-11T10:42:10","modified_gmt":"2012-06-11T14:42:10","slug":"cesfam-senda-previene-y-estudiantes-celebraron-el-25%c2%ba-dia-mundial-sin-tabaco","status":"publish","type":"post","link":"https:\/\/eltrabajo.cl\/portal\/cesfam-senda-previene-y-estudiantes-celebraron-el-25%c2%ba-dia-mundial-sin-tabaco\/","title":{"rendered":"Cesfam, Senda Previene y estudiantes celebraron el 25\u00ba D\u00eda Mundial sin Tabaco"},"content":{"rendered":"<figure id=\"attachment_19200\" aria-describedby=\"caption-attachment-19200\" style=\"width: 600px\" class=\"wp-caption alignnone\"><a href=\"http:\/\/www.eltrabajo.cl\/portal\/2012\/06\/cesfam-senda-previene-y-estudiantes-celebraron-el-25%c2%ba-dia-mundial-sin-tabaco\/senda2-2\/\" rel=\"attachment wp-att-19200\"><img data-recalc-dims=\"1\" loading=\"lazy\" decoding=\"async\" class=\"size-full wp-image-19200\" title=\"Senda2\" src=\"https:\/\/i0.wp.com\/www.eltrabajo.cl\/portal\/wp-content\/uploads\/2012\/06\/Senda2.jpg?resize=600%2C386\" alt=\"\" width=\"600\" height=\"386\" srcset=\"https:\/\/i0.wp.com\/eltrabajo.cl\/portal\/wp-content\/uploads\/2012\/06\/Senda2.jpg?w=600&amp;ssl=1 600w, https:\/\/i0.wp.com\/eltrabajo.cl\/portal\/wp-content\/uploads\/2012\/06\/Senda2.jpg?resize=200%2C128&amp;ssl=1 200w, https:\/\/i0.wp.com\/eltrabajo.cl\/portal\/wp-content\/uploads\/2012\/06\/Senda2.jpg?resize=300%2C193&amp;ssl=1 300w, https:\/\/i0.wp.com\/eltrabajo.cl\/portal\/wp-content\/uploads\/2012\/06\/Senda2.jpg?resize=150%2C96&amp;ssl=1 150w, https:\/\/i0.wp.com\/eltrabajo.cl\/portal\/wp-content\/uploads\/2012\/06\/Senda2.jpg?resize=400%2C257&amp;ssl=1 400w\" sizes=\"auto, (max-width: 600px) 100vw, 600px\" \/><\/a><figcaption id=\"caption-attachment-19200\" class=\"wp-caption-text\">Todos los participantes unieron esfuerzos para alertar a los llaylla\u00ednos sobre la importancia que tiene para todos, el no fumar.<\/figcaption><\/figure>\n<p><strong>LLAY LLAY.-<\/strong> Con una din\u00e1mica intervenci\u00f3n ciudadana de profesionales y estudiantes, el Cesfam, Senda Previene, OPD y representantes de establecimientos educacionales, iniciaron el mes de la prevenci\u00f3n, difundiendo los da\u00f1os ocasionados por el consumo de cigarrillo, a ra\u00edz de la reciente celebraci\u00f3n del 25\u00ba \u2018D\u00eda Mundial sin Tabaco\u2019, conmemorada el 31 de mayo.<\/p>\n<p>En la oportunidad, entusiastas alumnos y alumnas de las escuelas focalizadas, \u2018H\u00e9roes de Iquique\u2019 y \u2018Herminia Ortega\u2019, expusieron paneles informativos especialmente confeccionados por ellos y la ayuda de sus profesores, en donde expusieron sobre los da\u00f1os del tabaco y sus consecuencias en la salud, a ra\u00edz de que en Chile, entre otros da\u00f1os, cada d\u00eda mueren 44 personas a causa del consumo de esta droga legal.<\/p>\n<figure id=\"attachment_19204\" aria-describedby=\"caption-attachment-19204\" style=\"width: 300px\" class=\"wp-caption alignright\"><a href=\"http:\/\/www.eltrabajo.cl\/portal\/2012\/06\/cesfam-senda-previene-y-estudiantes-celebraron-el-25%c2%ba-dia-mundial-sin-tabaco\/senda1-2\/\" rel=\"attachment wp-att-19204\"><img data-recalc-dims=\"1\" loading=\"lazy\" decoding=\"async\" class=\"size-medium wp-image-19204\" title=\"Senda1\" src=\"https:\/\/i0.wp.com\/www.eltrabajo.cl\/portal\/wp-content\/uploads\/2012\/06\/Senda1-300x190.jpg?resize=300%2C190\" alt=\"\" width=\"300\" height=\"190\" srcset=\"https:\/\/i0.wp.com\/eltrabajo.cl\/portal\/wp-content\/uploads\/2012\/06\/Senda1.jpg?resize=300%2C190&amp;ssl=1 300w, https:\/\/i0.wp.com\/eltrabajo.cl\/portal\/wp-content\/uploads\/2012\/06\/Senda1.jpg?resize=200%2C127&amp;ssl=1 200w, https:\/\/i0.wp.com\/eltrabajo.cl\/portal\/wp-content\/uploads\/2012\/06\/Senda1.jpg?resize=150%2C95&amp;ssl=1 150w, https:\/\/i0.wp.com\/eltrabajo.cl\/portal\/wp-content\/uploads\/2012\/06\/Senda1.jpg?resize=400%2C254&amp;ssl=1 400w, https:\/\/i0.wp.com\/eltrabajo.cl\/portal\/wp-content\/uploads\/2012\/06\/Senda1.jpg?w=600&amp;ssl=1 600w\" sizes=\"auto, (max-width: 300px) 100vw, 300px\" \/><\/a><figcaption id=\"caption-attachment-19204\" class=\"wp-caption-text\">El \u2018D\u00eda Mundial sin tabaco\u2019 que se celebra el 31 de mayo desde 1987.<\/figcaption><\/figure>\n<p>As\u00ed tambi\u00e9n, concientizados previamente por sus profesoras, con gran entusiasmo y compromiso, los alumnos repartieron volantes a los transe\u00fantes con informaci\u00f3n referida a los da\u00f1os del tabaco, mitos sobre su consumo y mensajes sobre lo importante que es no fumar. Tambi\u00e9n asistieron a presenciar la actividad alumnos de establecimientos cercanos a la Plaza Arturo Prat, quienes visitaron el lugar y analizaron la llamativa informaci\u00f3n expuesta en los paneles en donde se daban a conocer con im\u00e1genes y datos cient\u00edficos, los da\u00f1os del tabaco en el organismo humano.<\/p>\n<p>\u201cEn el marco del inicio del Mes de la Prevenci\u00f3n que es junio, y tomando la conmemoraci\u00f3n del \u2018D\u00eda Mundial sin tabaco\u2019 que se celebra el 31 de mayo, es muy importante para nosotros como Senda Previene, el poder relevar la importancia de prevenir el consumo de tabaco en la poblaci\u00f3n y promover una vida saludable en apoyo a la labor del Cesfam, ya que especialmente en los adolescentes, el tabaco suele ser la primera droga legal que se consume, y en ocasiones es la puerta de entrada a otras sustancias m\u00e1s nocivas para la salud de los j\u00f3venes\u201d, se\u00f1ala Paola Silva, coordinadora del Programa Senda Previene de Llay Llay.<\/p>\n<p>El compromiso demostrado por los alumnos en esta actividad, refleja que con el apoyo de sus profesores, e instituciones involucradas, son capaces de contribuir de manera muy significativa a estas instancias de prevenci\u00f3n, permiti\u00e9ndoles ser participes y protagonistas de la formaci\u00f3n ciudadana de la poblaci\u00f3n, lo que fue muy valorado por las profesoras que participaron apoyando a esta actividad.<\/p>\n","protected":false},"excerpt":{"rendered":"<p>LLAY LLAY.- Con una din\u00e1mica intervenci\u00f3n ciudadana de profesionales y estudiantes, el Cesfam, Senda Previene, OPD y representantes de establecimientos educacionales, iniciaron el mes de la prevenci\u00f3n, difundiendo los da\u00f1os ocasionados por&#8230;<\/p>\n","protected":false},"author":482,"featured_media":19200,"comment_status":"open","ping_status":"closed","sticky":false,"template":"","format":"standard","meta":{"advanced_seo_description":"","jetpack_seo_html_title":"","jetpack_seo_noindex":false,"_jetpack_memberships_contains_paid_content":false,"footnotes":""},"categories":[15],"tags":[],"class_list":["post-19199","post","type-post","status-publish","format-standard","has-post-thumbnail","hentry","category-comunidad"],"jetpack_featured_media_url":"https:\/\/i0.wp.com\/eltrabajo.cl\/portal\/wp-content\/uploads\/2012\/06\/Senda2.jpg?fit=600%2C386&ssl=1","jetpack_sharing_enabled":true,"jetpack_likes_enabled":true,"jetpack-related-posts":[],"_links":{"self":[{"href":"https:\/\/eltrabajo.cl\/portal\/wp-json\/wp\/v2\/posts\/19199","targetHints":{"allow":["GET"]}}],"collection":[{"href":"https:\/\/eltrabajo.cl\/portal\/wp-json\/wp\/v2\/posts"}],"about":[{"href":"https:\/\/eltrabajo.cl\/portal\/wp-json\/wp\/v2\/types\/post"}],"author":[{"embeddable":true,"href":"https:\/\/eltrabajo.cl\/portal\/wp-json\/wp\/v2\/users\/482"}],"replies":[{"embeddable":true,"href":"https:\/\/eltrabajo.cl\/portal\/wp-json\/wp\/v2\/comments?post=19199"}],"version-history":[{"count":0,"href":"https:\/\/eltrabajo.cl\/portal\/wp-json\/wp\/v2\/posts\/19199\/revisions"}],"wp:featuredmedia":[{"embeddable":true,"href":"https:\/\/eltrabajo.cl\/portal\/wp-json\/wp\/v2\/media\/19200"}],"wp:attachment":[{"href":"https:\/\/eltrabajo.cl\/portal\/wp-json\/wp\/v2\/media?parent=19199"}],"wp:term":[{"taxonomy":"category","embeddable":true,"href":"https:\/\/eltrabajo.cl\/portal\/wp-json\/wp\/v2\/categories?post=19199"},{"taxonomy":"post_tag","embeddable":true,"href":"https:\/\/eltrabajo.cl\/portal\/wp-json\/wp\/v2\/tags?post=19199"}],"curies":[{"name":"wp","href":"https:\/\/api.w.org\/{rel}","templated":true}]}}