{"id":19207,"date":"2012-06-11T10:43:39","date_gmt":"2012-06-11T14:43:39","guid":{"rendered":"http:\/\/www.eltrabajo.cl\/portal\/?p=19207"},"modified":"2012-06-11T10:43:39","modified_gmt":"2012-06-11T14:43:39","slug":"llaman-a-repletar-la-plaza-en-repudio-a-derechos-de-agua-dados-a-guardia-vieja","status":"publish","type":"post","link":"https:\/\/eltrabajo.cl\/portal\/llaman-a-repletar-la-plaza-en-repudio-a-derechos-de-agua-dados-a-guardia-vieja\/","title":{"rendered":"Llaman a repletar la plaza en repudio a derechos de agua dados a Guardia Vieja"},"content":{"rendered":"<figure id=\"attachment_19208\" aria-describedby=\"caption-attachment-19208\" style=\"width: 300px\" class=\"wp-caption alignleft\"><a href=\"http:\/\/www.eltrabajo.cl\/portal\/2012\/06\/llaman-a-repletar-la-plaza-en-repudio-a-derechos-de-agua-dados-a-guardia-vieja\/miguel-vega-2\/\" rel=\"attachment wp-att-19208\"><img data-recalc-dims=\"1\" loading=\"lazy\" decoding=\"async\" class=\"size-medium wp-image-19208\" title=\"miguel vega\" src=\"https:\/\/i0.wp.com\/www.eltrabajo.cl\/portal\/wp-content\/uploads\/2012\/06\/miguel-vega1-300x209.jpg?resize=300%2C209\" alt=\"\" width=\"300\" height=\"209\" srcset=\"https:\/\/i0.wp.com\/eltrabajo.cl\/portal\/wp-content\/uploads\/2012\/06\/miguel-vega1.jpg?resize=300%2C209&amp;ssl=1 300w, https:\/\/i0.wp.com\/eltrabajo.cl\/portal\/wp-content\/uploads\/2012\/06\/miguel-vega1.jpg?resize=200%2C139&amp;ssl=1 200w, https:\/\/i0.wp.com\/eltrabajo.cl\/portal\/wp-content\/uploads\/2012\/06\/miguel-vega1.jpg?resize=150%2C104&amp;ssl=1 150w, https:\/\/i0.wp.com\/eltrabajo.cl\/portal\/wp-content\/uploads\/2012\/06\/miguel-vega1.jpg?resize=400%2C279&amp;ssl=1 400w, https:\/\/i0.wp.com\/eltrabajo.cl\/portal\/wp-content\/uploads\/2012\/06\/miguel-vega1.jpg?w=600&amp;ssl=1 600w\" sizes=\"auto, (max-width: 300px) 100vw, 300px\" \/><\/a><figcaption id=\"caption-attachment-19208\" class=\"wp-caption-text\">Miguel Vega, presidente de la Junta de Vigilancia del R\u00edo Putaendo.<\/figcaption><\/figure>\n<p><strong>PUTAENDO.-<\/strong> Un en\u00e9rgico llamado a la comunidad organizada, vecinos, regantes y organizaciones para repletar la plaza de la comuna el pr\u00f3ximo martes, cuando se realice la importante reuni\u00f3n acordada con la presencia de autoridades regionales y nacionales para tratar de solucionar el grave problema que hoy tiene el futuro embalse Chacrillas, realizaron el presidente de la Junta de Vigilancia del R\u00edo Putaendo, Miguel Vega, y el Alcalde Guillermo Reyes.<\/p>\n<p>Miguel Vega manifest\u00f3 su molestia pues no lograba a\u00fan comprender como se les dijo una cosa delante de la Senadora Lily P\u00e9rez y luego el mismo funcionario habr\u00eda autorizado los derechos de las aguas, solicitando a la comunidad que se pronuncie en forma pac\u00edfica pero en\u00e9rgica el pr\u00f3ximo martes en la plaza de la comuna, para que las autoridades sepan que Putaendo est\u00e1 unido en esta lucha que afecta a toda la comuna y no a un solo grupo de personas.<\/p>\n<p>En tanto Guillermo Reyes dijo que \u201cPutaendo est\u00e1 en estado de guerra\u201d y que esperaba que la comunidad replete la plaza de la comuna para que las autoridades puedan o\u00edr el abucheo de la comunidad y sientan la presi\u00f3n que todos los Putaendinos quieren manifestar, adelantando que si es necesario recurrir a la violencia en el caso extremo para evitar que esta empresa se instale al interior de los Patos, est\u00e1 dispuesto a hacerlo pues no permitir\u00e1n que la familia Matte se instale en Los Patos a ocupar el agua que es de los putaendinos, para el embalse que es un sue\u00f1o de todos que hoy se puede esfumar por la inconsecuencia de un par de funcionarios que asegur\u00f3 deben ser destituidos por el presidente Sebastian Pi\u00f1era.<\/p>\n<p><strong>ESTAR UNIDOS<\/strong><\/p>\n<p>Por su parte la Concejal Silvia Arancibia hizo un llamado a la comunidad a estar unidos ante el grave problema que est\u00e1 ocurriendo por los derechos de agua entregados a la hidroel\u00e9ctrica Guardia Vieja.<\/p>\n<p>Arancibia se\u00f1al\u00f3 que le parec\u00eda sumamente grave lo ocurrido, agregando que sin importar quienes sean los responsables, \u00e9stos debieran renunciar a sus cargos pues la situaci\u00f3n era muy grave y as\u00ed lo ameritaba, asegurando que el hecho de ser partidaria del gobierno del Presidente Sebastian Pi\u00f1era no significaba que no criticar\u00eda y tapar\u00eda estos tremendos errores.<\/p>\n<p>\u201cAqu\u00ed alguien debe responder y con sus puestos, esto es muy grave y no tiene nombre lo que ha ocurrido. Estoy clara que alguien no supo hacer bien su trabajo y nos perjudic\u00f3, pero no se trata de un simple error, estamos consternados porque no es posible que se est\u00e9 construyendo este tremendo embalse y no tengamos agua para llenarlo, por lo que es muy importante que trabajemos todos unido para buscar una soluci\u00f3n ojala r\u00e1pida y clara a este problema\u201d, se\u00f1al\u00f3 Silvia Arancibia.<\/p>\n<p><strong>Patricio Gallardo M.<\/strong><\/p>\n","protected":false},"excerpt":{"rendered":"<p>PUTAENDO.- Un en\u00e9rgico llamado a la comunidad organizada, vecinos, regantes y organizaciones para repletar la plaza de la comuna el pr\u00f3ximo martes, cuando se realice la importante reuni\u00f3n acordada con la presencia&#8230;<\/p>\n","protected":false},"author":482,"featured_media":19208,"comment_status":"open","ping_status":"closed","sticky":false,"template":"","format":"standard","meta":{"advanced_seo_description":"","jetpack_seo_html_title":"","jetpack_seo_noindex":false,"_jetpack_memberships_contains_paid_content":false,"footnotes":""},"categories":[1],"tags":[],"class_list":["post-19207","post","type-post","status-publish","format-standard","has-post-thumbnail","hentry","category-cronica"],"jetpack_featured_media_url":"https:\/\/i0.wp.com\/eltrabajo.cl\/portal\/wp-content\/uploads\/2012\/06\/miguel-vega1.jpg?fit=600%2C419&ssl=1","jetpack_sharing_enabled":true,"jetpack_likes_enabled":true,"jetpack-related-posts":[],"_links":{"self":[{"href":"https:\/\/eltrabajo.cl\/portal\/wp-json\/wp\/v2\/posts\/19207","targetHints":{"allow":["GET"]}}],"collection":[{"href":"https:\/\/eltrabajo.cl\/portal\/wp-json\/wp\/v2\/posts"}],"about":[{"href":"https:\/\/eltrabajo.cl\/portal\/wp-json\/wp\/v2\/types\/post"}],"author":[{"embeddable":true,"href":"https:\/\/eltrabajo.cl\/portal\/wp-json\/wp\/v2\/users\/482"}],"replies":[{"embeddable":true,"href":"https:\/\/eltrabajo.cl\/portal\/wp-json\/wp\/v2\/comments?post=19207"}],"version-history":[{"count":0,"href":"https:\/\/eltrabajo.cl\/portal\/wp-json\/wp\/v2\/posts\/19207\/revisions"}],"wp:featuredmedia":[{"embeddable":true,"href":"https:\/\/eltrabajo.cl\/portal\/wp-json\/wp\/v2\/media\/19208"}],"wp:attachment":[{"href":"https:\/\/eltrabajo.cl\/portal\/wp-json\/wp\/v2\/media?parent=19207"}],"wp:term":[{"taxonomy":"category","embeddable":true,"href":"https:\/\/eltrabajo.cl\/portal\/wp-json\/wp\/v2\/categories?post=19207"},{"taxonomy":"post_tag","embeddable":true,"href":"https:\/\/eltrabajo.cl\/portal\/wp-json\/wp\/v2\/tags?post=19207"}],"curies":[{"name":"wp","href":"https:\/\/api.w.org\/{rel}","templated":true}]}}