{"id":19211,"date":"2012-06-11T10:46:24","date_gmt":"2012-06-11T14:46:24","guid":{"rendered":"http:\/\/www.eltrabajo.cl\/portal\/?p=19211"},"modified":"2012-06-11T10:46:24","modified_gmt":"2012-06-11T14:46:24","slug":"detenidos-con-armamento-aclaran-hecho-en-que-fueron-involucrados","status":"publish","type":"post","link":"https:\/\/eltrabajo.cl\/portal\/detenidos-con-armamento-aclaran-hecho-en-que-fueron-involucrados\/","title":{"rendered":"Detenidos con armamento aclaran hecho en que fueron involucrados"},"content":{"rendered":"<figure id=\"attachment_19212\" aria-describedby=\"caption-attachment-19212\" style=\"width: 300px\" class=\"wp-caption alignleft\"><a href=\"http:\/\/www.eltrabajo.cl\/portal\/2012\/06\/detenidos-con-armamento-aclaran-hecho-en-que-fueron-involucrados\/inocentes1\/\" rel=\"attachment wp-att-19212\"><img data-recalc-dims=\"1\" loading=\"lazy\" decoding=\"async\" class=\"size-medium wp-image-19212\" title=\"Inocentes1\" src=\"https:\/\/i0.wp.com\/www.eltrabajo.cl\/portal\/wp-content\/uploads\/2012\/06\/Inocentes1-300x206.jpg?resize=300%2C206\" alt=\"\" width=\"300\" height=\"206\" srcset=\"https:\/\/i0.wp.com\/eltrabajo.cl\/portal\/wp-content\/uploads\/2012\/06\/Inocentes1.jpg?resize=300%2C206&amp;ssl=1 300w, https:\/\/i0.wp.com\/eltrabajo.cl\/portal\/wp-content\/uploads\/2012\/06\/Inocentes1.jpg?resize=200%2C137&amp;ssl=1 200w, https:\/\/i0.wp.com\/eltrabajo.cl\/portal\/wp-content\/uploads\/2012\/06\/Inocentes1.jpg?resize=150%2C103&amp;ssl=1 150w, https:\/\/i0.wp.com\/eltrabajo.cl\/portal\/wp-content\/uploads\/2012\/06\/Inocentes1.jpg?resize=400%2C274&amp;ssl=1 400w, https:\/\/i0.wp.com\/eltrabajo.cl\/portal\/wp-content\/uploads\/2012\/06\/Inocentes1.jpg?w=600&amp;ssl=1 600w\" sizes=\"auto, (max-width: 300px) 100vw, 300px\" \/><\/a><figcaption id=\"caption-attachment-19212\" class=\"wp-caption-text\">Benjam\u00edn Ricardo Gonz\u00e1lez Henr\u00edquez  y Mario Antonio Pizarro (derecha, propietario de las armas), hablaron con Diario El Trabajo para hacer p\u00fablica su versi\u00f3n de los hechos.<\/figcaption><\/figure>\n<p><strong>PUTAENDO.-<\/strong> En libertad tras comprobar que la mayor parte de las armas que hallaron en su poder hab\u00edan sido adquiridas legalmente, quedaron los tres detenidos en el procedimiento registrado al interior de El Manzano por personal de la SIP de Carabineros, dos de los cuales no visitaron para entregar su versi\u00f3n de los hechos, donde desmintieron categ\u00f3ricamente la versi\u00f3n entregada por la Polic\u00eda uniformada.<\/p>\n<p>Mario Antonio Pizarro \u00c1ngel y Benjam\u00edn Ricardo Gonz\u00e1lez Henr\u00edquez, ambos con domicilio en el sector de El Manzano, aseguraron a Diario El Trabajo que ellos fueron detenidos cerca de las siete de la ma\u00f1ana por efectivos de la SIP, que andaban en busca de Claudio Sebasti\u00e1n Henr\u00edquez, agregando que no ser\u00eda efectivo que uno de ellos huy\u00f3 a caballo, pues en realidad y seg\u00fan asegur\u00f3, s\u00f3lo tom\u00f3 el caballo para ir en busca de su carn\u00e9 de identidad que no ten\u00eda en ese momento, lo cual se le habr\u00eda explicado a los efectivos policiales. Los afectados aseguran que los polic\u00edas allanaron dos viviendas en el sector de El Manzano, amedrentando a los due\u00f1os de casa, quienes les hab\u00edan facilitado dependencias de un corral para pernoctar con su ganado caprino, agregando que fueron esposados, insultados y amenazados y\u00a0 que Carabineros tuvo un muy mal trato con ellos, que incluso colaboraron se\u00f1alando que ten\u00edan un rev\u00f3lver en otra vivienda, el que seg\u00fan documentaci\u00f3n exhibida, estar\u00eda inscrito y con toda la documentaci\u00f3n en regla.<\/p>\n<p>Benjam\u00edn Gonz\u00e1lez dice que los efectivos policiales no otorgaron ninguna facilidad para ver como resguardaban el ganado caprino, el que qued\u00f3 literalmente botado y no ha sido recuperado en su totalidad, a pesar de que los mismos lugare\u00f1os trataron de evitar que el ganado se dispersara. Gonz\u00e1lez a\u00f1adi\u00f3 que ellos se encontraban cuidando cabras, que ellos no son delincuentes y que no merec\u00edan el trato que recibieron.<\/p>\n<figure id=\"attachment_19213\" aria-describedby=\"caption-attachment-19213\" style=\"width: 300px\" class=\"wp-caption alignright\"><a href=\"http:\/\/www.eltrabajo.cl\/portal\/2012\/06\/detenidos-con-armamento-aclaran-hecho-en-que-fueron-involucrados\/incautan-armamento-guerra-6-2\/\" rel=\"attachment wp-att-19213\"><img data-recalc-dims=\"1\" loading=\"lazy\" decoding=\"async\" class=\"size-medium wp-image-19213\" title=\"incautan armamento guerra (6)\" src=\"https:\/\/i0.wp.com\/www.eltrabajo.cl\/portal\/wp-content\/uploads\/2012\/06\/incautan-armamento-guerra-61-300x225.jpg?resize=300%2C225\" alt=\"\" width=\"300\" height=\"225\" srcset=\"https:\/\/i0.wp.com\/eltrabajo.cl\/portal\/wp-content\/uploads\/2012\/06\/incautan-armamento-guerra-61.jpg?resize=300%2C225&amp;ssl=1 300w, https:\/\/i0.wp.com\/eltrabajo.cl\/portal\/wp-content\/uploads\/2012\/06\/incautan-armamento-guerra-61.jpg?resize=200%2C150&amp;ssl=1 200w, https:\/\/i0.wp.com\/eltrabajo.cl\/portal\/wp-content\/uploads\/2012\/06\/incautan-armamento-guerra-61.jpg?resize=150%2C112&amp;ssl=1 150w, https:\/\/i0.wp.com\/eltrabajo.cl\/portal\/wp-content\/uploads\/2012\/06\/incautan-armamento-guerra-61.jpg?resize=400%2C300&amp;ssl=1 400w, https:\/\/i0.wp.com\/eltrabajo.cl\/portal\/wp-content\/uploads\/2012\/06\/incautan-armamento-guerra-61.jpg?w=600&amp;ssl=1 600w\" sizes=\"auto, (max-width: 300px) 100vw, 300px\" \/><\/a><figcaption id=\"caption-attachment-19213\" class=\"wp-caption-text\">El fusil m\u00e1user y la munici\u00f3n encontrada en su poder, por lo cual fueron detenidos por la SIP de Carabineros y dejados en libertad por el tribunal.<\/figcaption><\/figure>\n<p>Mario Antonio Pizarro, propietario de las armas, dijo que el fusil Mauser fue comprado en una armer\u00eda de Puente Alto con toda la documentaci\u00f3n en regla, documentaci\u00f3n que fue exhibida por su parte a los efectivos de la SIP, pero que no consideraron. Lo que si fue revisado y comprendido por el Tribunal que lo dej\u00f3 en libertad, pues pudo comprobar que sus armas, a excepci\u00f3n de la escopeta 12 mil\u00edmetros, est\u00e1n debidamente inscritas y que esta \u00faltima arma fue adquirida a un vecino que falleci\u00f3 antes de hacer la transferencia, y que es la \u00fanica arma que no tiene documentos, por lo que querer hacer parecer que aqu\u00ed se decomisaron armas de guerra le parec\u00eda una insensatez, pues las armas las ocupan para cuidar su ganado y no para cometer il\u00edcitos como se les quiso decir.<\/p>\n<p>Diario El Trabajo tuvo a la vista los documentos originales que acreditan la procedencia del rev\u00f3lver y del fusil M\u00e1user que efectivamente fue comprado en una armer\u00eda de Puente Alto por la suma de $250.000, compra realizada\u00a0 por Mario Antonio Pizarro.<\/p>\n<p><strong>Patricio Gallardo.<\/strong><\/p>\n","protected":false},"excerpt":{"rendered":"<p>PUTAENDO.- En libertad tras comprobar que la mayor parte de las armas que hallaron en su poder hab\u00edan sido adquiridas legalmente, quedaron los tres detenidos en el procedimiento registrado al interior de&#8230;<\/p>\n","protected":false},"author":482,"featured_media":19212,"comment_status":"open","ping_status":"closed","sticky":false,"template":"","format":"standard","meta":{"advanced_seo_description":"","jetpack_seo_html_title":"","jetpack_seo_noindex":false,"_jetpack_memberships_contains_paid_content":false,"footnotes":""},"categories":[15],"tags":[],"class_list":["post-19211","post","type-post","status-publish","format-standard","has-post-thumbnail","hentry","category-comunidad"],"jetpack_featured_media_url":"https:\/\/i0.wp.com\/eltrabajo.cl\/portal\/wp-content\/uploads\/2012\/06\/Inocentes1.jpg?fit=600%2C412&ssl=1","jetpack_sharing_enabled":true,"jetpack_likes_enabled":true,"jetpack-related-posts":[],"_links":{"self":[{"href":"https:\/\/eltrabajo.cl\/portal\/wp-json\/wp\/v2\/posts\/19211","targetHints":{"allow":["GET"]}}],"collection":[{"href":"https:\/\/eltrabajo.cl\/portal\/wp-json\/wp\/v2\/posts"}],"about":[{"href":"https:\/\/eltrabajo.cl\/portal\/wp-json\/wp\/v2\/types\/post"}],"author":[{"embeddable":true,"href":"https:\/\/eltrabajo.cl\/portal\/wp-json\/wp\/v2\/users\/482"}],"replies":[{"embeddable":true,"href":"https:\/\/eltrabajo.cl\/portal\/wp-json\/wp\/v2\/comments?post=19211"}],"version-history":[{"count":0,"href":"https:\/\/eltrabajo.cl\/portal\/wp-json\/wp\/v2\/posts\/19211\/revisions"}],"wp:featuredmedia":[{"embeddable":true,"href":"https:\/\/eltrabajo.cl\/portal\/wp-json\/wp\/v2\/media\/19212"}],"wp:attachment":[{"href":"https:\/\/eltrabajo.cl\/portal\/wp-json\/wp\/v2\/media?parent=19211"}],"wp:term":[{"taxonomy":"category","embeddable":true,"href":"https:\/\/eltrabajo.cl\/portal\/wp-json\/wp\/v2\/categories?post=19211"},{"taxonomy":"post_tag","embeddable":true,"href":"https:\/\/eltrabajo.cl\/portal\/wp-json\/wp\/v2\/tags?post=19211"}],"curies":[{"name":"wp","href":"https:\/\/api.w.org\/{rel}","templated":true}]}}