{"id":19216,"date":"2012-06-11T10:48:01","date_gmt":"2012-06-11T14:48:01","guid":{"rendered":"http:\/\/www.eltrabajo.cl\/portal\/?p=19216"},"modified":"2012-06-11T10:48:01","modified_gmt":"2012-06-11T14:48:01","slug":"alcalde-reyes-%e2%80%9cpor-la-buenas-o-las-malas-vamos-a-ganar-esta-pelea%e2%80%9d","status":"publish","type":"post","link":"https:\/\/eltrabajo.cl\/portal\/alcalde-reyes-%e2%80%9cpor-la-buenas-o-las-malas-vamos-a-ganar-esta-pelea%e2%80%9d\/","title":{"rendered":"Alcalde Reyes: \u201cPor la buenas o las malas vamos a ganar \u00e9sta pelea\u201d"},"content":{"rendered":"<figure id=\"attachment_19217\" aria-describedby=\"caption-attachment-19217\" style=\"width: 300px\" class=\"wp-caption alignleft\"><a href=\"http:\/\/www.eltrabajo.cl\/portal\/2012\/06\/alcalde-reyes-%e2%80%9cpor-la-buenas-o-las-malas-vamos-a-ganar-esta-pelea%e2%80%9d\/alcalde-guillermo-reyes-en-embalse-chacrillas\/\" rel=\"attachment wp-att-19217\"><img data-recalc-dims=\"1\" loading=\"lazy\" decoding=\"async\" class=\"size-medium wp-image-19217\" title=\"Alcalde Guillermo Reyes- en embalse Chacrillas\" src=\"https:\/\/i0.wp.com\/www.eltrabajo.cl\/portal\/wp-content\/uploads\/2012\/06\/Alcalde-Guillermo-Reyes-en-embalse-Chacrillas-300x200.jpg?resize=300%2C200\" alt=\"\" width=\"300\" height=\"200\" srcset=\"https:\/\/i0.wp.com\/eltrabajo.cl\/portal\/wp-content\/uploads\/2012\/06\/Alcalde-Guillermo-Reyes-en-embalse-Chacrillas.jpg?resize=300%2C200&amp;ssl=1 300w, https:\/\/i0.wp.com\/eltrabajo.cl\/portal\/wp-content\/uploads\/2012\/06\/Alcalde-Guillermo-Reyes-en-embalse-Chacrillas.jpg?resize=200%2C133&amp;ssl=1 200w, https:\/\/i0.wp.com\/eltrabajo.cl\/portal\/wp-content\/uploads\/2012\/06\/Alcalde-Guillermo-Reyes-en-embalse-Chacrillas.jpg?resize=150%2C100&amp;ssl=1 150w, https:\/\/i0.wp.com\/eltrabajo.cl\/portal\/wp-content\/uploads\/2012\/06\/Alcalde-Guillermo-Reyes-en-embalse-Chacrillas.jpg?resize=400%2C266&amp;ssl=1 400w, https:\/\/i0.wp.com\/eltrabajo.cl\/portal\/wp-content\/uploads\/2012\/06\/Alcalde-Guillermo-Reyes-en-embalse-Chacrillas.jpg?w=600&amp;ssl=1 600w\" sizes=\"auto, (max-width: 300px) 100vw, 300px\" \/><\/a><figcaption id=\"caption-attachment-19217\" class=\"wp-caption-text\">Guillermo Reyes Cortez, Alcalde de Putaendo.<\/figcaption><\/figure>\n<p><strong>PUTAENDO.-<\/strong> Como una avalancha recibieron los putaendinos la noticia de que la Direcci\u00f3n General de Aguas (DGA) en febrero de este a\u00f1o, hab\u00eda resuelto favorablemente la petici\u00f3n de Hidroel\u00e9ctrica Guardia Vieja S.A., de tener \u2018Derechos de Aprovechamiento de uso no consuntivo de aguas superficiales y corrientes del R\u00edo Roc\u00edn\u2019. Situaci\u00f3n que mantiene en pie de guerra a autoridades comunales, regantes y comunidad en general, quienes exigen la destituci\u00f3n del Director Regional de la DGA y una intervenci\u00f3n directa del Presidente de la Rep\u00fablica, Sebasti\u00e1n Pi\u00f1era.<\/p>\n<p>\u201cLa situaci\u00f3n es grav\u00edsima para los habitantes de la comuna de Putaendo, quienes se sienten enga\u00f1ados, burlados y pr\u00e1cticamente timados por la Direcci\u00f3n de Aguas V regi\u00f3n y la subsidiaria de Colb\u00fan S.A. de propiedad de la familia Matte, quienes \u2018irregularmente\u2019 se adue\u00f1aron de las aguas del R\u00edo Roc\u00edn, que llenar\u00eda el embalse Chacrillas, pudiendo desviar las aguas de la a\u00f1orada construcci\u00f3n, seis kil\u00f3metros aguas arriba del embalse y devolvi\u00e9ndola 3 kil\u00f3metros debajo de la represa\u201d,asegur\u00f3 Reyes en un comunicado de Prensa.<\/p>\n<p>Para Guillermo Reyes, \u00e9sta es una situaci\u00f3n extremadamente grave, en donde se enga\u00f1\u00f3 al Presidente Sebasti\u00e1n Pi\u00f1era. \u201cNo creo que \u00e9l est\u00e9 de acuerdo que un proyecto esperado por todos, emblem\u00e1tico para el Gobierno, \u00fanico embalse en construcci\u00f3n en nuestro pa\u00eds y que \u00e9l mismo diera inicio asistiendo a la primera tronadura, sea puesto en riesgo por un funcionario de su Administraci\u00f3n, que le entreg\u00f3 el agua a una empresa privada\u201d, reclam\u00f3 el edil de Putaendo.<\/p>\n<p>A trav\u00e9s de comunicados de prensa, la Gobernadora de la Provincia de San Felipe, Patricia Boffa, indic\u00f3 que el embalse Chacrillas por ning\u00fan motivo estaba en riesgo y que como Gobierno, le buscar\u00e1n una soluci\u00f3n, \u201cest\u00e1 la voluntad de hacerlo y como siempre, vamos a dar la cara. Aqu\u00ed no hay nada en riesgo, hemos peleado por casi 45 a\u00f1os para tener un embalse y no va a ser \u00e9ste \u2018impass\u2019 el que nos perjudique\u201d, afirm\u00f3 Boffa, quien de pasadita reclam\u00f3 que \u00e9sta era otra herencia dejada por la Concertaci\u00f3n, reiterando que todo se llevar\u00e1 a cabo como estaba programado.<\/p>\n<p>Recordemos que tal y como lo informar\u00e1 el presidente de la Junta de Vigilancia del R\u00edo Putaendo Miguel Vega, ellos se enteraron reci\u00e9n el d\u00eda lunes pasado, que la empresa Hidroel\u00e9ctrica Guardia Vieja hab\u00eda obtenido los Derechos de Agua el 14 de diciembre del a\u00f1o 2011 (seg\u00fan la informaci\u00f3n de la Notario y Conservador de bienes ra\u00edces de Putaendo, Evelyn Lolas Chab\u00e1n, la Escritura P\u00fablica fue suscrita el 22 de febrero de 2012), m\u00e1s de cinco meses despu\u00e9s de iniciadas las obras del embalse, imposibilitando que la Junta de Vigilancia &#8211; que estaba solicitando estos Derechos de Agua \u2013 \u00a0pudiera firmar dos importantes convenios, uno con la empresa alemana GPE para la construcci\u00f3n de dos centrales hidroel\u00e9ctricas, y otro, con la Direcci\u00f3n de Obras Hidr\u00e1ulicas (DOH), para ensanchar el tubo de evacuaci\u00f3n de las aguas del embalse Chacrillas.<\/p>\n<p>Para el Alcalde Reyes, \u00e9sta es la amenaza m\u00e1s grande que ha tenido Putaendo, \u201cpor \u00e9sta raz\u00f3n no comparto las declaraciones, de que esto se arreglar\u00e1 en los pr\u00f3ximos d\u00edas\u201d, manifest\u00f3 el jefe comunal, quien agreg\u00f3 que s\u00f3lo confiar\u00eda en el Presidente Sebasti\u00e1n Pi\u00f1era para solucionar este problema, \u201c\u00bfC\u00f3mo vamos a depositar la soluci\u00f3n de \u00e9ste tema en quienes lo provocaron?, tengo derecho a dudar y a se\u00f1alar que solamente con Miguel Vega y su Directiva, yo como Alcalde, el Concejo Municipal, los regantes organizados y la comunidad, reci\u00e9n vamos a descansar cuando se levante la inscripci\u00f3n de ese derecho de aguas otorgado a Hidroel\u00e9ctrica Guardia Vieja en el Conservador de Bienes Ra\u00edces de Putaendo\u201d, asegur\u00f3 Reyes.<\/p>\n<p>\u00a0\u201cMi rol es jugar un papel importante de acompa\u00f1amiento, de unidad con la Junta de Vigilancia y nuestros parlamentarios, para que saquemos adelante este tema por la v\u00eda que sea\u201d, indic\u00f3 Reyes, quien aunque manifest\u00f3 su mayor disposici\u00f3n por el di\u00e1logo, fue enf\u00e1tico en se\u00f1alar que como pueblo, van a luchar con la convicci\u00f3n de que nuevamente ganar\u00e1n al igual como lo han hecho con otras tem\u00e1ticas que los han afectado como comuna. \u201cNos vamos a unir y luchar para que nadie nos prive de un embalse que nos cost\u00f3 tanto construir, es por eso que les quiero decir, tanto a los putaendinos y a la familia Matte, que \u00e9sta pelea la vamos a ganar por la buenas o por las malas\u201d, sentenci\u00f3 Reyes.<\/p>\n<p>La m\u00e1xima autoridad comunal, en una entrevista otorgada a la radio local Fmvida, realiz\u00f3 un llamado a la unidad de todos los entes pol\u00edticos de la comuna, Concejo Municipal, dirigentes sociales, regantes y vecinos en general, para que \u00e9ste martes 12 de junio al medio d\u00eda, repleten el centro de Putaendo y manifiesten su descontento contra los responsables de este suceso que podr\u00eda poner en riesgo, no precisamente la construcci\u00f3n del embalse, sino el agua que lo llenar\u00eda (evidentemente un embalse sin agua no es de mucha utilidad), reclam\u00f3 Guillermo Reyes.<\/p>\n","protected":false},"excerpt":{"rendered":"<p>PUTAENDO.- Como una avalancha recibieron los putaendinos la noticia de que la Direcci\u00f3n General de Aguas (DGA) en febrero de este a\u00f1o, hab\u00eda resuelto favorablemente la petici\u00f3n de Hidroel\u00e9ctrica Guardia Vieja S.A.,&#8230;<\/p>\n","protected":false},"author":482,"featured_media":19217,"comment_status":"open","ping_status":"closed","sticky":false,"template":"","format":"standard","meta":{"advanced_seo_description":"","jetpack_seo_html_title":"","jetpack_seo_noindex":false,"_jetpack_memberships_contains_paid_content":false,"footnotes":""},"categories":[1],"tags":[],"class_list":["post-19216","post","type-post","status-publish","format-standard","has-post-thumbnail","hentry","category-cronica"],"jetpack_featured_media_url":"https:\/\/i0.wp.com\/eltrabajo.cl\/portal\/wp-content\/uploads\/2012\/06\/Alcalde-Guillermo-Reyes-en-embalse-Chacrillas.jpg?fit=600%2C400&ssl=1","jetpack_sharing_enabled":true,"jetpack_likes_enabled":true,"jetpack-related-posts":[],"_links":{"self":[{"href":"https:\/\/eltrabajo.cl\/portal\/wp-json\/wp\/v2\/posts\/19216","targetHints":{"allow":["GET"]}}],"collection":[{"href":"https:\/\/eltrabajo.cl\/portal\/wp-json\/wp\/v2\/posts"}],"about":[{"href":"https:\/\/eltrabajo.cl\/portal\/wp-json\/wp\/v2\/types\/post"}],"author":[{"embeddable":true,"href":"https:\/\/eltrabajo.cl\/portal\/wp-json\/wp\/v2\/users\/482"}],"replies":[{"embeddable":true,"href":"https:\/\/eltrabajo.cl\/portal\/wp-json\/wp\/v2\/comments?post=19216"}],"version-history":[{"count":0,"href":"https:\/\/eltrabajo.cl\/portal\/wp-json\/wp\/v2\/posts\/19216\/revisions"}],"wp:featuredmedia":[{"embeddable":true,"href":"https:\/\/eltrabajo.cl\/portal\/wp-json\/wp\/v2\/media\/19217"}],"wp:attachment":[{"href":"https:\/\/eltrabajo.cl\/portal\/wp-json\/wp\/v2\/media?parent=19216"}],"wp:term":[{"taxonomy":"category","embeddable":true,"href":"https:\/\/eltrabajo.cl\/portal\/wp-json\/wp\/v2\/categories?post=19216"},{"taxonomy":"post_tag","embeddable":true,"href":"https:\/\/eltrabajo.cl\/portal\/wp-json\/wp\/v2\/tags?post=19216"}],"curies":[{"name":"wp","href":"https:\/\/api.w.org\/{rel}","templated":true}]}}