{"id":19220,"date":"2012-06-11T10:49:30","date_gmt":"2012-06-11T14:49:30","guid":{"rendered":"http:\/\/www.eltrabajo.cl\/portal\/?p=19220"},"modified":"2012-06-11T10:49:30","modified_gmt":"2012-06-11T14:49:30","slug":"miel-y-nueces-de-aconcagua-conquistan-mercados-de-europa-y-asia","status":"publish","type":"post","link":"https:\/\/eltrabajo.cl\/portal\/miel-y-nueces-de-aconcagua-conquistan-mercados-de-europa-y-asia\/","title":{"rendered":"Miel y nueces de Aconcagua conquistan mercados de Europa y Asia"},"content":{"rendered":"<figure id=\"attachment_19221\" aria-describedby=\"caption-attachment-19221\" style=\"width: 300px\" class=\"wp-caption alignleft\"><a href=\"http:\/\/www.eltrabajo.cl\/portal\/2012\/06\/miel-y-nueces-de-aconcagua-conquistan-mercados-de-europa-y-asia\/ernesto-gallardo-abejas-miel\/\" rel=\"attachment wp-att-19221\"><img data-recalc-dims=\"1\" loading=\"lazy\" decoding=\"async\" class=\"size-medium wp-image-19221\" title=\"Ernesto Gallardo -abejas miel\" src=\"https:\/\/i0.wp.com\/www.eltrabajo.cl\/portal\/wp-content\/uploads\/2012\/06\/Ernesto-Gallardo-abejas-miel-300x225.jpg?resize=300%2C225\" alt=\"\" width=\"300\" height=\"225\" srcset=\"https:\/\/i0.wp.com\/eltrabajo.cl\/portal\/wp-content\/uploads\/2012\/06\/Ernesto-Gallardo-abejas-miel.jpg?resize=300%2C225&amp;ssl=1 300w, https:\/\/i0.wp.com\/eltrabajo.cl\/portal\/wp-content\/uploads\/2012\/06\/Ernesto-Gallardo-abejas-miel.jpg?resize=200%2C150&amp;ssl=1 200w, https:\/\/i0.wp.com\/eltrabajo.cl\/portal\/wp-content\/uploads\/2012\/06\/Ernesto-Gallardo-abejas-miel.jpg?resize=150%2C112&amp;ssl=1 150w, https:\/\/i0.wp.com\/eltrabajo.cl\/portal\/wp-content\/uploads\/2012\/06\/Ernesto-Gallardo-abejas-miel.jpg?resize=400%2C300&amp;ssl=1 400w, https:\/\/i0.wp.com\/eltrabajo.cl\/portal\/wp-content\/uploads\/2012\/06\/Ernesto-Gallardo-abejas-miel.jpg?w=600&amp;ssl=1 600w\" sizes=\"auto, (max-width: 300px) 100vw, 300px\" \/><\/a><figcaption id=\"caption-attachment-19221\" class=\"wp-caption-text\">La Apicultura es un trabajo de cuidado y mucha paciencia, hay a\u00f1os en los que nada se produce, hay otros en que la situaci\u00f3n mejora y se gana mucho. Ernesto Gallardo produce miel desde hace muchos a\u00f1os en La Troya. (Foto Archivo)<\/figcaption><\/figure>\n<p>Desde ahora las nueces y la miel de peque\u00f1os productores del Valle de Aconcagua, llegar\u00e1n a conquistar el paladar de los europeos y asi\u00e1ticos, gracias al Programa de Alianzas Productivas de Indap. Se trata de 45 usuarios de este servicio del agro que podr\u00e1n, entre otras cosas, recibir asesor\u00eda t\u00e9cnica y fortalecer la comercializaci\u00f3n de sus productos. Estas dos nuevas alianzas productivas se concretaron con la Exportadora Huertos del Valle S.A. y con Agro Ap\u00edcola Pac\u00edfico Sur S.A., que se dedican a la comercializaci\u00f3n de nueces y miel respectivamente. Ambas empresas est\u00e1n vinculadas con Indap a trav\u00e9s de alianzas anteriores.<\/p>\n<p>En el caso de las nueces, la alianza se gener\u00f3 con 30 agricultores, usuarios en su mayor\u00eda del Programa de Desarrollo Local, Prodesal, de Calle Larga y Putaendo que podr\u00e1n comercializar sus productos con pa\u00edses como Suiza, Alemania, Portugal, Italia, Espa\u00f1a, Turqu\u00eda, Emiratos \u00c1rabe y Brasil. El monto de esta alianza es de m\u00e1s de 19 millones de d\u00f3lares.<\/p>\n<p>En tanto, la alianza ap\u00edcola, se concret\u00f3 con\u00a015 apicultores del Valle de Aconcagua que podr\u00e1n exportar sus productos a Francia y Alemania, adem\u00e1s de prospectar mercados a Inglaterra y B\u00e9lgica.\u00a0El monto total de esta alianza es de $22.085.284.<\/p>\n<p><strong>COMERCIALIZACI\u00d3N<\/strong><\/p>\n<p>Seg\u00fan Ariel Zuleta, Jefe de Fomento de Indap, estas alianzas benefician a los agricultores b\u00e1sicamente en mejorar la comercializaci\u00f3n de sus productos: \u201cIndap lo que est\u00e1 haciendo es fortalecer toda la cadena de producci\u00f3n a trav\u00e9s de la relaci\u00f3n empresa-proveedor. Invertimos en los peque\u00f1os agricultores para que sus productos puedan salir a los mercados formales, a un mejor precio, con mayor estabilidad y con menos intermediarios. Mejoramos las condiciones de sus sistemas productivos, para que generen un producto de acuerdo a las condiciones y exigencias de los mercados externos\u201d, indic\u00f3 Zuleta.<\/p>\n<p>El Director Regional de Indap, Alejandro Peirano, por su parte expres\u00f3 que \u201ca trav\u00e9s de este instrumento de Indap se generan adem\u00e1s, asesor\u00edas t\u00e9cnicas principalmente en gesti\u00f3n comercial y en gesti\u00f3n productiva, para que los peque\u00f1os agricultores optimicen la producci\u00f3n y puedan exportar en mejores condiciones\u201d, explic\u00f3 Peirano.<\/p>\n<p>Actualmente Indap Regi\u00f3n Valpara\u00edso, est\u00e1 trabajando con ocho alianzas productivas y se espera pr\u00f3ximamente concretar otras cuatro m\u00e1s, con lo que se llegar\u00eda a doce alianzas en la regi\u00f3n, con m\u00e1s de 280 agricultores beneficiados, que es la meta que se ha planteado este servicio del Agro para el 2012.<\/p>\n","protected":false},"excerpt":{"rendered":"<p>Desde ahora las nueces y la miel de peque\u00f1os productores del Valle de Aconcagua, llegar\u00e1n a conquistar el paladar de los europeos y asi\u00e1ticos, gracias al Programa de Alianzas Productivas de Indap&#8230;.<\/p>\n","protected":false},"author":482,"featured_media":19221,"comment_status":"open","ping_status":"closed","sticky":false,"template":"","format":"standard","meta":{"advanced_seo_description":"","jetpack_seo_html_title":"","jetpack_seo_noindex":false,"_jetpack_memberships_contains_paid_content":false,"footnotes":""},"categories":[1],"tags":[],"class_list":["post-19220","post","type-post","status-publish","format-standard","has-post-thumbnail","hentry","category-cronica"],"jetpack_featured_media_url":"https:\/\/i0.wp.com\/eltrabajo.cl\/portal\/wp-content\/uploads\/2012\/06\/Ernesto-Gallardo-abejas-miel.jpg?fit=600%2C450&ssl=1","jetpack_sharing_enabled":true,"jetpack_likes_enabled":true,"jetpack-related-posts":[],"_links":{"self":[{"href":"https:\/\/eltrabajo.cl\/portal\/wp-json\/wp\/v2\/posts\/19220","targetHints":{"allow":["GET"]}}],"collection":[{"href":"https:\/\/eltrabajo.cl\/portal\/wp-json\/wp\/v2\/posts"}],"about":[{"href":"https:\/\/eltrabajo.cl\/portal\/wp-json\/wp\/v2\/types\/post"}],"author":[{"embeddable":true,"href":"https:\/\/eltrabajo.cl\/portal\/wp-json\/wp\/v2\/users\/482"}],"replies":[{"embeddable":true,"href":"https:\/\/eltrabajo.cl\/portal\/wp-json\/wp\/v2\/comments?post=19220"}],"version-history":[{"count":0,"href":"https:\/\/eltrabajo.cl\/portal\/wp-json\/wp\/v2\/posts\/19220\/revisions"}],"wp:featuredmedia":[{"embeddable":true,"href":"https:\/\/eltrabajo.cl\/portal\/wp-json\/wp\/v2\/media\/19221"}],"wp:attachment":[{"href":"https:\/\/eltrabajo.cl\/portal\/wp-json\/wp\/v2\/media?parent=19220"}],"wp:term":[{"taxonomy":"category","embeddable":true,"href":"https:\/\/eltrabajo.cl\/portal\/wp-json\/wp\/v2\/categories?post=19220"},{"taxonomy":"post_tag","embeddable":true,"href":"https:\/\/eltrabajo.cl\/portal\/wp-json\/wp\/v2\/tags?post=19220"}],"curies":[{"name":"wp","href":"https:\/\/api.w.org\/{rel}","templated":true}]}}