{"id":19257,"date":"2012-06-12T09:19:46","date_gmt":"2012-06-12T13:19:46","guid":{"rendered":"http:\/\/www.eltrabajo.cl\/portal\/?p=19257"},"modified":"2012-06-12T09:19:47","modified_gmt":"2012-06-12T13:19:47","slug":"microbuseros-cobraran-tarifa-normal-a-estudiantes-que-no-tengan-la-tne","status":"publish","type":"post","link":"https:\/\/eltrabajo.cl\/portal\/microbuseros-cobraran-tarifa-normal-a-estudiantes-que-no-tengan-la-tne\/","title":{"rendered":"Microbuseros cobrar\u00e1n tarifa normal a estudiantes que no tengan la TNE"},"content":{"rendered":"<figure id=\"attachment_19258\" aria-describedby=\"caption-attachment-19258\" style=\"width: 300px\" class=\"wp-caption alignleft\"><a href=\"http:\/\/www.eltrabajo.cl\/portal\/2012\/06\/microbuseros-cobraran-tarifa-normal-a-estudiantes-que-no-tengan-la-tne\/justo-ayala-2\/\" rel=\"attachment wp-att-19258\"><img data-recalc-dims=\"1\" loading=\"lazy\" decoding=\"async\" class=\"size-medium wp-image-19258\" title=\"justo ayala (2)\" src=\"https:\/\/i0.wp.com\/www.eltrabajo.cl\/portal\/wp-content\/uploads\/2012\/06\/justo-ayala-2-300x225.jpg?resize=300%2C225\" alt=\"\" width=\"300\" height=\"225\" srcset=\"https:\/\/i0.wp.com\/eltrabajo.cl\/portal\/wp-content\/uploads\/2012\/06\/justo-ayala-2.jpg?resize=300%2C225&amp;ssl=1 300w, https:\/\/i0.wp.com\/eltrabajo.cl\/portal\/wp-content\/uploads\/2012\/06\/justo-ayala-2.jpg?resize=200%2C150&amp;ssl=1 200w, https:\/\/i0.wp.com\/eltrabajo.cl\/portal\/wp-content\/uploads\/2012\/06\/justo-ayala-2.jpg?resize=150%2C112&amp;ssl=1 150w, https:\/\/i0.wp.com\/eltrabajo.cl\/portal\/wp-content\/uploads\/2012\/06\/justo-ayala-2.jpg?resize=400%2C300&amp;ssl=1 400w, https:\/\/i0.wp.com\/eltrabajo.cl\/portal\/wp-content\/uploads\/2012\/06\/justo-ayala-2.jpg?w=600&amp;ssl=1 600w\" sizes=\"auto, (max-width: 300px) 100vw, 300px\" \/><\/a><figcaption id=\"caption-attachment-19258\" class=\"wp-caption-text\">Justo Ayala se\u00f1al\u00f3 que ellos est\u00e1n actuando de acuerdo a la ley, y que el estudiante que no cuente con la TNE deber\u00e1 pagar la tarifa normal.<\/figcaption><\/figure>\n<p>Dirigentes aclararon que en esta zona no rige la pr\u00f3rroga que se estableci\u00f3 en Valpara\u00edso hasta el mes de junio para el uso de la TNE del a\u00f1o pasado.<\/p>\n<p>Debido a una serie de reclamos que han estampado los estudiantes del valle de Aconcagua, respecto del uso de la tarjeta TNE que les permite contar con una tarifa escolar rebajada, y a varios problemas que han protagonizado estudiantes y choferes, los dirigentes de la Federaci\u00f3n de Buses del Aconcagua salieron a aclarar lo que ellos calificaron como mal entendido respecto a la renovaci\u00f3n de esta tarjera.<\/p>\n<p>El presidente de Buses Puma, Justo Ayala, record\u00f3 que el 31 de mayo venci\u00f3 el plazo para renovar la TNE en todo el pa\u00eds. Y aunque en la \u00faltima semana se firm\u00f3 un acuerdo en Valpara\u00edso con los empresarios urbanos y conductores de esa zona, para mantener la vigencia de la tarjeta hasta que los estudiantes cuenten con la de este a\u00f1o, ese acuerdo s\u00f3lo rige en el gran Valpara\u00edso.<\/p>\n<p>\u201cA nosotros como Quinta Regi\u00f3n esa pr\u00f3rroga no nos corre, por lo tanto nosotros nos hemos ajustado espec\u00edficamente a la Ley en que la TNE venci\u00f3 el 31 de mayo y a contar del d\u00eda siguiente el estudiante que no la tiene actualizada o no la porta, est\u00e1 obligado a cancelar el pasaje completo\u201d, dijo Ayala.<\/p>\n<p>El dirigente record\u00f3 a los usuarios que el beneficio de mantener una tarifa escolar lo entrega el gremio del transporte, no recibiendo ning\u00fan subsidio directo que los beneficie en los gastos que tienen, dijo Ayala.<\/p>\n<p>\u201cPorque los subsidios que hemos recibido hasta este momento, que no guardan ninguna relaci\u00f3n con lo que se le entrega al Transantiago y a las otras empresas licitadas, va directamente a los estudiantes, porque en el evento que nosotros recibimos subsidio, autom\u00e1ticamente tenemos que bajar la tarifa escolar, y de hecho fue as\u00ed porque de acuerdo al Decreto 45 nosotros debi\u00e9ramos cobrar por concepto de tarifa escolar el 40% de la tarifa adulta m\u00e1s alta del trazado que est\u00e1 ocupando el estudiante\u201d.<\/p>\n<p>Colocando un ejemplo, Ayala dijo que en el tramo a Llay-Llay la tarifa m\u00e1s alta son mil pesos, por lo tanto la tarifa escolar, de acuerdo a la ley, debiera ser 400 pesos, pero ellos cobraban 250 pesos. Ayala recuerda que posteriormente les lleg\u00f3 un subsidio, se\u00f1alando que se deb\u00eda bajar la tarifa a 33%, lo que corresponder\u00eda a 330 pesos.<\/p>\n<p>Ayala dijo que ellos se encuentran ajustados a la ley, y que se mantendr\u00e1n en ese orden, a pesar de los reclamos que ya han hecho llegar los usuarios, y critic\u00f3 a los alumnos se\u00f1alando que \u201cha habido dejaci\u00f3n de los estudiantes de hacer el tr\u00e1mite oportunamente\u201d.<\/p>\n","protected":false},"excerpt":{"rendered":"<p>Dirigentes aclararon que en esta zona no rige la pr\u00f3rroga que se estableci\u00f3 en Valpara\u00edso hasta el mes de junio para el uso de la TNE del a\u00f1o pasado. Debido a una&#8230;<\/p>\n","protected":false},"author":1,"featured_media":19258,"comment_status":"open","ping_status":"closed","sticky":false,"template":"","format":"standard","meta":{"advanced_seo_description":"","jetpack_seo_html_title":"","jetpack_seo_noindex":false,"_jetpack_memberships_contains_paid_content":false,"footnotes":""},"categories":[1],"tags":[],"class_list":["post-19257","post","type-post","status-publish","format-standard","has-post-thumbnail","hentry","category-cronica"],"jetpack_featured_media_url":"https:\/\/i0.wp.com\/eltrabajo.cl\/portal\/wp-content\/uploads\/2012\/06\/justo-ayala-2.jpg?fit=600%2C451&ssl=1","jetpack_sharing_enabled":true,"jetpack_likes_enabled":true,"jetpack-related-posts":[],"_links":{"self":[{"href":"https:\/\/eltrabajo.cl\/portal\/wp-json\/wp\/v2\/posts\/19257","targetHints":{"allow":["GET"]}}],"collection":[{"href":"https:\/\/eltrabajo.cl\/portal\/wp-json\/wp\/v2\/posts"}],"about":[{"href":"https:\/\/eltrabajo.cl\/portal\/wp-json\/wp\/v2\/types\/post"}],"author":[{"embeddable":true,"href":"https:\/\/eltrabajo.cl\/portal\/wp-json\/wp\/v2\/users\/1"}],"replies":[{"embeddable":true,"href":"https:\/\/eltrabajo.cl\/portal\/wp-json\/wp\/v2\/comments?post=19257"}],"version-history":[{"count":0,"href":"https:\/\/eltrabajo.cl\/portal\/wp-json\/wp\/v2\/posts\/19257\/revisions"}],"wp:featuredmedia":[{"embeddable":true,"href":"https:\/\/eltrabajo.cl\/portal\/wp-json\/wp\/v2\/media\/19258"}],"wp:attachment":[{"href":"https:\/\/eltrabajo.cl\/portal\/wp-json\/wp\/v2\/media?parent=19257"}],"wp:term":[{"taxonomy":"category","embeddable":true,"href":"https:\/\/eltrabajo.cl\/portal\/wp-json\/wp\/v2\/categories?post=19257"},{"taxonomy":"post_tag","embeddable":true,"href":"https:\/\/eltrabajo.cl\/portal\/wp-json\/wp\/v2\/tags?post=19257"}],"curies":[{"name":"wp","href":"https:\/\/api.w.org\/{rel}","templated":true}]}}