{"id":19266,"date":"2012-06-12T09:30:52","date_gmt":"2012-06-12T13:30:52","guid":{"rendered":"http:\/\/www.eltrabajo.cl\/portal\/?p=19266"},"modified":"2012-06-12T09:30:52","modified_gmt":"2012-06-12T13:30:52","slug":"core-aprueba-inversion-para-cambiar-ascensores-de-la-gobernacion","status":"publish","type":"post","link":"https:\/\/eltrabajo.cl\/portal\/core-aprueba-inversion-para-cambiar-ascensores-de-la-gobernacion\/","title":{"rendered":"Core aprueba inversi\u00f3n para cambiar ascensores de la Gobernaci\u00f3n"},"content":{"rendered":"<figure id=\"attachment_19267\" aria-describedby=\"caption-attachment-19267\" style=\"width: 600px\" class=\"wp-caption alignnone\"><a href=\"http:\/\/www.eltrabajo.cl\/portal\/2012\/06\/core-aprueba-inversion-para-cambiar-ascensores-de-la-gobernacion\/ascensor-gobernacion\/\" rel=\"attachment wp-att-19267\"><img data-recalc-dims=\"1\" loading=\"lazy\" decoding=\"async\" class=\"size-full wp-image-19267\" title=\"ascensor gobernacion\" src=\"https:\/\/i0.wp.com\/www.eltrabajo.cl\/portal\/wp-content\/uploads\/2012\/06\/ascensor-gobernacion.jpg?resize=600%2C450\" alt=\"\" width=\"600\" height=\"450\" srcset=\"https:\/\/i0.wp.com\/eltrabajo.cl\/portal\/wp-content\/uploads\/2012\/06\/ascensor-gobernacion.jpg?w=600&amp;ssl=1 600w, https:\/\/i0.wp.com\/eltrabajo.cl\/portal\/wp-content\/uploads\/2012\/06\/ascensor-gobernacion.jpg?resize=200%2C150&amp;ssl=1 200w, https:\/\/i0.wp.com\/eltrabajo.cl\/portal\/wp-content\/uploads\/2012\/06\/ascensor-gobernacion.jpg?resize=300%2C225&amp;ssl=1 300w, https:\/\/i0.wp.com\/eltrabajo.cl\/portal\/wp-content\/uploads\/2012\/06\/ascensor-gobernacion.jpg?resize=150%2C112&amp;ssl=1 150w, https:\/\/i0.wp.com\/eltrabajo.cl\/portal\/wp-content\/uploads\/2012\/06\/ascensor-gobernacion.jpg?resize=400%2C300&amp;ssl=1 400w\" sizes=\"auto, (max-width: 600px) 100vw, 600px\" \/><\/a><figcaption id=\"caption-attachment-19267\" class=\"wp-caption-text\">Con una inversi\u00f3n de 81 millones de pesos, se podr\u00e1 finalmente cambiar los dos ascensores del edificio de los Servicios P\u00fablicos de San Felipe, quedando uno especialmente para minusv\u00e1lidos.<\/figcaption><\/figure>\n<p>Gracias a una inversi\u00f3n que alcanza los 81 millones de pesos, ser\u00e1 posible despu\u00e9s de muchos a\u00f1os renovar los ascensores del edificio que alberga a diversos servicios p\u00fablicos en San Felipe.<\/p>\n<p>Los dos ascensores que se encuentran ubicados en ese lugar, son los originales y funcionan desde que se construy\u00f3 el edificio, por el a\u00f1o 1975, por lo que presentan una serie de problemas, provocando incluso que algunas personas hayan quedado encerradas al momento de subir o bajar a realizar alg\u00fan tr\u00e1mite.<\/p>\n<p>El jueves pasado, en el pleno del Gobierno Regional, se acord\u00f3 la aprobaci\u00f3n de este proyecto, lo que implica el cambio de los dos ascensores y agrandar la caja de uno de ellos para dejarlo habilitado para minusv\u00e1lidos.<\/p>\n<p>\u201cSon ascensores de \u00faltima generaci\u00f3n los que se han cotizado. La verdad que estamos muy contentos, porque muchos gobernadores hicieron esfuerzos para poder cumplir con este objetivo de cambiar los ascensores, pero debo reconocer que la Gobernadora Patricia Boffa tuvo la capacidad de generar un proyecto en seis meses, obtener la recomendaci\u00f3n t\u00e9cnica y aprobar los recursos para este importante objetivo\u201d, dijo el Consejero Regional, Iv\u00e1n Reyes.<\/p>\n<p>Dentro del proyecto se encuentra la propuesta de un ascensor especial para minusv\u00e1lidos, lo que implicar\u00e1 ampliar una de las cajas paran instalarlo y que de esa manera las personas con alguna discapacidad puedan acceder c\u00f3modamente a todos los pisos y realizar sus tr\u00e1mites.<\/p>\n<p>Seg\u00fan explic\u00f3 adem\u00e1s el consejero, ahora se debe realizar todo el proceso administrativo, para posteriormente realizar la firma de convenio de mandato. Luego deber\u00e1 ir a la Contralor\u00eda, entidad que toma raz\u00f3n del proyecto y lo devuelve a la Intendencia para realizar posteriormente la licitaci\u00f3n. Eso significar\u00e1 en que unos 60 d\u00edas m\u00e1s podr\u00eda estar llam\u00e1ndose a licitaci\u00f3n para ejecutar esta importante obra.<\/p>\n<p>&nbsp;<\/p>\n<p><strong>GOBERNADORA DE SAN FELIPE<\/strong><\/p>\n<p>Por su parte la Gobernadora Patricia Boffa agradeci\u00f3 las gestiones realizadas por el Intendente Regional y los consejeros Iv\u00e1n Reyes y Nelson Contador, para lograr el financiamiento de los 81 millones de pesos que demanda el proyecto.<\/p>\n<p>\u201cQuiero agradecer al Intendente y al Gobierno Regional, espec\u00edficamente a los Consejeros Reyes y Contador, que me ayudaron y apoyaron en lograr la asignaci\u00f3n de los recursos, para poder obtener estos dos nuevos ascensores, que creo que en un plazo de 90 d\u00edas ser\u00e1n ya una realidad en nuestra Gobernaci\u00f3n\u201d.<\/p>\n<p>Agreg\u00f3 Boffa que si bien la empresa OTIS, encargada de la mantenci\u00f3n de los ascensores, de manera constante efect\u00faa reparaciones a los motores y otros accesorios, sin embargo su funcionamiento es bastante limitado, lo que obliga a que queden constantemente fuera de servicio, generando una serie de reclamos y molestias por parte de la comunidad, sobre todo de aquellas personas que acuden hasta los pisos 6\u00b0 y 7\u00b0 donde se ubica la Inspecci\u00f3n del Trabajo y la Junta Nacional de Auxilio Escolar y Becas.<\/p>\n<p>Agreg\u00f3 finalmente la Gobernadora, que al cambio de los ascensores se debe agregar las gestiones que est\u00e1 realizando la autoridad para lograr el pintado completo del edificio y el hermoseamiento de la actual plaza c\u00edvica.<\/p>\n","protected":false},"excerpt":{"rendered":"<p>Gracias a una inversi\u00f3n que alcanza los 81 millones de pesos, ser\u00e1 posible despu\u00e9s de muchos a\u00f1os renovar los ascensores del edificio que alberga a diversos servicios p\u00fablicos en San Felipe. Los&#8230;<\/p>\n","protected":false},"author":1,"featured_media":19267,"comment_status":"open","ping_status":"closed","sticky":false,"template":"","format":"standard","meta":{"advanced_seo_description":"","jetpack_seo_html_title":"","jetpack_seo_noindex":false,"_jetpack_memberships_contains_paid_content":false,"footnotes":""},"categories":[1],"tags":[],"class_list":["post-19266","post","type-post","status-publish","format-standard","has-post-thumbnail","hentry","category-cronica"],"jetpack_featured_media_url":"https:\/\/i0.wp.com\/eltrabajo.cl\/portal\/wp-content\/uploads\/2012\/06\/ascensor-gobernacion.jpg?fit=600%2C450&ssl=1","jetpack_sharing_enabled":true,"jetpack_likes_enabled":true,"jetpack-related-posts":[],"_links":{"self":[{"href":"https:\/\/eltrabajo.cl\/portal\/wp-json\/wp\/v2\/posts\/19266","targetHints":{"allow":["GET"]}}],"collection":[{"href":"https:\/\/eltrabajo.cl\/portal\/wp-json\/wp\/v2\/posts"}],"about":[{"href":"https:\/\/eltrabajo.cl\/portal\/wp-json\/wp\/v2\/types\/post"}],"author":[{"embeddable":true,"href":"https:\/\/eltrabajo.cl\/portal\/wp-json\/wp\/v2\/users\/1"}],"replies":[{"embeddable":true,"href":"https:\/\/eltrabajo.cl\/portal\/wp-json\/wp\/v2\/comments?post=19266"}],"version-history":[{"count":0,"href":"https:\/\/eltrabajo.cl\/portal\/wp-json\/wp\/v2\/posts\/19266\/revisions"}],"wp:featuredmedia":[{"embeddable":true,"href":"https:\/\/eltrabajo.cl\/portal\/wp-json\/wp\/v2\/media\/19267"}],"wp:attachment":[{"href":"https:\/\/eltrabajo.cl\/portal\/wp-json\/wp\/v2\/media?parent=19266"}],"wp:term":[{"taxonomy":"category","embeddable":true,"href":"https:\/\/eltrabajo.cl\/portal\/wp-json\/wp\/v2\/categories?post=19266"},{"taxonomy":"post_tag","embeddable":true,"href":"https:\/\/eltrabajo.cl\/portal\/wp-json\/wp\/v2\/tags?post=19266"}],"curies":[{"name":"wp","href":"https:\/\/api.w.org\/{rel}","templated":true}]}}