{"id":19270,"date":"2012-06-12T09:36:07","date_gmt":"2012-06-12T13:36:07","guid":{"rendered":"http:\/\/www.eltrabajo.cl\/portal\/?p=19270"},"modified":"2012-06-12T09:36:07","modified_gmt":"2012-06-12T13:36:07","slug":"%e2%80%98municipio-mas-cerca-de-ti%e2%80%99-este-miercoles-en-poblacion-cristo-redentor","status":"publish","type":"post","link":"https:\/\/eltrabajo.cl\/portal\/%e2%80%98municipio-mas-cerca-de-ti%e2%80%99-este-miercoles-en-poblacion-cristo-redentor\/","title":{"rendered":"\u2018Municipio m\u00e1s Cerca de Ti\u2019 este mi\u00e9rcoles en Poblaci\u00f3n Cristo Redentor"},"content":{"rendered":"<figure id=\"attachment_19271\" aria-describedby=\"caption-attachment-19271\" style=\"width: 600px\" class=\"wp-caption alignnone\"><a href=\"http:\/\/www.eltrabajo.cl\/portal\/2012\/06\/%e2%80%98municipio-mas-cerca-de-ti%e2%80%99-este-miercoles-en-poblacion-cristo-redentor\/a-de-ercilla\/\" rel=\"attachment wp-att-19271\"><img data-recalc-dims=\"1\" loading=\"lazy\" decoding=\"async\" class=\"size-full wp-image-19271\" title=\"A. DE ERCILLA\" src=\"https:\/\/i0.wp.com\/www.eltrabajo.cl\/portal\/wp-content\/uploads\/2012\/06\/A.-DE-ERCILLA.jpg?resize=600%2C400\" alt=\"\" width=\"600\" height=\"400\" srcset=\"https:\/\/i0.wp.com\/eltrabajo.cl\/portal\/wp-content\/uploads\/2012\/06\/A.-DE-ERCILLA.jpg?w=600&amp;ssl=1 600w, https:\/\/i0.wp.com\/eltrabajo.cl\/portal\/wp-content\/uploads\/2012\/06\/A.-DE-ERCILLA.jpg?resize=200%2C133&amp;ssl=1 200w, https:\/\/i0.wp.com\/eltrabajo.cl\/portal\/wp-content\/uploads\/2012\/06\/A.-DE-ERCILLA.jpg?resize=300%2C200&amp;ssl=1 300w, https:\/\/i0.wp.com\/eltrabajo.cl\/portal\/wp-content\/uploads\/2012\/06\/A.-DE-ERCILLA.jpg?resize=150%2C100&amp;ssl=1 150w, https:\/\/i0.wp.com\/eltrabajo.cl\/portal\/wp-content\/uploads\/2012\/06\/A.-DE-ERCILLA.jpg?resize=400%2C266&amp;ssl=1 400w\" sizes=\"auto, (max-width: 600px) 100vw, 600px\" \/><\/a><figcaption id=\"caption-attachment-19271\" class=\"wp-caption-text\">La semana pasada fue el turno de la Poblaci\u00f3n Alonso de Ercilla, donde se realizaron unas 400 atenciones desde el cuidado personal en las \u00e1reas de peluquer\u00eda y manicure, hasta tr\u00e1mites para obtener el subsidio del agua potable.<\/figcaption><\/figure>\n<p><strong>LOS ANDES<\/strong>.- Este mi\u00e9rcoles 13 de junio, de 15:00 a 18:00 horas, el operativo Municipio m\u00e1s Cerca de Ti atender\u00e1 a los vecinos de la Poblaci\u00f3n Cristo Redentor y sus alrededores, en el sector oriente de la ciudad.<\/p>\n<p>Los servicios municipales salen a los barrios, como es habitual, con atenci\u00f3n jur\u00eddica, de asistentes sociales, confecci\u00f3n de la Ficha de Protecci\u00f3n Social y los diferentes departamentos municipales -con su personal profesional-, dispuestos a brindar una atenci\u00f3n eficaz, oportuna y r\u00e1pida, ante cualquier inquietud o tr\u00e1mite que las personas necesiten realizar.<\/p>\n<p>En la oportunidad los dirigentes sociales junto a los vecinos y vecinas, tendr\u00e1n la posibilidad de plantear al municipio -en la Asamblea Vecinal- los problemas que los aquejan, en busca de soluciones a las cuales se compromete el alcalde Mauricio Navarro mediante la firma de un compromiso.<\/p>\n<p>La semana pasada el operativo \u2018Municipio m\u00e1s Cerca de Ti\u2019 lleg\u00f3 hasta la Poblaci\u00f3n Alonso de Ercilla, donde realiz\u00f3 un n\u00famero cercano a las 400 atenciones, que involucraron desde el cuidado personal en las \u00e1reas de peluquer\u00eda y manicure, hasta tr\u00e1mites para obtener el subsidio del agua potable, entre otras.<\/p>\n<p>Por otra parte, durante la asamblea vecinal en la cual participaron m\u00e1s de 60 personas, se plantearon a la autoridad inquietudes tales como la reparaci\u00f3n de veredas, se\u00f1al\u00e9ticas, iluminaci\u00f3n de espacios p\u00fablicos, problemas con las ramas de los \u00e1rboles que alcanzan el tendido el\u00e9ctrico, mal estado de los pavimentos, problemas con el Terminal de microbuses, el mal estado de las matrices del agua potable y la limpieza de las \u00e1reas verdes del sector. El operativo contempl\u00f3, adem\u00e1s, la participaci\u00f3n de la PDI, Carabineros y Bomberos.<\/p>\n<p>&nbsp;<\/p>\n","protected":false},"excerpt":{"rendered":"<p>LOS ANDES.- Este mi\u00e9rcoles 13 de junio, de 15:00 a 18:00 horas, el operativo Municipio m\u00e1s Cerca de Ti atender\u00e1 a los vecinos de la Poblaci\u00f3n Cristo Redentor y sus alrededores, en&#8230;<\/p>\n","protected":false},"author":1,"featured_media":19271,"comment_status":"open","ping_status":"closed","sticky":false,"template":"","format":"standard","meta":{"advanced_seo_description":"","jetpack_seo_html_title":"","jetpack_seo_noindex":false,"_jetpack_memberships_contains_paid_content":false,"footnotes":""},"categories":[1],"tags":[],"class_list":["post-19270","post","type-post","status-publish","format-standard","has-post-thumbnail","hentry","category-cronica"],"jetpack_featured_media_url":"https:\/\/i0.wp.com\/eltrabajo.cl\/portal\/wp-content\/uploads\/2012\/06\/A.-DE-ERCILLA.jpg?fit=600%2C400&ssl=1","jetpack_sharing_enabled":true,"jetpack_likes_enabled":true,"jetpack-related-posts":[],"_links":{"self":[{"href":"https:\/\/eltrabajo.cl\/portal\/wp-json\/wp\/v2\/posts\/19270","targetHints":{"allow":["GET"]}}],"collection":[{"href":"https:\/\/eltrabajo.cl\/portal\/wp-json\/wp\/v2\/posts"}],"about":[{"href":"https:\/\/eltrabajo.cl\/portal\/wp-json\/wp\/v2\/types\/post"}],"author":[{"embeddable":true,"href":"https:\/\/eltrabajo.cl\/portal\/wp-json\/wp\/v2\/users\/1"}],"replies":[{"embeddable":true,"href":"https:\/\/eltrabajo.cl\/portal\/wp-json\/wp\/v2\/comments?post=19270"}],"version-history":[{"count":0,"href":"https:\/\/eltrabajo.cl\/portal\/wp-json\/wp\/v2\/posts\/19270\/revisions"}],"wp:featuredmedia":[{"embeddable":true,"href":"https:\/\/eltrabajo.cl\/portal\/wp-json\/wp\/v2\/media\/19271"}],"wp:attachment":[{"href":"https:\/\/eltrabajo.cl\/portal\/wp-json\/wp\/v2\/media?parent=19270"}],"wp:term":[{"taxonomy":"category","embeddable":true,"href":"https:\/\/eltrabajo.cl\/portal\/wp-json\/wp\/v2\/categories?post=19270"},{"taxonomy":"post_tag","embeddable":true,"href":"https:\/\/eltrabajo.cl\/portal\/wp-json\/wp\/v2\/tags?post=19270"}],"curies":[{"name":"wp","href":"https:\/\/api.w.org\/{rel}","templated":true}]}}